{"id":352484,"date":"2025-08-29T16:14:15","date_gmt":"2025-08-29T16:14:15","guid":{"rendered":"https:\/\/www.europesays.com\/fr\/352484\/"},"modified":"2025-08-29T16:14:15","modified_gmt":"2025-08-29T16:14:15","slug":"les-restaurants-quon-a-testes-et-aimes-en-aout-a-lille-et-autour-29-08-2025","status":"publish","type":"post","link":"https:\/\/www.europesays.com\/fr\/352484\/","title":{"rendered":"Les restaurants qu&rsquo;on a test\u00e9s (et aim\u00e9s) en ao\u00fbt \u00e0 Lille et autour &#8211; 29\/08\/2025"},"content":{"rendered":"<p>\n        \u00c7a\u00a0y est le mois d&rsquo;ao\u00fbt est pass\u00e9 et on en a bien profit\u00e9 pour se remplir la panse. On a pu go\u00fbter des brunchs \u00e0 gogo, un restaurant italien, un spot de ramen, etc. On vous fait le point sur ces restos qu&rsquo;on a test\u00e9s et valid\u00e9s \u00e0 Lille et ses alentours.<\/p>\n<p>  Aur\u00e9a Brunch<\/p>\n<p>Deux s\u0153urs, Amandine et Ana\u00efs, passionn\u00e9es de douceurs sucr\u00e9es et employ\u00e9es de <a target=\"_blank\" href=\"https:\/\/www.instagram.com\/chez_lou_lille\/\" rel=\"nofollow noopener\">Chez Lou<\/a>, ont lanc\u00e9\u00a0<a target=\"_blank\" href=\"https:\/\/www.instagram.com\/aurea_brunch\/\" rel=\"nofollow noopener\">Aur\u00e9a Brunch<\/a>\u00a0dans les locaux de la pizzeria, rue Gambetta. Soutenues par leur boss, elles proposent une carte accessible et vari\u00e9e de plats sucr\u00e9s et sal\u00e9s, tous faits maison. Le brunch a lieu chaque samedi et dimanche matin.<\/p>\n<p>La formule \u00e0 21,90\u20ac comprend : une boisson fra\u00eeche et chaude, un plat sal\u00e9 et un plat sucr\u00e9. Mais vous pouvez aussi commander \u00e0 la carte. Le brunch peut se manger sur place ou \u00e0 emporter (r\u00e9servation conseill\u00e9e).\u00a0Et si vous pr\u00e9f\u00e9rez des pizzas, vous pouvez toujours en commander, m\u00eame les jours de brunch.\u00a0<\/p>\n<p>\ud83d\udc49 <a target=\"_blank\" href=\"https:\/\/www.instagram.com\/reel\/DM22TqXskw3\/\" rel=\"nofollow noopener\">Notre r\u00e9el<\/a><\/p>\n<p>\ud83d\udccd<a target=\"_blank\" href=\"https:\/\/www.google.fr\/maps\/place\/172+Rue+L%C3%A9on+Gambetta,+59000+Lille\/@50.629332,3.0514209,17z\/data=!3m1!4b1!4m6!3m5!1s0x47c2d583323edb51:0x95e47e29ed94baad!8m2!3d50.629332!4d3.0539958!16s%2Fg%2F11rg66l8x9?entry=ttu&amp;g_ep=EgoyMDI1MDgxMy4wIKXMDSoASAFQAw%3D%3D\" rel=\"nofollow noopener\">172 rue L\u00e9on-Gambetta, Lille<\/a><br \/>\ud83d\udd51 samedi et dimanche matin de 8h \u00e0 14h<\/p>\n<p>  Calico Caf\u00e9<\/p>\n<p>A\u00efka, Luca et Fabio Amabile, le trio qui a boss\u00e9 dans plusieurs spots gourmands bien connus des Lillois\u00b7es, a ouvert son coffee shop sur le boulevard Carnot :\u00a0<a target=\"_blank\" href=\"https:\/\/www.instagram.com\/calicolille\/\" rel=\"nofollow noopener\">Calico Caf\u00e9<\/a>. La sp\u00e9cialit\u00e9 ici c&rsquo;est le brunch mais la particularit\u00e9 c&rsquo;est la diversit\u00e9 de ceux qui y sont propos\u00e9s : australien, anglais, am\u00e9ricain, etc.\u00a0<\/p>\n<p>C\u00f4t\u00e9 sal\u00e9, on peut manger par exemple des avocado toasts ou des turkish eggs. C\u00f4t\u00e9 sucr\u00e9, il y a un peanut butter &amp; banana toast ou encore un granola bowl. Et la carte des boissons est riche (il y en a m\u00eame une pour nos amis les toutous).\u00a0<\/p>\n<p>Le spot dispose d&rsquo;une vingtaine de places \u00e0 l&rsquo;int\u00e9rieur mais aussi une grosse dizaine en terrasse pour profiter du beau temps.\u00a0<\/p>\n<p>\ud83d\udc49 <a target=\"_blank\" href=\"https:\/\/www.instagram.com\/reel\/DNTRGxfuh05\/\" rel=\"nofollow noopener\">Notre r\u00e9el<\/a><\/p>\n<p>\ud83d\udccd <a target=\"_blank\" href=\"https:\/\/www.google.fr\/maps\/place\/25+Bd+Carnot,+59000+Lille\/@50.6386464,3.0627355,17z\/data=!3m1!4b1!4m6!3m5!1s0x47c2d5882503d1df:0x127d3c1430ffba68!8m2!3d50.6386464!4d3.0653104!16s%2Fg%2F11nnkwmv9l?entry=ttu&amp;g_ep=EgoyMDI1MDgxMy4wIKXMDSoASAFQAw%3D%3D\" rel=\"nofollow noopener\">25 boulevard Carnot, Lille<\/a><br \/>\ud83d\udd67 ouvert tous les jours de 7h \u00e0 17h30<\/p>\n<p>  Posto<\/p>\n<p>Pap\u00e0 Posto s&rsquo;est transform\u00e9 en Posto.\u00a0L&rsquo;\u00e9quipe de la Pap\u00e0 Famiglia a r\u00e9alis\u00e9 des travaux dans son local rue Saint-Jacques pour faire de\u00a0<a target=\"_blank\" href=\"https:\/\/www.instagram.com\/posto_lille\/\" rel=\"nofollow noopener\">Posto<\/a>\u00a0non seulement un lieu o\u00f9 manger sur le pouce et partager de bonnes bruschettas mais aussi un v\u00e9ritable bistrot napolitain o\u00f9 on peut manger des plats travaill\u00e9s le midi, cuisin\u00e9s par Axel, le chef.\u00a0<\/p>\n<p>Les produits viennent majoritairement d&rsquo;Italie et les fruits et l\u00e9gumes sont locaux. La carte \u00e9voluera au fil des saisons, m\u00eame si la sauce tomate restera, elle, incontournable. On a go\u00fbt\u00e9 les gnocchis cacio pepe et les meatballs pomodoro, c&rsquo;est clairement valid\u00e9.<\/p>\n<p>\ud83d\udc49 <a target=\"_blank\" href=\"https:\/\/www.instagram.com\/p\/DNiE_76snKf\/\" rel=\"nofollow noopener\">Notre r\u00e9el<\/a><\/p>\n<p>\ud83d\udccd <a target=\"_blank\" href=\"https:\/\/www.google.com\/maps\/place\/\/data=!4m2!3m1!1s0x47c32a77c1840001:0x4098d9a9cda24857?sa=X&amp;ved=1t:8290&amp;ictx=111\" rel=\"nofollow noopener\">16 bis Place du Lion d&rsquo;Or<\/a>, Lille<br \/>\ud83d\udd67 ouvert tous les jours midi et soir<br \/>\ud83d\udcb6 les plats le midi sont entre 11\u20ac et 16\u20ac, les bruschettas et assiettes le soir sont entre 7\u20ac et 16\u20ac et les desserts entre 5,50\u20ac et 7,50\u20ac<\/p>\n<p>  Le Restaurant by The Babel Community<\/p>\n<p>The Babel Community, c&rsquo;est des r\u00e9sidences avec des apparts meubl\u00e9s, des espaces de coworking, des restaurants, des salles de sport, etc. Le spot XXL a d\u00e9barqu\u00e9 \u00e0 c\u00f4t\u00e9 de Lille, \u00e0 Villeneuve-d&rsquo;Ascq dans le quartier des Pr\u00e9s.<\/p>\n<p>Au c\u0153ur de la r\u00e9sidence il y a donc\u00a0<a target=\"_blank\" href=\"https:\/\/www.instagram.com\/babellille.restaurant\/\" rel=\"nofollow noopener\">LE RESTAURANT<\/a>, ouvert \u00e0 toutes et \u00e0 tous. Le midi c&rsquo;est pause d\u00e9j&rsquo; et le soir assiettes \u00e0 partager. Les produits sont au max frais et de saison. Comptez 15\u20ac pour la viande et le burger, 18\u20ac pour le poisson. Les accompagnements (salade, p\u00e2tes, frites, etc..) sont entre 3\u20ac et 6\u20ac. C\u00f4t\u00e9 boissons il y a des bi\u00e8res, du vin et des softs, et aussi des desserts qui co\u00fbtent entre 6\u20ac et 9\u20ac. On a go\u00fbt\u00e9 l&rsquo;onglet de b\u0153uf Angus avec un mille-feuille de pommes de terre, ainsi que le burger au comt\u00e9 et ses frites maison et c&rsquo;\u00e9tait vraiment tr\u00e8s bon.<\/p>\n<p>\ud83d\udc49 <a target=\"_blank\" href=\"https:\/\/www.instagram.com\/p\/DNnO3nSN4YS\/\" rel=\"nofollow noopener\">Notre r\u00e9el<\/a><\/p>\n<p>\ud83d\udccd 1 rue Papin, Villeneuve-d\u2019Ascq<br \/>\ud83d\udd67 ouvert du lundi au samedi de 7h \u00e0 22h et le dimanche de 7h \u00e0 10h<\/p>\n<p>  La Part du Lion<\/p>\n<p><a target=\"_blank\" href=\"https:\/\/www.instagram.com\/lapartdulion\/\" rel=\"nofollow noopener\">La Part du Lion<\/a>\u00a0c&rsquo;est le nouveau resto en face du jardin Vauban \u00e0 Lille. La cuisine est fran\u00e7aise, locale, de saison, avec un vrai focus sur les l\u00e9gumes. La carte \u00e9voluera toutes les 3 \u00e0 4 semaines. On a go\u00fbt\u00e9 par exemple des poivrons confits en entr\u00e9e, des courgettes r\u00f4ties avec de la polenta en plat et du fontainebleau aux prunes et au pesto en dessert.<\/p>\n<p>Le lieu est tr\u00e8s sympa, on est plong\u00e9\u00b7es dans une ambiance bistrot de quartier et il y a de la place avec 80 couverts en int\u00e9rieur et la possibilit\u00e9 d&rsquo;installer une terrasse.\u00a0On vous conseille ce spot si vous souhaitez manger sain.<\/p>\n<p>\ud83d\udc49 <a target=\"_blank\" href=\"https:\/\/www.instagram.com\/p\/DN3VDJJWP3q\/\" rel=\"nofollow noopener\">Notre r\u00e9el<\/a><\/p>\n<p>\ud83d\udccd 1 bd Vauban \u00e0 Lille<br \/>\ud83d\udd51 de 12h \u00e0 23h mercredi et jeudi, jusqu&rsquo;\u00e0 minuit vendredi et samedi et jusqu&rsquo;\u00e0 18h le dimanche<\/p>\n<p>  Ramen Oden<\/p>\n<p>Pascal, un des fils de la famille Zhu, a voulu ouvrir un 2\u00e8me resto apr\u00e8s Maison Ramen avec plus de sp\u00e9cialit\u00e9s japonaises :\u00a0<a target=\"_blank\" href=\"https:\/\/www.instagram.com\/ramen.oden\/\" rel=\"nofollow noopener\">Ramen Oden<\/a>. On y trouve notamment des ramen, des donburi, des curry et leur pot-au-feu japonais, le oden.\u00a0<\/p>\n<p>Pour ce qui est des prix, les entr\u00e9es (karaage, takoyaki, tempuras, &#8230;) varient entre 3,90\u20ac et 6,90\u20ac, pour les ramen on est \u00e0 13,90\u20ac sans \u0153uf ou 15,50\u20ac avec, pour les autres plats (oden, curry, donburi, ..) comptez entre 14,50\u20ac et 16,90\u20ac, et les desserts (mochis glac\u00e9s, taiyaki) entre 3,50\u20ac et 6\u20ac. \ud83c\udf5b<\/p>\n<p>\ud83d\udc49 <a target=\"_blank\" href=\"https:\/\/www.instagram.com\/p\/DN71SrTjJuk\/\" rel=\"nofollow noopener\">Notre r\u00e9el<\/a><\/p>\n<p>\ud83d\udccd159 rue Pierre Mauroy, Lille<br \/>\ud83d\udd50 ouvert du lundi au samedi de 12h \u00e0 14h30 et de 19h \u00e0 22h30<\/p>\n<p>    <script async src=\"\/\/www.instagram.com\/embed.js\"><\/script><\/p>\n","protected":false},"excerpt":{"rendered":"\u00c7a\u00a0y est le mois d&rsquo;ao\u00fbt est pass\u00e9 et on en a bien profit\u00e9 pour se remplir la panse.&hellip;\n","protected":false},"author":2,"featured_media":352485,"comment_status":"","ping_status":"","sticky":false,"template":"","format":"standard","meta":{"footnotes":""},"categories":[2815],"tags":[1111,11,1777,674,1011,27,811,1307,12,25],"class_list":{"0":"post-352484","1":"post","2":"type-post","3":"status-publish","4":"format-standard","5":"has-post-thumbnail","7":"category-lille","8":"tag-actu","9":"tag-actualites","10":"tag-eu","11":"tag-europe","12":"tag-fr","13":"tag-france","14":"tag-hauts-de-france","15":"tag-lille","16":"tag-news","17":"tag-republique-francaise"},"share_on_mastodon":{"url":"https:\/\/pubeurope.com\/@fr\/115112946447487233","error":""},"_links":{"self":[{"href":"https:\/\/www.europesays.com\/fr\/wp-json\/wp\/v2\/posts\/352484","targetHints":{"allow":["GET"]}}],"collection":[{"href":"https:\/\/www.europesays.com\/fr\/wp-json\/wp\/v2\/posts"}],"about":[{"href":"https:\/\/www.europesays.com\/fr\/wp-json\/wp\/v2\/types\/post"}],"author":[{"embeddable":true,"href":"https:\/\/www.europesays.com\/fr\/wp-json\/wp\/v2\/users\/2"}],"replies":[{"embeddable":true,"href":"https:\/\/www.europesays.com\/fr\/wp-json\/wp\/v2\/comments?post=352484"}],"version-history":[{"count":0,"href":"https:\/\/www.europesays.com\/fr\/wp-json\/wp\/v2\/posts\/352484\/revisions"}],"wp:featuredmedia":[{"embeddable":true,"href":"https:\/\/www.europesays.com\/fr\/wp-json\/wp\/v2\/media\/352485"}],"wp:attachment":[{"href":"https:\/\/www.europesays.com\/fr\/wp-json\/wp\/v2\/media?parent=352484"}],"wp:term":[{"taxonomy":"category","embeddable":true,"href":"https:\/\/www.europesays.com\/fr\/wp-json\/wp\/v2\/categories?post=352484"},{"taxonomy":"post_tag","embeddable":true,"href":"https:\/\/www.europesays.com\/fr\/wp-json\/wp\/v2\/tags?post=352484"}],"curies":[{"name":"wp","href":"https:\/\/api.w.org\/{rel}","templated":true}]}}