{"id":352486,"date":"2025-08-29T16:15:12","date_gmt":"2025-08-29T16:15:12","guid":{"rendered":"https:\/\/www.europesays.com\/fr\/352486\/"},"modified":"2025-08-29T16:15:12","modified_gmt":"2025-08-29T16:15:12","slug":"monument-aux-fusilles-restaure-actualites","status":"publish","type":"post","link":"https:\/\/www.europesays.com\/fr\/352486\/","title":{"rendered":"Monument aux Fusill\u00e9s restaur\u00e9 \/ Actualit\u00e9s"},"content":{"rendered":"<p>Engag\u00e9e \u00e0 pr\u00e9server le patrimoine monumental des Lillois,\u00a0<strong>la Ville de Lille veille continuellement \u00e0\u00a0la restauration et \u00e0 l\u2019entretien des statuaires de la collection publique municipale<\/strong>. Chaque intervention s\u2019appuie sur un diagnostic men\u00e9 par des restaurateurs sp\u00e9cialis\u00e9s, afin d\u2019intervenir de mani\u00e8re pr\u00e9ventive sur les \u0153uvres et, lorsque n\u00e9cessaire, conduire des restaurations plus approfondies.<\/p>\n<p><strong>C\u2019est dans ce cadre que la Ville de Lille engage, de la fin ao\u00fbt \u00e0 l&rsquo;automne, la restauration curative du\u00a0Monument aux Fusill\u00e9s\u00a0implant\u00e9 dans le square Daubenton.<\/strong><\/p>\n<p>Pr\u00e9server la m\u00e9moire des r\u00e9sistants lillois<\/p>\n<p>Ce monument embl\u00e9matique rend hommage \u00e0\u00a0<strong>cinq r\u00e9sistants lillois de la Premi\u00e8re Guerre mondiale, fusill\u00e9s par l\u2019occupant allemand en 1915<\/strong>\u00a0: quatre membres du comit\u00e9 Jacquet (le commer\u00e7ant Georges Maertens, le lieutenant Ernest Deceuninck, l\u2019ouvrier belge Sylv\u00e8re Verhulst et le marchand de vin et secr\u00e9taire d\u00e9partemental de la Ligue des Droits de l\u2019Homme, Eug\u00e8ne Jacquet) ainsi que le jeune <a href=\"https:\/\/www.lille.fr\/Actualites\/Qui-est-Leon-Trulin\" target=\"_self\" class=\"lien_interne\" rel=\"noopener\">L\u00e9on Trulin<\/a>.<\/p>\n<p>Erig\u00e9e en 1927 par le sculpteur F\u00e9lix Desruelles \u00e0 la demande du Conseil municipal de Lille, l\u2019\u0153uvre t\u00e9moigne du courage de ces jeunes hommes qui ont r\u00e9sist\u00e9 d\u00e8s les premi\u00e8res heures de l\u2019occupation. D\u00e9truit \u00e0 la pioche par les Allemands durant la Seconde Guerre mondiale,\u00a0<strong>le monument est reconstruit \u00e0 l\u2019identique puis install\u00e9 \u00e0 son emplacement actuel, \u00e0 l\u2019extr\u00e9mit\u00e9 du boulevard de la Libert\u00e9, en 1960.<\/strong><\/p>\n<p><strong>            <img src-full=\"\/var\/www\/storage\/images\/mediatheque\/mairie-de-lille\/actualites\/images\/2025\/septembre-2025\/monument-aux-fusilles-lillois2\/3840334-1-fre-FR\/Monument-aux-Fusilles-lillois.jpg\" data-caption-full=\"Lille. - Monument aux Fusill\u00e9s. - 7Fi 279 - Lot 1 - M\u00e9dia 1 - \u00a9 Archives municipales de Lille\" width=\"465\" height=\"295\" alt=\"Monument aux Fusill\u00e9s lillois\" title=\"Monument aux Fusill\u00e9s lillois\" class=\"align-\"\/><br \/>\n    <\/strong><\/p>\n<p>Une restauration pr\u00e9ventive et curative<\/p>\n<p>Expos\u00e9e depuis des d\u00e9cennies aux intemp\u00e9ries et \u00e0 la pollution urbaine, le monument pr\u00e9sentait un encrassement alt\u00e9rant l\u2019\u00e9clat de la pierre et la lisibilit\u00e9 de la sc\u00e8ne. La Ville de Lille a donc d\u00e9cid\u00e9 d\u2019engager sa restauration curative qu\u2019elle a confi\u00e9e \u00e0 l\u2019<strong>Atelier du Rouge Gorge \u2013 Sophie-Jeanne Vidal.<\/strong><\/p>\n<p><strong>Les travaux se d\u00e9rouleront en deux temps.\u00a0<\/strong><\/p>\n<ul class=\"listPuce\">\n<li>Fin ao\u00fbt,\u00a0<strong>un traitement biocide visant \u00e0 \u00e9liminer les micro-organismes \u2013 mousses, lichens, algues \u2013 sera appliqu\u00e9 sur l\u2019\u0153uvre<\/strong>\u00a0avec des produits s\u00e9lectionn\u00e9s pour leurs faibles impact sur l\u2019environnement et leur conformit\u00e9 aux normes europ\u00e9ennes. Apr\u00e8s la pulv\u00e9risation,\u00a0<strong>le monument sera emball\u00e9 pendant trois semaines\u00a0<\/strong>pour que le traitement puisse agir.<\/li>\n<\/ul>\n<ul class=\"listPuce\">\n<li>Fin septembre, le chantier de restauration reprendra par le nettoyage du traitement.\u00a0<strong>Le monument sera ensuite sabl\u00e9, puis la restauratrice \u2013 Sophie-Jeanne Vidal \u2013 comblera \u00e0 la main les fissures avec du mortier, avant d\u2019appliquer une patine de chaux.<\/strong><\/li>\n<\/ul>\n<p>Un chantier s\u00e9curis\u00e9 accompagn\u00e9 de panneaux d\u2019information<\/p>\n<p>Pour permettre aux op\u00e9rations de se d\u00e9rouler dans les meilleures conditions,\u00a0<strong>les abords du monument seront ferm\u00e9s et s\u00e9curis\u00e9s<\/strong>\u00a0par des grilles HERAS cadenass\u00e9es pendant toute la dur\u00e9e du chantier, soit cinq semaines, \u00e0 partir de ce week-end. L\u2019emballage de l\u2019\u0153uvre, n\u00e9cessaire au traitement, sera notamment visible durant le week-end de la Braderie et la Foire aux Man\u00e8ges.<\/p>\n<p>Afin d\u2019expliquer cette intervention et de valoriser ce patrimoine aupr\u00e8s des Lillois comme des visiteurs,\u00a0<strong>des panneaux d\u2019information seront install\u00e9s sur le grillage et pr\u00e9senteront l\u2019histoire du monument, la m\u00e9moire des r\u00e9sistants qu\u2019il honore, ainsi que les grandes \u00e9tapes de sa restauration.<\/strong><\/p>\n<p>Pr\u00e9server et transmettre la m\u00e9moire<\/p>\n<p>Avec cette op\u00e9ration,\u00a0<strong>la Ville de Lille poursuit son engagement pour la pr\u00e9servation du patrimoine historique et m\u00e9moriel.<\/strong>\u00a0Elle veille ainsi \u00e0 transmettre aux g\u00e9n\u00e9rations futures le souvenir des combats pour la libert\u00e9 men\u00e9s par les r\u00e9sistants lillois de 1915.<\/p>\n","protected":false},"excerpt":{"rendered":"Engag\u00e9e \u00e0 pr\u00e9server le patrimoine monumental des Lillois,\u00a0la Ville de Lille veille continuellement \u00e0\u00a0la restauration et \u00e0 l\u2019entretien&hellip;\n","protected":false},"author":2,"featured_media":352487,"comment_status":"","ping_status":"","sticky":false,"template":"","format":"standard","meta":{"footnotes":""},"categories":[2815],"tags":[1111,11,4763,1777,674,1011,27,811,1307,5415,12,25],"class_list":{"0":"post-352486","1":"post","2":"type-post","3":"status-publish","4":"format-standard","5":"has-post-thumbnail","7":"category-lille","8":"tag-actu","9":"tag-actualites","10":"tag-agenda","11":"tag-eu","12":"tag-europe","13":"tag-fr","14":"tag-france","15":"tag-hauts-de-france","16":"tag-lille","17":"tag-mairie","18":"tag-news","19":"tag-republique-francaise"},"share_on_mastodon":{"url":"https:\/\/pubeurope.com\/@fr\/115112950079337620","error":""},"_links":{"self":[{"href":"https:\/\/www.europesays.com\/fr\/wp-json\/wp\/v2\/posts\/352486","targetHints":{"allow":["GET"]}}],"collection":[{"href":"https:\/\/www.europesays.com\/fr\/wp-json\/wp\/v2\/posts"}],"about":[{"href":"https:\/\/www.europesays.com\/fr\/wp-json\/wp\/v2\/types\/post"}],"author":[{"embeddable":true,"href":"https:\/\/www.europesays.com\/fr\/wp-json\/wp\/v2\/users\/2"}],"replies":[{"embeddable":true,"href":"https:\/\/www.europesays.com\/fr\/wp-json\/wp\/v2\/comments?post=352486"}],"version-history":[{"count":0,"href":"https:\/\/www.europesays.com\/fr\/wp-json\/wp\/v2\/posts\/352486\/revisions"}],"wp:featuredmedia":[{"embeddable":true,"href":"https:\/\/www.europesays.com\/fr\/wp-json\/wp\/v2\/media\/352487"}],"wp:attachment":[{"href":"https:\/\/www.europesays.com\/fr\/wp-json\/wp\/v2\/media?parent=352486"}],"wp:term":[{"taxonomy":"category","embeddable":true,"href":"https:\/\/www.europesays.com\/fr\/wp-json\/wp\/v2\/categories?post=352486"},{"taxonomy":"post_tag","embeddable":true,"href":"https:\/\/www.europesays.com\/fr\/wp-json\/wp\/v2\/tags?post=352486"}],"curies":[{"name":"wp","href":"https:\/\/api.w.org\/{rel}","templated":true}]}}