{"id":352488,"date":"2025-08-29T16:16:09","date_gmt":"2025-08-29T16:16:09","guid":{"rendered":"https:\/\/www.europesays.com\/fr\/352488\/"},"modified":"2025-08-29T16:16:09","modified_gmt":"2025-08-29T16:16:09","slug":"un-guide-gratuit-pour-redecouvrir-pres-de-400-adresses-de-la-gastronomie-marseillaise","status":"publish","type":"post","link":"https:\/\/www.europesays.com\/fr\/352488\/","title":{"rendered":"Un guide gratuit pour (re)d\u00e9couvrir pr\u00e8s de 400 adresses de la gastronomie marseillaise"},"content":{"rendered":"<p>Son autrice, V\u00e9rane Frediani, et son \u00e9diteur, l&rsquo;Office de Tourisme et des Congr\u00e8s de Marseille, l&rsquo;ont pens\u00e9 comme un vade-mecum \u00e0 glisser dans une poche. Le guide gratuit Marseille gourmande se pr\u00e9sente en petit format, disponible \u00e0 l&rsquo;Office de Tourisme en version fran\u00e7aise (5 000 exemplaires) ou anglaise (3 000).<\/p>\n<p>Historiques et nouvelles adresses<\/p>\n<p>Au fil d&rsquo;un classement par arrondissement (les seize que compte la ville y sont pr\u00e9sents), les 160 restaurants, snacks, caves ou \u00e9piceries \u00e0 manger y ont droit \u00e0 un petit la\u00efus ; les 200 commerces de bouche sont simplement r\u00e9pertori\u00e9s avec leurs coordonn\u00e9es.<\/p>\n<p>On trouve l\u00e0 tout \u00e0 la fois des classiques et des historiques de la ville (Les Arcenaulx, Chez Yassine, \u00c9tienne ou Michel, le Bobolivo&#8230;), les \u00e9toil\u00e9s au Michelin, la cohorte de la nouvelle bistronomie marseillaise (Le Livingston, Les Rigoles, Caterine&#8230;) et quelques bonnes adresses plus discr\u00e8tes (Les Jardins du clo\u00eetre, Nguyen Hoang, A Moro&#8230;).<\/p>\n<p>Pour les touristes et pour les Marseillais<\/p>\n<p>Pour cette seconde \u00e9dition, c&rsquo;est donc V\u00e9rane Frediani, l&rsquo;autrice du livre Marseille cuisine le monde, qui a jou\u00e9 les t\u00eates chercheuses. Elle l&rsquo;a voulue comme un guide pour les touristes, \u00ab\u00a0mais aussi&#8230;<\/p>\n","protected":false},"excerpt":{"rendered":"Son autrice, V\u00e9rane Frediani, et son \u00e9diteur, l&rsquo;Office de Tourisme et des Congr\u00e8s de Marseille, l&rsquo;ont pens\u00e9 comme&hellip;\n","protected":false},"author":2,"featured_media":352489,"comment_status":"","ping_status":"","sticky":false,"template":"","format":"standard","meta":{"footnotes":""},"categories":[2814],"tags":[48902,17,10851,1111,11,3979,1777,674,1011,27,326,4463,884,12,471,3762,882,16,25],"class_list":{"0":"post-352488","1":"post","2":"type-post","3":"status-publish","4":"format-standard","5":"has-post-thumbnail","7":"category-marseille","8":"tag-re","9":"tag-17","10":"tag-10851","11":"tag-actu","12":"tag-actualites","13":"tag-decouvrir","14":"tag-eu","15":"tag-europe","16":"tag-fr","17":"tag-france","18":"tag-gratuit","19":"tag-guide","20":"tag-marseille","21":"tag-news","22":"tag-pour","23":"tag-pres","24":"tag-provence-alpes-cote-dazur","25":"tag-region","26":"tag-republique-francaise"},"share_on_mastodon":{"url":"https:\/\/pubeurope.com\/@fr\/115112954093191726","error":""},"_links":{"self":[{"href":"https:\/\/www.europesays.com\/fr\/wp-json\/wp\/v2\/posts\/352488","targetHints":{"allow":["GET"]}}],"collection":[{"href":"https:\/\/www.europesays.com\/fr\/wp-json\/wp\/v2\/posts"}],"about":[{"href":"https:\/\/www.europesays.com\/fr\/wp-json\/wp\/v2\/types\/post"}],"author":[{"embeddable":true,"href":"https:\/\/www.europesays.com\/fr\/wp-json\/wp\/v2\/users\/2"}],"replies":[{"embeddable":true,"href":"https:\/\/www.europesays.com\/fr\/wp-json\/wp\/v2\/comments?post=352488"}],"version-history":[{"count":0,"href":"https:\/\/www.europesays.com\/fr\/wp-json\/wp\/v2\/posts\/352488\/revisions"}],"wp:featuredmedia":[{"embeddable":true,"href":"https:\/\/www.europesays.com\/fr\/wp-json\/wp\/v2\/media\/352489"}],"wp:attachment":[{"href":"https:\/\/www.europesays.com\/fr\/wp-json\/wp\/v2\/media?parent=352488"}],"wp:term":[{"taxonomy":"category","embeddable":true,"href":"https:\/\/www.europesays.com\/fr\/wp-json\/wp\/v2\/categories?post=352488"},{"taxonomy":"post_tag","embeddable":true,"href":"https:\/\/www.europesays.com\/fr\/wp-json\/wp\/v2\/tags?post=352488"}],"curies":[{"name":"wp","href":"https:\/\/api.w.org\/{rel}","templated":true}]}}