{"id":352494,"date":"2025-08-29T16:19:12","date_gmt":"2025-08-29T16:19:12","guid":{"rendered":"https:\/\/www.europesays.com\/fr\/352494\/"},"modified":"2025-08-29T16:19:12","modified_gmt":"2025-08-29T16:19:12","slug":"mango-teen-ouvre-a-lyon-sa-premiere-adresse-en-france","status":"publish","type":"post","link":"https:\/\/www.europesays.com\/fr\/352494\/","title":{"rendered":"Mango Teen ouvre \u00e0 Lyon sa premi\u00e8re adresse en France"},"content":{"rendered":"<p class=\"article-content col-md-8 offset-md-1\">\n                                Ce n&rsquo;est pas la capitale que <a class=\"fnwAddLinks\" href=\"https:\/\/fr.fashionnetwork.com\/tags-mango\" title=\"Mango\" target=\"_blank\" rel=\"noopener\">Mango<\/a> a identifi\u00e9e pour inaugurer dans l&rsquo;Hexagone son premier \u00e9crin d\u00e9di\u00e9 \u00e0 son offre mode pour les adolescentes. Mango Teen ouvre en effet \u00e0 Lyon ce 29 ao\u00fbt au sein du centre commercial de Westfield La <a class=\"fnwAddLinks\" href=\"https:\/\/fr.fashionnetwork.com\/tags-part-dieu\" title=\"Part-Dieu\" target=\"_blank\" rel=\"noopener\">Part-Dieu<\/a>. Un site de shopping tr\u00e8s fr\u00e9quent\u00e9 o\u00f9 elle teste donc ce format en pleine expansion \u00e0 travers l&rsquo;Europe. La France \u00e9tant le quatri\u00e8me march\u00e9 sur lequel il se d\u00e9ploie.<img decoding=\"async\" class=\"news-image\" style=\"width:100%;\" src=\"https:\/\/www.europesays.com\/fr\/wp-content\/uploads\/2025\/08\/d08e.jpg\" alt=\"La devanture de ce nouveau magasin lyonnais\" loading=\"lazy\"\/>La devanture de ce nouveau magasin lyonnais &#8211; MangoProposant des v\u00eatements mais aussi des chaussures et des accessoires, le magasin Mango Teen de Lyon s&rsquo;\u00e9tend sur pr\u00e8s 250 m\u00e8tres carr\u00e9s dans ce centre o\u00f9 la marque phare Mango vient \u00e9galement de se refaire une beaut\u00e9 en d\u00e9ployant sur plus de 700 m\u00e8tres carr\u00e9s ses offres femme, homme et enfant.\n                            <\/p>\n<p>\n                                Tous droits de reproduction et de repr\u00e9sentation r\u00e9serv\u00e9s.<br \/>\u00a9 2025 FashionNetwork.com\n                            <\/p>\n","protected":false},"excerpt":{"rendered":"Ce n&rsquo;est pas la capitale que Mango a identifi\u00e9e pour inaugurer dans l&rsquo;Hexagone son premier \u00e9crin d\u00e9di\u00e9 \u00e0&hellip;\n","protected":false},"author":2,"featured_media":352495,"comment_status":"","ping_status":"","sticky":false,"template":"","format":"standard","meta":{"footnotes":""},"categories":[1889],"tags":[1111,11,2430,2424,537,2423,1777,674,1011,27,2425,2428,48905,985,12,2298,6125,2426,2427,25,2421,2422,48642],"class_list":{"0":"post-352494","1":"post","2":"type-post","3":"status-publish","4":"format-standard","5":"has-post-thumbnail","7":"category-lyon","8":"tag-actu","9":"tag-actualites","10":"tag-auvergne-rhone-alpes","11":"tag-beaute","12":"tag-contact","13":"tag-cosmetiques","14":"tag-eu","15":"tag-europe","16":"tag-fr","17":"tag-france","18":"tag-luxe","19":"tag-lyon","20":"tag-mango","21":"tag-mode","22":"tag-news","23":"tag-parfum","24":"tag-part-dieu","25":"tag-professionnel","26":"tag-professionnels","27":"tag-republique-francaise","28":"tag-reseau","29":"tag-textile","30":"tag-westfield-shopping-towns"},"share_on_mastodon":{"url":"https:\/\/pubeurope.com\/@fr\/115112965770090080","error":""},"_links":{"self":[{"href":"https:\/\/www.europesays.com\/fr\/wp-json\/wp\/v2\/posts\/352494","targetHints":{"allow":["GET"]}}],"collection":[{"href":"https:\/\/www.europesays.com\/fr\/wp-json\/wp\/v2\/posts"}],"about":[{"href":"https:\/\/www.europesays.com\/fr\/wp-json\/wp\/v2\/types\/post"}],"author":[{"embeddable":true,"href":"https:\/\/www.europesays.com\/fr\/wp-json\/wp\/v2\/users\/2"}],"replies":[{"embeddable":true,"href":"https:\/\/www.europesays.com\/fr\/wp-json\/wp\/v2\/comments?post=352494"}],"version-history":[{"count":0,"href":"https:\/\/www.europesays.com\/fr\/wp-json\/wp\/v2\/posts\/352494\/revisions"}],"wp:featuredmedia":[{"embeddable":true,"href":"https:\/\/www.europesays.com\/fr\/wp-json\/wp\/v2\/media\/352495"}],"wp:attachment":[{"href":"https:\/\/www.europesays.com\/fr\/wp-json\/wp\/v2\/media?parent=352494"}],"wp:term":[{"taxonomy":"category","embeddable":true,"href":"https:\/\/www.europesays.com\/fr\/wp-json\/wp\/v2\/categories?post=352494"},{"taxonomy":"post_tag","embeddable":true,"href":"https:\/\/www.europesays.com\/fr\/wp-json\/wp\/v2\/tags?post=352494"}],"curies":[{"name":"wp","href":"https:\/\/api.w.org\/{rel}","templated":true}]}}