{"id":352496,"date":"2025-08-29T16:21:09","date_gmt":"2025-08-29T16:21:09","guid":{"rendered":"https:\/\/www.europesays.com\/fr\/352496\/"},"modified":"2025-08-29T16:21:09","modified_gmt":"2025-08-29T16:21:09","slug":"la-presidente-de-la-region-ile-de-france-valerie-pecresse-a-annonce-louverture-de-1-000-nouvelles-places-dans-les-lycees-franciliens-a-la-rentree-2025-soit-moitie-moins-que-lannee","status":"publish","type":"post","link":"https:\/\/www.europesays.com\/fr\/352496\/","title":{"rendered":"La pr\u00e9sidente de la r\u00e9gion \u00cele-de-France, Val\u00e9rie P\u00e9cresse, a annonc\u00e9 l\u2019ouverture de 1.000 nouvelles places dans les lyc\u00e9es franciliens \u00e0 la rentr\u00e9e 2025, soit moiti\u00e9 moins que l\u2019ann\u00e9e derni\u00e8re"},"content":{"rendered":"<p>La pr\u00e9sidente de la r\u00e9gion \u00cele-de-France, Val\u00e9rie P\u00e9cresse, a annonc\u00e9 jeudi l\u2019ouverture de 1.000 nouvelles places dans les lyc\u00e9es franciliens \u00e0 la rentr\u00e9e 2025, soit moiti\u00e9 moins que l\u2019ann\u00e9e derni\u00e8re, dans un contexte budg\u00e9taire \u00ab\u00a0extr\u00eamement contraint\u00a0\u00bb.<\/p>\n<p>\u00ab\u00a0En d\u00e9pit d\u2019un contexte budg\u00e9taire qui est extr\u00eamement incertain et extr\u00eamement contraint, nous avons d\u00e9cid\u00e9 de continuer de faire des lyc\u00e9es l\u2019absolue priorit\u00e9 de la r\u00e9gion\u00a0\u00bb, a d\u00e9clar\u00e9 Mme P\u00e9cresse lors d\u2019une conf\u00e9rence de presse \u00e0 Saint-Ouen (Seine-Saint-Denis).<\/p>\n<p>Les nouvelles places r\u00e9pondent \u00e0 l\u2019engagement de la r\u00e9gion de proposer 30.000 places suppl\u00e9mentaires dans les lyc\u00e9es d\u2019ici \u00e0 2028, a soulign\u00e9 Mme P\u00e9cresse, rappelant que 15.000 avaient d\u00e9j\u00e0 \u00e9t\u00e9 livr\u00e9es, que 14.000 \u00e9taient \u00ab\u00a0en cours\u00a0\u00bb et que 1.000 restaient \u00e0 lancer.<\/p>\n<p>En 2025, 1,8 milliard d\u2019euros sont allou\u00e9s aux lyc\u00e9es franciliens, \u00ab\u00a0le premier budget\u00a0\u00bb d\u2019\u00cele-de-France devant celui des transports, a d\u00e9clar\u00e9 la pr\u00e9sidente. \u00ab\u00a0Deux \u00e9l\u00e8ves sur trois (&#8230;) \u00e9tudient dans un lyc\u00e9e neuf ou r\u00e9nov\u00e9\u00a0\u00bb a-t-elle ajout\u00e9.<\/p>\n<p>\u00ab\u00a0Ces chiffres sont mensongers\u00a0\u00bb car ils confondent \u00ab\u00a0d\u00e9penses de fonctionnement et d\u2019investissement\u00a0\u00bb, a accus\u00e9 C\u00e9line Malais\u00e9, pr\u00e9sidente du groupe d\u2019opposition, la Gauche Communiste, \u00c9cologiste et Citoyenne dans un communiqu\u00e9, o\u00f9 elle d\u00e9nonce \u00ab\u00a0des retards\u00a0\u00bb et des \u00ab\u00a0abandons de travaux\u00a0\u00bb.<\/p>\n","protected":false},"excerpt":{"rendered":"La pr\u00e9sidente de la r\u00e9gion \u00cele-de-France, Val\u00e9rie P\u00e9cresse, a annonc\u00e9 jeudi l\u2019ouverture de 1.000 nouvelles places dans les&hellip;\n","protected":false},"author":2,"featured_media":352497,"comment_status":"","ping_status":"","sticky":false,"template":"","format":"standard","meta":{"footnotes":""},"categories":[1592],"tags":[1111,11,1777,674,1011,27,662,14341,12,626,25,11084],"class_list":{"0":"post-352496","1":"post","2":"type-post","3":"status-publish","4":"format-standard","5":"has-post-thumbnail","7":"category-ile-de-france","8":"tag-actu","9":"tag-actualites","10":"tag-eu","11":"tag-europe","12":"tag-fr","13":"tag-france","14":"tag-ile-de-france","15":"tag-lycu00e9e","16":"tag-news","17":"tag-paris","18":"tag-republique-francaise","19":"tag-u00e9ducation"},"share_on_mastodon":{"url":"https:\/\/pubeurope.com\/@fr\/115112973730837459","error":""},"_links":{"self":[{"href":"https:\/\/www.europesays.com\/fr\/wp-json\/wp\/v2\/posts\/352496","targetHints":{"allow":["GET"]}}],"collection":[{"href":"https:\/\/www.europesays.com\/fr\/wp-json\/wp\/v2\/posts"}],"about":[{"href":"https:\/\/www.europesays.com\/fr\/wp-json\/wp\/v2\/types\/post"}],"author":[{"embeddable":true,"href":"https:\/\/www.europesays.com\/fr\/wp-json\/wp\/v2\/users\/2"}],"replies":[{"embeddable":true,"href":"https:\/\/www.europesays.com\/fr\/wp-json\/wp\/v2\/comments?post=352496"}],"version-history":[{"count":0,"href":"https:\/\/www.europesays.com\/fr\/wp-json\/wp\/v2\/posts\/352496\/revisions"}],"wp:featuredmedia":[{"embeddable":true,"href":"https:\/\/www.europesays.com\/fr\/wp-json\/wp\/v2\/media\/352497"}],"wp:attachment":[{"href":"https:\/\/www.europesays.com\/fr\/wp-json\/wp\/v2\/media?parent=352496"}],"wp:term":[{"taxonomy":"category","embeddable":true,"href":"https:\/\/www.europesays.com\/fr\/wp-json\/wp\/v2\/categories?post=352496"},{"taxonomy":"post_tag","embeddable":true,"href":"https:\/\/www.europesays.com\/fr\/wp-json\/wp\/v2\/tags?post=352496"}],"curies":[{"name":"wp","href":"https:\/\/api.w.org\/{rel}","templated":true}]}}