{"id":352506,"date":"2025-08-29T16:26:11","date_gmt":"2025-08-29T16:26:11","guid":{"rendered":"https:\/\/www.europesays.com\/fr\/352506\/"},"modified":"2025-08-29T16:26:11","modified_gmt":"2025-08-29T16:26:11","slug":"selon-la-russie-la-succession-de-volodymyr-zelensky-aurait-deja-ete-organisee-kiev-dement-ouest-france","status":"publish","type":"post","link":"https:\/\/www.europesays.com\/fr\/352506\/","title":{"rendered":"Selon la Russie, la succession de Volodymyr Zelensky aurait d\u00e9j\u00e0 \u00e9t\u00e9 organis\u00e9e, Kiev d\u00e9ment &#8211; Ouest-France"},"content":{"rendered":"<ol>\n<li><a href=\"https:\/\/news.google.com\/rss\/articles\/CBMi_gFBVV95cUxPbVpVN19obGw1THZUeUYzSEtaeEVTM1hKM255RHVUQjFodmhtUC1sbXZJSU82TUU2bjRaQ1VCOUdleWRpak1sSkNVRjh4QnNoalpzQ2xjSXhGZ0FWaGlCbmh3WWRIbEJ2YXRxYzRIbW9uU2ZPVThSaFhZaDNaZ3VhWkwzWmFFblpXV1pPUmc4UUdwM3doVmFGdDRnTHg0NGJsRERrLUVWTkZrNVVJbGc2LUsxbC1weVB1Ni1USTNwWGp0YjhjOHJ4YkVjQlRybE1YOFoxd3hHZXpYLTJYbkxIeDlQcHVrOVdsWjhmZk1aZ0l6MmtfNjB4d2RTaWwtdw?oc=5\" target=\"_blank\" rel=\"nofollow noopener\">Selon la Russie, la succession de Volodymyr Zelensky aurait d\u00e9j\u00e0 \u00e9t\u00e9 organis\u00e9e, Kiev d\u00e9ment<\/a>&nbsp;&nbsp;Ouest-France<\/li>\n<li><a href=\"https:\/\/news.google.com\/rss\/articles\/CBMi_wFBVV95cUxQelNjZlpqOEpKVUR6TVlYanNQNmw1S2U5d3NPbWZGU0ZiRGVFM3Y0Nkc5dTI0OUtsbVB2dmNYbTRUTXNLN0JPYjI3RFRsNUVFbWJHbkQza3MwTTRnRmlsUDNyQi1DNlZQQ29fbDk0dm1NU0c5RVhGXzJsQ2JLWjE4alBiZllXeDZUQVRnUTR1MWNid0hMR2xhVS1NNW9CUFRucW1WR1VSejUydzZIcFptczk5MnA0NTNQMjV3UkZ1TGtZRFh2YUZ5M0J2Z0Vaczk0NGViOUZianJaS1RBS042SGpoUUZGMWNiTnV3ZHpBMXFyaG52ejJhZEZTd2ZYZ00?oc=5\" target=\"_blank\" rel=\"nofollow noopener\">Ukraine : ambassadeur, \u00ab h\u00e9ros de guerre \u00bb\u2026 Qui est Valeri Zaloujny, potentiel candidat face \u00e0 Volodymyr Zelensky ?<\/a>&nbsp;&nbsp;Sud Ouest<\/li>\n<li><a href=\"https:\/\/news.google.com\/rss\/articles\/CBMixAFBVV95cUxOaU1CQThWandjRk5McE9PNFNoa29tS0N2dzNUSV9TeUl5Sl9EVm1NNGRISXppc09xRVdjSmdnaF9wYnJGUk84TFJHSTBPNWxHUVdSWi1OMklBUVlpVW43Rm1xTkpHVzh1UXdZRHFzMVJGRVFta1dkbm9sQlVfMzBibjgteG1aU0JTcEtXNUg4bS1YbmppVWZZeXhMZndaUVJDOUVBdmpMdkpxSWhka2FMSVRQQjM3N1M5djhkam1DWHRSMEM2?oc=5\" target=\"_blank\" rel=\"nofollow noopener\">Zelensky d\u00e9j\u00e0 remplac\u00e9 aux yeux des Etats-Unis et du Royaume-Uni ?<\/a>&nbsp;&nbsp;20 Minutes<\/li>\n<li><a href=\"https:\/\/news.google.com\/rss\/articles\/CBMivwJBVV95cUxOS21qRHQtdWx6ZnBGY2pvbVRmY1BrNGZrT015aTgwQm1XbmpMS0tFTk43SlcxSG9fbzZZUmxRYlQ0cUcwRUUxRDVoTGxQZE1oVUszQlF4THp5QW1TcVBuT3FBM2xOeWJTYVVWSHNyMWFHSDFqRmNKNnY2aE1YLXNNNGpWWGhqamYzMXBMNktnRDljclVNNVQ0MFNYdW9EajlKck9lenBWdlJQRU1ReEpjZ2ZUT1U4MEZ1UGx6MkNUTXQ2c1Y4LXRHeU1mMXJoLXdhbWJhWVY0eklsVTdPNkRPRWRaajRnaDBEZ2tPYURRbEFicmtXUzNHamlkNi1CWDBDN2FOQWhxUC1NNmtRVHRtUXlBUlduaGxUTUNPQ2tjWEhsaHQxLW90dXJid25zOVNxdXVJUThXaVg4cVlwb0J3?oc=5\" target=\"_blank\" rel=\"nofollow noopener\">Guerre en Ukraine : une campagne de propagande russe \u00e9voque un \u00ab complot secret \u00bb entre Trump et les Europ\u00e9ens pour remplacer Zelensky<\/a>&nbsp;&nbsp;Le Parisien<\/li>\n<li><a href=\"https:\/\/news.google.com\/rss\/articles\/CBMi1AFBVV95cUxNMGJIZnFIVUY1UnNsUHRJal83UEZrWnBROUNieGR5NENsVmdXUlROSmdBRUI4TGU1bjJ0MkQ4aHQ2c2tSaWdMTXZQS1Y1c2pWUGVlV29UU1g0Tk1OUlNVYmIxUkNKNkZUc2hHUkMxc2xzTGZLZ0VzekE2NlE2aXgwWlF4RjRHd2V5LXRqbTNFcUFUVUpPWnV0SFp5dlJTakRNVTNaclVjZ2VQUXBycDE5bU1pUUZab3pRcVdxeEU2QVhQdm5mU0daU1gwTUJGTm9OOHVYeQ?oc=5\" target=\"_blank\" rel=\"nofollow noopener\">Ukraine : qui est Valeri Zaloujny, l\u2019homme qui pourrait succ\u00e9der un jour \u00e0 Volodymyr Zelensky ?<\/a>&nbsp;&nbsp;La Croix<\/li>\n<\/ol>\n","protected":false},"excerpt":{"rendered":"Selon la Russie, la succession de Volodymyr Zelensky aurait d\u00e9j\u00e0 \u00e9t\u00e9 organis\u00e9e, Kiev d\u00e9ment&nbsp;&nbsp;Ouest-France Ukraine : ambassadeur, \u00ab&hellip;\n","protected":false},"author":2,"featured_media":1445,"comment_status":"","ping_status":"","sticky":false,"template":"","format":"standard","meta":{"footnotes":""},"categories":[1591],"tags":[11,1887,12,1885,1886,132],"class_list":{"0":"post-352506","1":"post","2":"type-post","3":"status-publish","4":"format-standard","5":"has-post-thumbnail","7":"category-russie","8":"tag-actualites","9":"tag-federation-de-russie","10":"tag-news","11":"tag-russia","12":"tag-russian-federation","13":"tag-russie"},"share_on_mastodon":{"url":"https:\/\/pubeurope.com\/@fr\/115112993642532916","error":""},"_links":{"self":[{"href":"https:\/\/www.europesays.com\/fr\/wp-json\/wp\/v2\/posts\/352506","targetHints":{"allow":["GET"]}}],"collection":[{"href":"https:\/\/www.europesays.com\/fr\/wp-json\/wp\/v2\/posts"}],"about":[{"href":"https:\/\/www.europesays.com\/fr\/wp-json\/wp\/v2\/types\/post"}],"author":[{"embeddable":true,"href":"https:\/\/www.europesays.com\/fr\/wp-json\/wp\/v2\/users\/2"}],"replies":[{"embeddable":true,"href":"https:\/\/www.europesays.com\/fr\/wp-json\/wp\/v2\/comments?post=352506"}],"version-history":[{"count":0,"href":"https:\/\/www.europesays.com\/fr\/wp-json\/wp\/v2\/posts\/352506\/revisions"}],"wp:featuredmedia":[{"embeddable":true,"href":"https:\/\/www.europesays.com\/fr\/wp-json\/wp\/v2\/media\/1445"}],"wp:attachment":[{"href":"https:\/\/www.europesays.com\/fr\/wp-json\/wp\/v2\/media?parent=352506"}],"wp:term":[{"taxonomy":"category","embeddable":true,"href":"https:\/\/www.europesays.com\/fr\/wp-json\/wp\/v2\/categories?post=352506"},{"taxonomy":"post_tag","embeddable":true,"href":"https:\/\/www.europesays.com\/fr\/wp-json\/wp\/v2\/tags?post=352506"}],"curies":[{"name":"wp","href":"https:\/\/api.w.org\/{rel}","templated":true}]}}