{"id":352507,"date":"2025-08-29T16:27:12","date_gmt":"2025-08-29T16:27:12","guid":{"rendered":"https:\/\/www.europesays.com\/fr\/352507\/"},"modified":"2025-08-29T16:27:12","modified_gmt":"2025-08-29T16:27:12","slug":"la-russie-denonce-les-insultes-vulgaires-demmanuel-macron-a-lencontre-de-vladimir-poutine-lexpress","status":"publish","type":"post","link":"https:\/\/www.europesays.com\/fr\/352507\/","title":{"rendered":"la Russie d\u00e9nonce les \u00ab\u00a0insultes vulgaires\u00a0\u00bb d&rsquo;Emmanuel Macron \u00e0 l\u2019encontre de Vladimir Poutine \u2013 L&rsquo;Express"},"content":{"rendered":"<p class=\"paragraph article-body-paragraph article__item article-body-paragraph--live  \">Au moins deux personnes ont trouv\u00e9 la mort dans des attaques de <a href=\"https:\/\/www.lexpress.fr\/monde\/sur-le-front-la-suprematie-des-drones-russes-redessine-la-logistique-ukrainienne-W6CNPJM4A5EBRHX3HTSCAJ6EXU\/\" target=\"_self\" rel=\"nofollow noopener\" title=\"https:\/\/www.lexpress.fr\/monde\/sur-le-front-la-suprematie-des-drones-russes-redessine-la-logistique-ukrainienne-W6CNPJM4A5EBRHX3HTSCAJ6EXU\/\">drones russes<\/a> sur Dnipropetrovsk ce vendredi 29 ao\u00fbt, au lendemain d\u2019un bombardement massif sur Kiev qui a fait au moins 23 morts. Devant ces agressions r\u00e9p\u00e9t\u00e9es, Volodymyr Zelensky a appel\u00e9 les Europ\u00e9ens, mais aussi les alli\u00e9s de Moscou, \u00e0 accro\u00eetre la pression sur Vladimir Poutine, en vue d\u2019un <a href=\"https:\/\/www.lexpress.fr\/monde\/europe\/entre-la-russie-et-lukraine-la-guerre-energetique-fait-rage-VY4IR5DE3RFA7HBFAIFJVONWTE\/\" target=\"_self\" rel=\"nofollow noopener\" title=\"https:\/\/www.lexpress.fr\/monde\/europe\/entre-la-russie-et-lukraine-la-guerre-energetique-fait-rage-VY4IR5DE3RFA7HBFAIFJVONWTE\/\">cessez-le-feu<\/a>. Pour sa part, le Kremlin dit \u00eatre \u00ab\u00a0int\u00e9ress\u00e9\u00a0\u00bb par des n\u00e9gociations de paix avec Kiev, mais seulement une fois ses objectifs atteints. A la demande de l\u2019Ukraine, le Conseil de s\u00e9curit\u00e9 de l&rsquo;ONU a convoqu\u00e9 une r\u00e9union d\u2019urgence, vendredi apr\u00e8s-midi.<\/p>\n<p class=\"paragraph article-body-paragraph article__item article-body-paragraph--live  \">Depuis le fort de Br\u00e9gan\u00e7on o\u00f9 il s\u2019entretenait avec Emmanuel Macron, le chancelier allemand Friedrich Merz a quant \u00e0 lui act\u00e9 \u00ab\u00a0l\u2019\u00e9chec de la m\u00e9diation am\u00e9ricaine\u00a0\u00bb, et jug\u00e9 \u00ab\u00a0\u00e9vident\u00a0\u00bb qu\u2019il n\u2019y aurait pas de <a href=\"https:\/\/www.lexpress.fr\/monde\/vladimir-poutine-est-il-le-maitre-des-horloges-ce-defi-que-doivent-relever-les-europeens-6P4RYZ72FRBXXBGBQADTYS7HBI\/\" target=\"_self\" rel=\"nofollow noopener\" title=\"https:\/\/www.lexpress.fr\/monde\/vladimir-poutine-est-il-le-maitre-des-horloges-ce-defi-que-doivent-relever-les-europeens-6P4RYZ72FRBXXBGBQADTYS7HBI\/\">rencontre Zelensky-Poutine<\/a>, en d\u00e9pit des annonces de Donald Trump en ce sens apr\u00e8s ses r\u00e9unions avec les deux bellig\u00e9rants ces derni\u00e8res semaines. Paris et Berlin ont aussi annonc\u00e9 se pr\u00e9parer \u00e0 fournir davantage de d\u00e9fense antia\u00e9rienne \u00e0 l\u2019Ukraine, alors que Poutine a annonc\u00e9 vouloir s\u2019entretenir sur le conflit avec son homologue turc en marge d\u2019un sommet en Chine. Le pr\u00e9sident russe se rendra en d\u00e9cembre en Inde, a aussi annonc\u00e9 le Kremlin vendredi, ce pays entretenant de bonnes relations \u00e0 la fois avec la Russie et des pays occidentaux.<\/p>\n<p class=\"paragraph article-body-paragraph article__item article-body-paragraph--live  \"><b>Les infos \u00e0 retenir<\/b><\/p>\n<p class=\"paragraph article-body-paragraph article__item article-body-paragraph--live  \">\u21d2 Poutine et Erdogan discuteront du conflit en Ukraine en marge d\u2019un sommet en Chine<\/p>\n<p class=\"paragraph article-body-paragraph article__item article-body-paragraph--live  \">\u21d2 Paris et Berlin vont fournir davantage de d\u00e9fense antia\u00e9rienne \u00e0 l\u2019Ukraine<\/p>\n<p class=\"paragraph article-body-paragraph article__item article-body-paragraph--live  \">\u21d2 Moscou d\u00e9nonce les \u00ab\u00a0insultes vulgaires\u00a0\u00bb d&rsquo;Emmanuel Macron \u00e0 l\u2019encontre de Vladimir Poutine<\/p>\n<p class=\"paragraph article-body-paragraph article__item  article-body-paragraph--live-short  \">17h20<\/p>\n<p>Macron et Merz veulent des sanctions suppl\u00e9mentaires \u00e0 l&rsquo;encontre de Moscou<\/p>\n<p class=\"paragraph article-body-paragraph article__item article-body-paragraph--live  \">Paris et Berlin ont assur\u00e9 qu&rsquo;ils allaient continuer \u00e0 faire \u00ab\u00a0pression\u00a0\u00bb pour que des sanctions suppl\u00e9mentaires soient impos\u00e9es \u00e0 la Russie, alors que le d\u00e9lai accord\u00e9 par Donald Trump pour qu&rsquo;elle donne des signes de sa volont\u00e9 de mettre au conflit en Ukraine touche \u00e0 sa fin.<\/p>\n<p><strong class=\"article-body-link-list__item text-gray-800 article-body-link-list__item--one-item\">LIRE AUSSI : <a class=\"article-body-link-list__item-link\" href=\"https:\/\/www.lexpress.fr\/idees-et-debats\/peter-rough-ex-conseiller-de-bush-des-decisions-vraiment-douloureuses-se-profilent-pour-poutine-A6STI55EUZEYVC4MJT5T2KJ3RQ\/\" target=\"_blank\" rel=\"noreferrer nofollow noopener\">\u00ab\u00a0Poutine aurait tort de se moquer des ultimatums de Trump\u00a0\u00bb : l&rsquo;analyse de Peter Rough, ex-conseiller de Bush<\/a><\/strong><\/p>\n<p class=\"paragraph article-body-paragraph article__item article-body-paragraph--live  \">\u00ab\u00a0Nous continuerons d&rsquo;exercer la pression pour que des <a href=\"https:\/\/www.lexpress.fr\/monde\/europe\/guerre-en-ukraine-dimportantes-frappes-russes-sur-kiev-font-au-moins-huit-morts-LOGYXSNB5FDURPXC5W3653YHAM\/\" target=\"_self\" rel=\"nofollow noopener\" title=\"https:\/\/www.lexpress.fr\/monde\/europe\/guerre-en-ukraine-dimportantes-frappes-russes-sur-kiev-font-au-moins-huit-morts-LOGYXSNB5FDURPXC5W3653YHAM\/\">sanctions suppl\u00e9mentaires<\/a> soient prises par nous-m\u00eames, et nous y sommes pr\u00eats, mais aussi par les Etats-Unis d&rsquo;Am\u00e9rique pour forcer la Russie \u00e0 revenir autour de la table des discussions\u00a0\u00bb, a affirm\u00e9 le pr\u00e9sident Emmanuel Macron lors d&rsquo;une conf\u00e9rence de presse au c\u00f4t\u00e9 du chancelier Friedrich Merz.<\/p>\n<p class=\"paragraph article-body-paragraph article__item article-body-paragraph--live  \">\u00ab\u00a0En ce moment, les Etats-Unis discutent intens\u00e9ment d&rsquo;autres taxes douani\u00e8res, je serais tr\u00e8s favorable \u00e0 ce que le gouvernement am\u00e9ricain prenne cette d\u00e9cision et l&rsquo;applique \u00e9galement \u00e0 d&rsquo;autres pays dont le gaz et le p\u00e9trole financent une grande partie de l&rsquo;\u00e9conomie de guerre russe\u00a0\u00bb, a indiqu\u00e9 le dirigeant allemand.<\/p>\n<p class=\"paragraph article-body-paragraph article__item  article-body-paragraph--live-short  \">16h11<\/p>\n<p>Poutine et Erdogan discuteront du conflit en Ukraine en marge d\u2019un sommet en Chine<\/p>\n<p class=\"paragraph article-body-paragraph article__item article-body-paragraph--live  \">Le pr\u00e9sident russe Vladimir Poutine et son homologue turc, Recep Tayyip Erdogan, \u00e9voqueront le conflit en Ukraine en marge du sommet lundi en Chine de l\u2019Organisation de coop\u00e9ration de Shanghai (OSC), a d\u00e9clar\u00e9 le Kremlin.<\/p>\n<p class=\"paragraph article-body-paragraph article__item article-body-paragraph--live  \">\u00ab\u00a0La Turquie joue un r\u00f4le important dans le processus de r\u00e8glement\u00a0\u00bb du conflit ukrainien, a affirm\u00e9 le conseiller diplomatique du pr\u00e9sident russe, Iouri Ouchakov, lors d\u2019un briefing avec des journalistes.<\/p>\n<p><strong class=\"article-body-link-list__item text-gray-800 article-body-link-list__item--one-item\">LIRE AUSSI : <a class=\"article-body-link-list__item-link\" href=\"https:\/\/www.lexpress.fr\/monde\/europe\/cest-comme-un-cancer-qui-nous-ronge-dans-lukraine-en-guerre-le-reportage-dantoine-vitkine-IQPY7P6QHFEI7M7C27TC553SFE\/\" target=\"_blank\" rel=\"noreferrer nofollow noopener\">\u00ab\u00a0C\u2019est comme un cancer qui nous ronge\u00a0\u00bb : dans l\u2019Ukraine en guerre, le reportage d\u2019Antoine Vitkine<\/a><\/strong><\/p>\n<p class=\"paragraph article-body-paragraph article__item article-body-paragraph--live  \">Vladimir Poutine rencontrera aussi le Premier ministre indien Narendra Modi lors du m\u00eame sommet, cela afin d\u2019\u00e9voquer la \u00ab\u00a0pr\u00e9paration de la visite pr\u00e9vue en Inde en d\u00e9cembre\u00a0\u00bb, a d\u00e9clar\u00e9 le conseiller diplomatique du pr\u00e9sident russe, Iouri Ouchakov. L\u2019Inde entretien notamment de bonnes relations \u00e0 la fois avec la Russie et les pays occidentaux.<\/p>\n<p class=\"paragraph article-body-paragraph article__item  article-body-paragraph--live-short  \">16h00<\/p>\n<p>Paris et Berlin vont fournir davantage de d\u00e9fense antia\u00e9rienne \u00e0 l\u2019Ukraine<\/p>\n<p class=\"paragraph article-body-paragraph article__item article-body-paragraph--live  \">La France et l\u2019Allemagne vont fournir davantage de d\u00e9fense antia\u00e9rienne \u00e0 l\u2019Ukraine, \u00ab\u00a0au regard des frappes russes massives\u00a0\u00bb sur le pays ces derni\u00e8res semaines. L\u2019annonce arrive sur un communiqu\u00e9 commun publi\u00e9 ce vendredi, \u00e0 l\u2019issue d\u2019un conseil des ministres franco-allemand dans le sud de la France.<\/p>\n<p class=\"paragraph article-body-paragraph article__item article-body-paragraph--live  \">\u00ab\u00a0Malgr\u00e9 d\u2019intenses efforts diplomatiques, la Russie ne montre aucune intention d\u2019arr\u00eater sa guerre d\u2019agression contre l\u2019Ukraine\u00a0\u00bb, soulignent Paris et Berlin. Ainsi, \u00ab\u00a0nous continuerons d\u2019exercer la pression\u00a0\u00bb pour des sanctions, y compris am\u00e9ricaines, sur la Russie, a ajout\u00e9 Emmanuel Macron. Le pr\u00e9sident fran\u00e7ais a aussi assur\u00e9 que lui et Merz parleront chacun \u00e0 Trump \u00ab\u00a0ce week-end\u00a0\u00bb.<\/p>\n<p class=\"paragraph article-body-paragraph article__item article-body-paragraph--live  \">Paris et Berlin ont aussi annonc\u00e9 qu\u2019ils \u00ab\u00a0entameront un dialogue strat\u00e9gique sur la dissuasion nucl\u00e9aire, men\u00e9 par la pr\u00e9sidence fran\u00e7aise et la chancellerie allemande, avec la participation des minist\u00e8res des Affaires \u00e9trang\u00e8res et de la D\u00e9fense\u00a0\u00bb, selon le communiqu\u00e9 commun.<\/p>\n<p class=\"paragraph article-body-paragraph article__item  article-body-paragraph--live-short  \">14h30<\/p>\n<p>Moscou d\u00e9nonce les \u00ab\u00a0insultes vulgaires\u00a0\u00bb de Macron \u00e0 l\u2019encontre de Poutine<\/p>\n<p class=\"paragraph article-body-paragraph article__item article-body-paragraph--live  \">La diplomatie russe a d\u00e9nonc\u00e9 vendredi les \u00ab\u00a0insultes vulgaires\u00a0\u00bb et \u00ab\u00a0d\u00e9passant les limites de la d\u00e9cence\u00a0\u00bb du pr\u00e9sident fran\u00e7ais Emmanuel Macron, qui avait <a href=\"https:\/\/www.lexpress.fr\/monde\/logre-a-nos-portes-par-lambassadeur-dukraine-en-france-NHHREGETAVFK7AMMLKAVF2FKVA\/\" target=\"_self\" rel=\"nofollow noopener\" title=\"https:\/\/www.lexpress.fr\/monde\/logre-a-nos-portes-par-lambassadeur-dukraine-en-france-NHHREGETAVFK7AMMLKAVF2FKVA\/\">qualifi\u00e9 Vladimir Poutine d'\u00a0\u00bbogre\u00a0\u00bb<\/a> et de \u00ab\u00a0pr\u00e9dateur\u00a0\u00bb la semaine derni\u00e8re.<\/p>\n<p class=\"paragraph article-body-paragraph article__item article-body-paragraph--live  \">Ces propos \u00ab\u00a0d\u00e9passent les limites non seulement du raisonnable mais aussi de la d\u00e9cence, devenant des insultes vulgaires \u00e0 l\u2019\u00e9gard de la Russie et de son peuple\u00a0\u00bb, a d\u00e9clar\u00e9 la porte-parole du minist\u00e8re russe des Affaires \u00e9trang\u00e8res, Maria Zakharova, cit\u00e9e par l\u2019agence \u00e9tatique de presse Ria Novosti.<\/p>\n<p><strong class=\"article-body-link-list__item text-gray-800 article-body-link-list__item--one-item\">LIRE AUSSI : <a class=\"article-body-link-list__item-link\" href=\"https:\/\/www.lexpress.fr\/monde\/europe\/une-vraie-revolution-comment-les-drones-bouleversent-le-champ-de-bataille-3444F7M5OVHC7PAWJFUOM5APOE\/\" target=\"_blank\" rel=\"noreferrer nofollow noopener\">Drones, la r\u00e9volution du champ de bataille : comment la guerre en Ukraine a tout boulevers\u00e9<\/a><\/strong><\/p>\n<p class=\"paragraph article-body-paragraph article__item article-body-paragraph--live  \">Elle a accus\u00e9 en retour la France d\u2019avoir une \u00ab\u00a0id\u00e9ologie de charognards\u00a0\u00bb et de \u00ab\u00a0tirer un avantage politique\u00a0\u00bb du conflit arm\u00e9 d\u00e9clench\u00e9 par l\u2019attaque russe \u00e0 grande \u00e9chelle de l\u2019Ukraine, en f\u00e9vrier 2022.<\/p>\n<p class=\"paragraph article-body-paragraph article__item article-body-paragraph--live  \">Dans la foul\u00e9e, Emmanuel Macron a r\u00e9fut\u00e9 toute insulte \u00e0 l&rsquo;encontre de Vladimir Poutine et de nouveau d\u00e9nonc\u00e9 la \u00ab\u00a0d\u00e9rive autocratique\u00a0\u00bb et \u00ab\u00a0l&rsquo;imp\u00e9rialisme r\u00e9visionniste\u00a0\u00bb du ma\u00eetre du Kremlin.<\/p>\n<p class=\"paragraph article-body-paragraph article__item article-body-paragraph--live  \">Les relations entre la France et la Russie sont au plus bas depuis plusieurs ann\u00e9es. Paris accuse Moscou d\u2019\u00eatre \u00e0 l\u2019origine d\u2019une s\u00e9rie d\u2019actes de d\u00e9stabilisation et de <a href=\"https:\/\/www.lexpress.fr\/idees-et-debats\/pour-contrer-la-desinformation-russe-recreons-un-ministere-de-linformation-par-francois-kersaudy-YCXJNKNTB5AIHISO3GSGBZEFRQ\/\" target=\"_self\" rel=\"nofollow noopener\" title=\"https:\/\/www.lexpress.fr\/idees-et-debats\/pour-contrer-la-desinformation-russe-recreons-un-ministere-de-linformation-par-francois-kersaudy-YCXJNKNTB5AIHISO3GSGBZEFRQ\/\">d\u00e9sinformation<\/a> sur le territoire fran\u00e7ais, tandis que la France se voit reprocher son soutien militaire \u00e0 l\u2019Ukraine ou encore de censurer des m\u00e9dias russes.<\/p>\n<p class=\"paragraph article-body-paragraph article__item  article-body-paragraph--live-short  \">13h45<\/p>\n<p>Deux morts dans une rare frappe russe sur un navire de guerre ukrainien, selon un nouveau bilan<\/p>\n<p class=\"paragraph article-body-paragraph article__item article-body-paragraph--live  \">Le bilan d\u2019une frappe russe sur un navire de guerre ukrainien s\u2019est alourdi \u00e0 deux morts et plusieurs marins sont toujours port\u00e9s disparus, a annonc\u00e9 vendredi \u00e0 l\u2019AFP le porte-parole de la marine ukrainienne.<\/p>\n<p class=\"paragraph article-body-paragraph article__item article-body-paragraph--live  \">La Russie a affirm\u00e9 jeudi avoir coul\u00e9 un bateau de reconnaissance ukrainien, le \u00ab\u00a0Simferopol\u00a0\u00bb, dans l\u2019embouchure du Danube \u00e0 l\u2019aide d\u2019un <a href=\"https:\/\/www.lexpress.fr\/monde\/europe\/une-vraie-revolution-comment-les-drones-bouleversent-le-champ-de-bataille-3444F7M5OVHC7PAWJFUOM5APOE\/\" target=\"_self\" rel=\"nofollow noopener\" title=\"https:\/\/www.lexpress.fr\/monde\/europe\/une-vraie-revolution-comment-les-drones-bouleversent-le-champ-de-bataille-3444F7M5OVHC7PAWJFUOM5APOE\/\">drone maritime<\/a>, une relative nouveaut\u00e9 pour les forces russes. La flotte ukrainienne avait confirm\u00e9 jeudi une attaque russe contre un de ces b\u00e2timents de guerre, faisant \u00e9tat d\u2019un mort et de plusieurs bless\u00e9s, sans plus de d\u00e9tails. L\u2019Ukraine comme la Russie commentent tr\u00e8s rarement leurs propres pertes.<\/p>\n<p class=\"paragraph article-body-paragraph article__item  article-body-paragraph--live-short  \">12h55<\/p>\n<p>La Turquie affirme que la Russie a revu ses exigences territoriales en Ukraine<\/p>\n<p class=\"paragraph article-body-paragraph article__item article-body-paragraph--live  \">La Russie continue d\u2019exiger de l\u2019Ukraine la cession du Donbass (est), qu\u2019elle ne contr\u00f4le pas int\u00e9gralement, mais est dispos\u00e9e \u00e0 geler le conflit dans le sud de ce pays le long des lignes de front actuelles, a affirm\u00e9 jeudi soir le chef de la diplomatie turque.<\/p>\n<p class=\"paragraph article-body-paragraph article__item article-body-paragraph--live  \">Le Kremlin, interrog\u00e9 ce vendredi, n\u2019a ni d\u00e9menti ni confirm\u00e9 ces affirmations, expliquant ne pas vouloir r\u00e9v\u00e9ler \u00ab\u00a0les d\u00e9tails\u00a0\u00bb des discussions.<\/p>\n<p class=\"paragraph article-body-paragraph article__item article-body-paragraph--live  \">L\u2019arm\u00e9e russe occupe un cinqui\u00e8me environ du territoire ukrainien et Moscou revendique l\u2019annexion de cinq r\u00e9gions : celles dans l\u2019est de Donetsk et de Lougansk, qui forment le <a href=\"https:\/\/www.lexpress.fr\/monde\/jamais-nous-ne-partirons-le-donbass-otage-des-negociations-trump-poutine-Z4KCBSX7H5GGHIPFYJYX4PP4IY\/\" target=\"_self\" rel=\"nofollow noopener\" title=\"https:\/\/www.lexpress.fr\/monde\/jamais-nous-ne-partirons-le-donbass-otage-des-negociations-trump-poutine-Z4KCBSX7H5GGHIPFYJYX4PP4IY\/\">Donbass<\/a>, celles dans le sud de Kherson et de Zaporijia, ainsi que la Crim\u00e9e conquise en 2014. Au cours de pourparlers \u00e0 Istanbul plus t\u00f4t cette ann\u00e9e, les n\u00e9gociateurs russes avaient, en tant que condition pr\u00e9alable \u00e0 l\u2019arr\u00eat du conflit, exig\u00e9 que l\u2019Ukraine se retire totalement de ces cinq r\u00e9gions.<\/p>\n<p><strong class=\"article-body-link-list__item text-gray-800 article-body-link-list__item--one-item\">LIRE AUSSI : <a class=\"article-body-link-list__item-link\" href=\"https:\/\/www.lexpress.fr\/monde\/jamais-nous-ne-partirons-le-donbass-otage-des-negociations-trump-poutine-Z4KCBSX7H5GGHIPFYJYX4PP4IY\/\" target=\"_blank\" rel=\"noreferrer nofollow noopener\">\u00ab\u00a0Jamais nous ne partirons\u00a0\u00bb : le Donbass, otage des n\u00e9gociations Trump-Poutine<\/a><\/strong><\/p>\n<p class=\"paragraph article-body-paragraph article__item article-body-paragraph--live  \">Selon Ankara, Moscou a toutefois infl\u00e9chi sa position \u00e0 la suite du r\u00e9cent sommet en Alaska entre le pr\u00e9sident am\u00e9ricain Donald Trump et son homologue russe Vladimir Poutine. Les Russes ont ainsi \u00ab\u00a0renonc\u00e9 \u00e0 cette exigence et restent sur les lignes de contact, \u00e0 l\u2019exception d\u2019une r\u00e9gion [\u2026]. Il existe actuellement un accord pr\u00e9liminaire concernant la restitution (cession \u00e0 la Russie, NDLR) de 25 \u00e0 30 % de (la r\u00e9gion de) Donetsk et le maintien des lignes de contact (dans celles de) Zaporijjia et Kherson\u00a0\u00bb, a d\u00e9clar\u00e9 le ministre turc des Affaires \u00e9trang\u00e8res, Hakan Fidan, dans un entretien avec la cha\u00eene de t\u00e9l\u00e9vision TGRT Haber.<\/p>\n<p class=\"paragraph article-body-paragraph article__item  article-body-paragraph--live-short  \">05h45<\/p>\n<p>Volodymyr Zelensky appelle \u00e0 plus de pression sur Vladimir Poutine apr\u00e8s les frappes massives sur Kiev<\/p>\n<p class=\"paragraph article-body-paragraph article__item article-body-paragraph--live  \">Le pr\u00e9sident ukrainien a appel\u00e9 \u00e0 renforcer la pression sur son homologue russe, apr\u00e8s l\u2019attaque massive de drones et de missiles sur Kiev qui a fait au moins 23 morts t\u00f4t jeudi, dont quatre enfants. Une journ\u00e9e de deuil a \u00e9t\u00e9 d\u00e9cr\u00e9t\u00e9e ce vendredi dans la capitale ukrainienne, alors que huit personnes sont toujours port\u00e9es disparues apr\u00e8s les bombardements. L\u2019Ukraine a par ailleurs annonc\u00e9 au moins deux morts dans des frappes de drones russes sur la r\u00e9gion de Dnipropetrovsk.<\/p>\n<p><strong class=\"article-body-link-list__item text-gray-800 article-body-link-list__item--one-item\">LIRE AUSSI : <a class=\"article-body-link-list__item-link\" href=\"https:\/\/www.lexpress.fr\/monde\/europe\/cest-comme-un-cancer-qui-nous-ronge-dans-lukraine-en-guerre-le-reportage-dantoine-vitkine-IQPY7P6QHFEI7M7C27TC553SFE\/\" target=\"_blank\" rel=\"noreferrer nofollow noopener\">\u00ab\u00a0C\u2019est comme un cancer qui nous ronge\u00a0\u00bb : dans l\u2019Ukraine en guerre, le reportage d\u2019Antoine Vitkine<\/a><\/strong><\/p>\n<p class=\"paragraph article-body-paragraph article__item article-body-paragraph--live  \">Malgr\u00e9 sa rencontre avec Donald Trump le 15 ao\u00fbt en Alaska, \u00ab\u00a0Poutine n\u2019a pas fait ce qu\u2019il a dit. Il est temps d\u2019agir et d\u2019envoyer un signal fort\u00a0\u00bb, a d\u00e9clar\u00e9 Volodymyr Zelensky lors d\u2019une discussion en visioconf\u00e9rence avec des dirigeants europ\u00e9ens. Le pr\u00e9sident ukrainien a dit esp\u00e9rer de <a href=\"https:\/\/www.lexpress.fr\/monde\/europe\/ukraine-la-russie-accusee-de-tortures-sexuelles-horribles-sur-des-civils-4BQT7YRP4VA4LOPUIIRQ3ASFOI\/\" target=\"_self\" rel=\"nofollow noopener\" title=\"https:\/\/www.lexpress.fr\/monde\/europe\/ukraine-la-russie-accusee-de-tortures-sexuelles-horribles-sur-des-civils-4BQT7YRP4VA4LOPUIIRQ3ASFOI\/\">nouvelles sanctions contre Moscou<\/a> et appel\u00e9 les partenaires du Kremlin, tels que la Chine et la Hongrie, \u00e0 adopter une position ferme vis-\u00e0-vis de la Russie, qui occupe 20 % du territoire ukrainien.<\/p>\n<p class=\"paragraph article-body-paragraph article__item  article-body-paragraph--live-short  \">00h24<\/p>\n<p>Washington approuve la vente de 3 350 missiles \u00e0 longue port\u00e9e \u00e0 Kiev<\/p>\n<p class=\"paragraph article-body-paragraph article__item article-body-paragraph--live  \">Le pr\u00e9sident am\u00e9ricain Donald Trump n\u2019est \u00ab\u00a0pas content\u00a0\u00bb mais \u00ab\u00a0pas surpris\u00a0\u00bb par les bombardements russes sur Kiev, selon sa porte-parole, Karoline Leavitt. Son \u00e9missaire sp\u00e9cial pour l\u2019Ukraine, Keith Kellogg avait d\u00e9nonc\u00e9 plus t\u00f4t jeudi de \u00ab\u00a0terribles attaques\u00a0\u00bb mena\u00e7ant \u00ab\u00a0la paix que le pr\u00e9sident des Etats-Unis cherche \u00e0 obtenir\u00a0\u00bb.<\/p>\n<p class=\"paragraph article-body-paragraph article__item article-body-paragraph--live  \">Washington a annonc\u00e9 dans la foul\u00e9e jeudi avoir approuv\u00e9 la vente \u00e0 l\u2019Ukraine de 3 350 missiles \u00e0 longue port\u00e9e et d\u2019\u00e9quipements connexes pour un montant total de 825 millions de dollars, le <a href=\"https:\/\/www.lexpress.fr\/monde\/europe\/comment-washington-regule-a-distance-les-operations-militaires-de-lukraine-en-russie-A5SDO3272VFARLLKW7R5FEQQS4\/\" target=\"_self\" rel=\"nofollow noopener\" title=\"https:\/\/www.lexpress.fr\/monde\/europe\/comment-washington-regule-a-distance-les-operations-militaires-de-lukraine-en-russie-A5SDO3272VFARLLKW7R5FEQQS4\/\">gouvernement am\u00e9ricain<\/a> soulignant que cela devrait aider Kiev \u00e0 mieux se d\u00e9fendre \u00ab\u00a0face aux menaces actuelles et futures\u00a0\u00bb.<\/p>\n<p>Friedrich Merz juge \u00ab\u00a0\u00e9vident\u00a0\u00bb qu\u2019il n\u2019y aura pas de rencontre Zelensky-Poutine<\/p>\n<p class=\"paragraph article-body-paragraph article__item article-body-paragraph--live  \">La France et l\u2019Allemagne ont vivement condamn\u00e9 les derniers bombardements russes en Ukraine, Friedrich Merz actant l\u2019\u00e9chec \u00e0 ce stade de la m\u00e9diation am\u00e9ricaine. \u00ab\u00a0Il est \u00e9vident qu\u2019il n\u2019y aura pas de rencontre entre le pr\u00e9sident Zelensky et le pr\u00e9sident Poutine, contrairement \u00e0 ce qui avait \u00e9t\u00e9 convenu entre le pr\u00e9sident Trump et le pr\u00e9sident Poutine\u00a0\u00bb, a reconnu jeudi soir le <a href=\"https:\/\/www.lexpress.fr\/monde\/europe\/guerre-en-ukraine-lallemagne-reclame-des-garanties-de-securite-fiables-pour-la-paix-FUMKMPJQSZFSROPHLFWK6Q4QEU\/\" target=\"_self\" rel=\"nofollow noopener\" title=\"https:\/\/www.lexpress.fr\/monde\/europe\/guerre-en-ukraine-lallemagne-reclame-des-garanties-de-securite-fiables-pour-la-paix-FUMKMPJQSZFSROPHLFWK6Q4QEU\/\">chancelier allemand<\/a>, aux c\u00f4t\u00e9s du pr\u00e9sident fran\u00e7ais Emmanuel Macron, au d\u00e9but d\u2019un conseil des ministres franco-allemand.<\/p>\n<p><strong class=\"article-body-link-list__item text-gray-800 article-body-link-list__item--one-item\">LIRE AUSSI : <a class=\"article-body-link-list__item-link\" href=\"https:\/\/www.lexpress.fr\/monde\/europe\/si-lukraine-avait-eu-de-telles-armes-avant-comment-kiev-rattrape-son-retard-sur-la-russie-2AA47HU6A5CUHNXQTDRRBMNLVI\/\" target=\"_blank\" rel=\"noreferrer nofollow noopener\">\u00ab\u00a0Si l\u2019Ukraine avait eu de telles armes avant\u2026\u00a0\u00bb : comment Kiev rattrape son retard sur la Russie<\/a><\/strong><\/p>\n<p class=\"paragraph article-body-paragraph article__item article-body-paragraph--live   article__text__endpicto\">Et d\u2019ajouter : \u00ab\u00a0La Russie a de nouveau montr\u00e9 son vrai visage lors de ses derni\u00e8res frappes nocturnes sur Kiev\u00a0\u00bb. Alors que le b\u00e2timent de la mission de l\u2019UE en Ukraine a \u00e9t\u00e9 touch\u00e9 par un missile russe, Friedrich Merz a \u00e9galement soulign\u00e9 un acte t\u00e9moignant du fait que \u00ab\u00a0le r\u00e9gime russe a de moins en moins de scrupules\u00a0\u00bb.<\/p>\n","protected":false},"excerpt":{"rendered":"Au moins deux personnes ont trouv\u00e9 la mort dans des attaques de drones russes sur Dnipropetrovsk ce vendredi&hellip;\n","protected":false},"author":2,"featured_media":352508,"comment_status":"","ping_status":"","sticky":false,"template":"","format":"standard","meta":{"footnotes":""},"categories":[1590],"tags":[11,1777,674,74,12,220],"class_list":{"0":"post-352507","1":"post","2":"type-post","3":"status-publish","4":"format-standard","5":"has-post-thumbnail","7":"category-ukraine","8":"tag-actualites","9":"tag-eu","10":"tag-europe","11":"tag-monde","12":"tag-news","13":"tag-ukraine"},"share_on_mastodon":{"url":"https:\/\/pubeurope.com\/@fr\/115112997509592882","error":""},"_links":{"self":[{"href":"https:\/\/www.europesays.com\/fr\/wp-json\/wp\/v2\/posts\/352507","targetHints":{"allow":["GET"]}}],"collection":[{"href":"https:\/\/www.europesays.com\/fr\/wp-json\/wp\/v2\/posts"}],"about":[{"href":"https:\/\/www.europesays.com\/fr\/wp-json\/wp\/v2\/types\/post"}],"author":[{"embeddable":true,"href":"https:\/\/www.europesays.com\/fr\/wp-json\/wp\/v2\/users\/2"}],"replies":[{"embeddable":true,"href":"https:\/\/www.europesays.com\/fr\/wp-json\/wp\/v2\/comments?post=352507"}],"version-history":[{"count":0,"href":"https:\/\/www.europesays.com\/fr\/wp-json\/wp\/v2\/posts\/352507\/revisions"}],"wp:featuredmedia":[{"embeddable":true,"href":"https:\/\/www.europesays.com\/fr\/wp-json\/wp\/v2\/media\/352508"}],"wp:attachment":[{"href":"https:\/\/www.europesays.com\/fr\/wp-json\/wp\/v2\/media?parent=352507"}],"wp:term":[{"taxonomy":"category","embeddable":true,"href":"https:\/\/www.europesays.com\/fr\/wp-json\/wp\/v2\/categories?post=352507"},{"taxonomy":"post_tag","embeddable":true,"href":"https:\/\/www.europesays.com\/fr\/wp-json\/wp\/v2\/tags?post=352507"}],"curies":[{"name":"wp","href":"https:\/\/api.w.org\/{rel}","templated":true}]}}