{"id":352509,"date":"2025-08-29T16:28:21","date_gmt":"2025-08-29T16:28:21","guid":{"rendered":"https:\/\/www.europesays.com\/fr\/352509\/"},"modified":"2025-08-29T16:28:21","modified_gmt":"2025-08-29T16:28:21","slug":"trump-coupe-a-nouveau-dans-laide-internationale-risquant-la-paralysie-budgetaire-au-congres-lexpress","status":"publish","type":"post","link":"https:\/\/www.europesays.com\/fr\/352509\/","title":{"rendered":"Trump coupe \u00e0 nouveau dans l&rsquo;aide internationale, risquant la paralysie budg\u00e9taire au Congr\u00e8s \u2013 L&rsquo;Express"},"content":{"rendered":"<p class=\"paragraph article-body-paragraph article__item   article-body-paragraph--first \"><a href=\"https:\/\/www.lexpress.fr\/monde\/amerique\/donald-trump_1702460.html\" target=\"_self\" rel=\"noopener\" title=\"https:\/\/www.lexpress.fr\/monde\/amerique\/donald-trump_1702460.html\">Donald Trump<\/a> a demand\u00e9 au Congr\u00e8s am\u00e9ricain d&rsquo;approuver la suppression de 4,9 milliards de dollars suppl\u00e9mentaires <a href=\"https:\/\/www.lexpress.fr\/monde\/etats-unis-ladministration-trump-supprime-la-quasi-totalite-des-aides-a-letranger-de-lusaid-5ABKFP6ONJBIJGV2OEEU5JU5LQ\/\" target=\"_self\" rel=\"noopener\" title=\"https:\/\/www.lexpress.fr\/monde\/etats-unis-ladministration-trump-supprime-la-quasi-totalite-des-aides-a-letranger-de-lusaid-5ABKFP6ONJBIJGV2OEEU5JU5LQ\/\">d&rsquo;aide internationale<\/a>, a indiqu\u00e9 ce vendredi 29 ao\u00fbt la Maison-Blanche. Cette annonce augmente fortement les probabilit\u00e9s de paralysie de l&rsquo;Etat f\u00e9d\u00e9ral fin septembre.<\/p>\n<p class=\"paragraph article-body-paragraph article__item   \">La suppression \u00ab\u00a0touche des programmes du d\u00e9partement d&rsquo;Etat ainsi que l&rsquo;Agence des Etats-Unis pour le d\u00e9veloppement international, et des programmes d&rsquo;assistance internationale\u00a0\u00bb, pr\u00e9cise la lettre envoy\u00e9e au pr\u00e9sident r\u00e9publicain de la Chambre des repr\u00e9sentants et partag\u00e9e par le bureau du budget de la Maison Blanche. Le pr\u00e9sident Trump \u00ab\u00a0mettra toujours L&rsquo;AM\u00c9RIQUE D&rsquo;ABORD\u00a0\u00bb, a \u00e9crit le bureau sur X.<\/p>\n<p><strong class=\"article-body-link-list__item text-gray-800 article-body-link-list__item--one-item\">LIRE AUSSI : <a class=\"article-body-link-list__item-link\" href=\"https:\/\/www.lexpress.fr\/monde\/europe\/cest-comme-un-cancer-qui-nous-ronge-dans-lukraine-en-guerre-le-reportage-dantoine-vitkine-IQPY7P6QHFEI7M7C27TC553SFE\/\" target=\"_blank\" rel=\"noreferrer noopener\">\u00ab\u00a0C\u2019est comme un cancer qui nous ronge\u00a0\u00bb : dans l\u2019Ukraine en guerre, le reportage d\u2019Antoine Vitkine<\/a><\/strong><\/p>\n<p class=\"paragraph article-body-paragraph article__item   \">Les d\u00e9mocrates avaient averti r\u00e9cemment que toute volont\u00e9 de revenir sur des fonds d\u00e9j\u00e0 approuv\u00e9s par le Congr\u00e8s an\u00e9antirait toute possibilit\u00e9 de n\u00e9gocier avec eux pour \u00e9viter la paralysie budg\u00e9taire, le fameux \u00ab\u00a0<a href=\"https:\/\/www.lexpress.fr\/monde\/amerique\/un-shutdown-aux-etats-unis-cinq-questions-sur-la-paralysie-budgetaire-qui-menace-le-pays-LILLTQM4ZZFALJKG3PUJBJQST4\/\" target=\"_self\" rel=\"noopener\" title=\"https:\/\/www.lexpress.fr\/monde\/amerique\/un-shutdown-aux-etats-unis-cinq-questions-sur-la-paralysie-budgetaire-qui-menace-le-pays-LILLTQM4ZZFALJKG3PUJBJQST4\/\">shutdown<\/a>\u00ab\u00a0, avant l&rsquo;\u00e9ch\u00e9ance du 30 septembre. Le Congr\u00e8s a jusqu&rsquo;\u00e0 cette date pour adopter un budget, m\u00eame temporaire. Sans quoi, des centaines de milliers de fonctionnaires se trouveraient au ch\u00f4mage technique, sans paie. Le trafic a\u00e9rien serait perturb\u00e9, comme le versement de certaines aides alimentaires aux familles \u00e0 bas revenus, entre autres cons\u00e9quences. Une situation hautement risqu\u00e9e \u00e9conomiquement et politiquement, que Donald Trump avait \u00e9vit\u00e9e de justesse en mars avec l&rsquo;appui \u00e0 contrecoeur de dix s\u00e9nateurs d\u00e9mocrates.<\/p>\n<p>Une m\u00e9thode dont la l\u00e9galit\u00e9 fait d\u00e9bat<\/p>\n<p class=\"paragraph article-body-paragraph article__item   \">En effet, selon le New York Post, qui a r\u00e9v\u00e9l\u00e9 l&rsquo;information jeudi soir, la m\u00e9thode employ\u00e9e par Trump est celle de la \u00ab\u00a0pocket rescission\u00a0\u00bb, (\u00ab\u00a0annulation discr\u00e8te\u00a0\u00bb), qui n&rsquo;a pas \u00e9t\u00e9 utilis\u00e9e depuis 48 ans et dont la l\u00e9galit\u00e9 fait d\u00e9bat. <\/p>\n<p class=\"paragraph article-body-paragraph article__item   \">Selon le journal, cette manoeuvre \u00ab\u00a0est une demande pr\u00e9sent\u00e9e au Congr\u00e8s si tard dans l\u2019exercice budg\u00e9taire \u2013 qui se termine le 30 septembre \u2013 qu\u2019elle prend effet, que le Congr\u00e8s l\u2019approuve ou non\u00a0\u00bb. Autrement dit, le Congr\u00e8s n&rsquo;aurait pas le temps de se prononcer sur cette mesure avant la fin de l&rsquo;exercice budg\u00e9taire et les fonds seraient coup\u00e9s automatiquement.<\/p>\n<p>USAID principale victime<\/p>\n<p class=\"paragraph article-body-paragraph article__item   \">La grande majorit\u00e9 des coupes &#8211; 3,2 milliards de dollars &#8211; interviendrait dans les fonds allou\u00e9s \u00e0 l&rsquo;agence am\u00e9ricaine pour le d\u00e9veloppement international (USAID). Plus importante agence humanitaire au niveau mondial, <a href=\"https:\/\/www.lexpress.fr\/monde\/amerique\/etats-unis-lagence-pour-le-developpement-international-derniere-victime-delon-musk-ZLQPT4MQAJAPHBM7DSCAK55WQ4\/\" target=\"_self\" rel=\"noopener\" title=\"https:\/\/www.lexpress.fr\/monde\/amerique\/etats-unis-lagence-pour-le-developpement-international-derniere-victime-delon-musk-ZLQPT4MQAJAPHBM7DSCAK55WQ4\/\">USAID<\/a> \u00e9tait impliqu\u00e9e dans des programmes de sant\u00e9 et d&rsquo;aide d&rsquo;urgence dans environ 120 pays.<\/p>\n<p class=\"paragraph article-body-paragraph article__item   \">Donald Trump avait d\u00e9j\u00e0 gel\u00e9 des milliards de dollars destin\u00e9s \u00e0 l&rsquo;aide internationale depuis son retour \u00e0 la Maison Blanche et a formellement d\u00e9mantel\u00e9 USAID, aujourd&rsquo;hui absorb\u00e9e dans le d\u00e9partement d&rsquo;Etat, charg\u00e9 de la diplomatie am\u00e9ricaine.<\/p>\n<p><strong class=\"article-body-link-list__item text-gray-800 article-body-link-list__item--one-item\">LIRE AUSSI : <a class=\"article-body-link-list__item-link\" href=\"https:\/\/www.lexpress.fr\/idees-et-debats\/suicide-dun-empire-scientifique-donald-trump-sur-les-traces-de-hitler-et-staline-ORCYICHW5VHEVAWKMANC46TCYE\/\" target=\"_blank\" rel=\"noreferrer noopener\">Suicide d\u2019un empire scientifique : Donald Trump sur les traces de Hitler et Staline<\/a><\/strong><\/p>\n<p class=\"paragraph article-body-paragraph article__item   \">Toujours selon le \u00ab\u00a0Post\u00a0\u00bb, quelque 838 millions de dollars destin\u00e9s \u00e0 des missions de maintien de la paix sont \u00e9galement concern\u00e9s par les coupes demand\u00e9es par Donald Trump.<\/p>\n<p class=\"paragraph article-body-paragraph article__item    article__text__endpicto\">En juillet, une \u00e9tude internationale avait r\u00e9v\u00e9l\u00e9 que l&rsquo;effondrement des financements am\u00e9ricains d\u00e9di\u00e9s \u00e0 l&rsquo;aide internationale pourrait entra\u00eener plus de 14 millions de morts suppl\u00e9mentaires d&rsquo;ici 2030 parmi les plus vuln\u00e9rables, dont un tiers d&rsquo;enfants.<\/p>\n","protected":false},"excerpt":{"rendered":"Donald Trump a demand\u00e9 au Congr\u00e8s am\u00e9ricain d&rsquo;approuver la suppression de 4,9 milliards de dollars suppl\u00e9mentaires d&rsquo;aide internationale,&hellip;\n","protected":false},"author":2,"featured_media":352510,"comment_status":"","ping_status":"","sticky":false,"template":"","format":"standard","meta":{"footnotes":""},"categories":[1589],"tags":[11,782,73,1866,74,12,1864,1865,1863,308],"class_list":{"0":"post-352509","1":"post","2":"type-post","3":"status-publish","4":"format-standard","5":"has-post-thumbnail","7":"category-etats-unis","8":"tag-actualites","9":"tag-ameriques","10":"tag-etats-unis","11":"tag-etats-unis-damerique","12":"tag-monde","13":"tag-news","14":"tag-united-states","15":"tag-united-states-of-america","16":"tag-us","17":"tag-usa"},"share_on_mastodon":{"url":"https:\/\/pubeurope.com\/@fr\/115113001243609306","error":""},"_links":{"self":[{"href":"https:\/\/www.europesays.com\/fr\/wp-json\/wp\/v2\/posts\/352509","targetHints":{"allow":["GET"]}}],"collection":[{"href":"https:\/\/www.europesays.com\/fr\/wp-json\/wp\/v2\/posts"}],"about":[{"href":"https:\/\/www.europesays.com\/fr\/wp-json\/wp\/v2\/types\/post"}],"author":[{"embeddable":true,"href":"https:\/\/www.europesays.com\/fr\/wp-json\/wp\/v2\/users\/2"}],"replies":[{"embeddable":true,"href":"https:\/\/www.europesays.com\/fr\/wp-json\/wp\/v2\/comments?post=352509"}],"version-history":[{"count":0,"href":"https:\/\/www.europesays.com\/fr\/wp-json\/wp\/v2\/posts\/352509\/revisions"}],"wp:featuredmedia":[{"embeddable":true,"href":"https:\/\/www.europesays.com\/fr\/wp-json\/wp\/v2\/media\/352510"}],"wp:attachment":[{"href":"https:\/\/www.europesays.com\/fr\/wp-json\/wp\/v2\/media?parent=352509"}],"wp:term":[{"taxonomy":"category","embeddable":true,"href":"https:\/\/www.europesays.com\/fr\/wp-json\/wp\/v2\/categories?post=352509"},{"taxonomy":"post_tag","embeddable":true,"href":"https:\/\/www.europesays.com\/fr\/wp-json\/wp\/v2\/tags?post=352509"}],"curies":[{"name":"wp","href":"https:\/\/api.w.org\/{rel}","templated":true}]}}