{"id":352511,"date":"2025-08-29T16:29:24","date_gmt":"2025-08-29T16:29:24","guid":{"rendered":"https:\/\/www.europesays.com\/fr\/352511\/"},"modified":"2025-08-29T16:29:24","modified_gmt":"2025-08-29T16:29:24","slug":"certains-commencent-a-peindre-le-drapeau-anglais-sur-les-ronds-points-en-angleterre-linquietante-montee-du-racisme-anti-migrants","status":"publish","type":"post","link":"https:\/\/www.europesays.com\/fr\/352511\/","title":{"rendered":"\u00ab\u00a0Certains commencent \u00e0 peindre le drapeau anglais sur les ronds-points\u00a0\u00bb\u00a0: en Angleterre, l\u2019inqui\u00e9tante mont\u00e9e du racisme anti-migrants"},"content":{"rendered":"<p>\n                                                                    l&rsquo;essentiel<br \/>\n                                                                En Angleterre, les manifestations contre les migrants se multiplient. Selon un r\u00e9cent sondage, 45\u00a0% des Britanniques soutiennent en effet l\u2019id\u00e9e d\u2019un renvoi d\u2019un large nombre de migrants. Reportage \u00e0 Horley, petite ville du Sud, o\u00f9 un rassemblement s\u2019est d\u00e9roul\u00e9 devant un h\u00f4tel h\u00e9bergeant des migrants.\n                            <\/p>\n<p>Horley est une petite ville calme du sud de l\u2019Angleterre, juste \u00e0 c\u00f4t\u00e9 de l\u2019a\u00e9roport de Gatwick. Difficile de croire que le 23\u00a0ao\u00fbt, quelque 200 manifestants anti-immigration se sont rassembl\u00e9s devant l\u2019h\u00f4tel Four Points By Sheraton, \u00e0 un quart d\u2019heure \u00e0 pied du centre. Comme dans plus d\u2019une vingtaine de villes du pays, ils sont venus exprimer leur m\u00e9contentement face \u00e0 l\u2019h\u00e9bergement de demandeurs d\u2019asile en situation irr\u00e9guli\u00e8re. Certains habitants en restent encore abasourdis. \u00ab\u00a0Horley est une ville tellement tranquille, il n\u2019y a pas de probl\u00e8me, raconte John Rankin, un volontaire dans un magasin caritatif. J\u2019ai vraiment \u00e9t\u00e9 surpris d\u2019apprendre qu\u2019une manifestation avait \u00e9t\u00e9 organis\u00e9e ici. Je ne savais m\u00eame pas qu\u2019il y avait des migrants dans l\u2019h\u00f4tel\u00a0!\u00a0\u00bb<\/p>\n<p>\u00c0 l\u2019instar des manifestations qui ont eu lieu \u00e0 Epping (nord-est de Londres) \u00e0 partir de juillet, la col\u00e8re des protestataires d\u2019Horley est li\u00e9e \u00e0 la condamnation pour agression sexuelle d\u2019un des migrants h\u00e9berg\u00e9s sur place. Si certains manifestants ont profit\u00e9 de l\u2019occasion pour soutenir l\u2019activiste d\u2019extr\u00eame droite Tommy Robinson et brandir les drapeaux britanniques et anglais, des habitants de la ville ont voulu faire part de leurs craintes.<\/p>\n<p>        <img decoding=\"async\" class=\"std-img__img responsive-img\" src=\"https:\/\/www.europesays.com\/fr\/wp-content\/uploads\/2025\/08\/1756484964_834_image.jpg\" alt=\"Glenda a particip\u00e9 \u00e0 la manifestation du 23\u00a0ao\u00fbt.\"\/><\/p>\n<p>                Glenda a particip\u00e9 \u00e0 la manifestation du 23\u00a0ao\u00fbt.<br \/>\n                                    DDM &#8211; Ch. G.<\/p>\n<p>\u00ab\u00a0J\u2019habite \u00e0 c\u00f4t\u00e9 de l\u2019h\u00f4tel et je me sens vraiment intimid\u00e9e par la pr\u00e9sence de ces hommes, explique Glenda Macfarlane, une septuag\u00e9naire qui a manifest\u00e9. J\u2019ai peur de marcher dans la rue. Je prends d\u00e9sormais ma voiture pour aller voir ma fille qui n\u2019habite qu\u2019\u00e0 15 minutes de chez moi. On ne sait pas ce que ces hommes manigancent, c\u2019est effrayant\u2026\u00a0\u00bb<\/p>\n<p>\u00ab\u00a0Les jeunes finiront par voter pour Farage\u00a0\u00bb<\/p>\n<p>Ce qui d\u00e9range Eileen Cartwright*, venue en ville pour faire ses courses, ce sont surtout les sommes d\u00e9pens\u00e9es pour h\u00e9berger ces demandeurs d\u2019asile. \u00ab\u00a0Je comprends la situation d\u00e9sesp\u00e9r\u00e9e de ces personnes, mais je suis retrait\u00e9e et je vais s\u00fbrement perdre certaines des aides sociales qui me sont attribu\u00e9es. Je n\u2019ai rien contre les gens, mais je m\u2019oppose au principe.\u00a0\u00bb Cette Anglaise estime ne pas \u00eatre la seule \u00e0 penser de cette mani\u00e8re et s\u2019inqui\u00e8te de la mont\u00e9e de la x\u00e9nophobie au Royaume-Uni, aliment\u00e9e par la crise des migrants. \u00ab\u00a0Nigel Farage, le leader de Reform UK, fait tout ce qui est en son pouvoir pour renforcer ce sentiment, indique-t-elle. Je le d\u00e9teste\u00a0! Mais les jeunes finiront s\u00fbrement par voter pour lui et c\u2019est effrayant.\u00a0\u00bb<\/p>\n<p>        <img decoding=\"async\" class=\"std-img__img responsive-img\" src=\"https:\/\/www.europesays.com\/fr\/wp-content\/uploads\/2025\/08\/1756484964_635_image.jpg\" alt=\"Ellie Smith, pro-immigration, qui a grandi \u00e0 20 minutes de la ville\"\/><\/p>\n<p>                Ellie Smith, pro-immigration, qui a grandi \u00e0 20 minutes de la ville<br \/>\n                                    DDM &#8211; Ch.G.<\/p>\n<p>Galvanis\u00e9 par ces manifestations anti-immigration, le leader du parti d\u2019extr\u00eame droite britannique a pr\u00e9sent\u00e9 mardi 26\u00a0ao\u00fbt un programme d\u2019expulsion massive des demandeurs d\u2019asile entr\u00e9s de fa\u00e7on ill\u00e9gale dans le pays. Or, selon un sondage de l\u2019institut Yougov paru d\u00e9but ao\u00fbt, 45\u00a0% des Britanniques soutiennent en effet l\u2019id\u00e9e d\u2019un renvoi d\u2019un large nombre de migrants arriv\u00e9s ces derni\u00e8res ann\u00e9es au Royaume-Uni.<\/p>\n<p>\u00ab\u00a0Ces histoires n\u00e9gatives prennent beaucoup trop de place\u00a0\u00bb<\/p>\n<p>Anti-Farage et pro-immigration, Ellie Smith est pour sa part choqu\u00e9e par ces manifestations. Si elle vit \u00e0 Brighton, cette jeune adulte est venue \u00e0 Horley pour passer son code et a grandi \u00e0 20 minutes de la ville. \u00ab\u00a0Je ne comprends pas qu\u2019on puisse autant \u00eatre contre les autres, indique-t-elle. Avec la mont\u00e9e de Reform UK, ces histoires n\u00e9gatives prennent beaucoup trop de place dans les m\u00e9dias, ce qui influence \u00e9norm\u00e9ment l\u2019opinion des gens sur les demandeurs d\u2019asile. Certains commencent m\u00eame \u00e0 peindre des croix de St George, le drapeau anglais, sur les ronds-points\u2026 C\u2019est ridicule\u00a0!\u00a0\u00bb<\/p>\n<p>La jeune femme conteste aussi l\u2019id\u00e9e que les aides mises en place pour les migrants privent les Britanniques de leurs services publics. \u00ab\u00a0Les demandeurs d\u2019asile ne repr\u00e9sentent qu\u2019une petite fraction de la population, indique-t-elle. Le NHS, le service de sant\u00e9 publique, est un champ de ruines ind\u00e9pendamment de l\u2019immigration. C\u2019est \u00e7a le vrai probl\u00e8me que le gouvernement devrait r\u00e9gler.\u00a0\u00bb<\/p>\n<p>\u00a0<\/p>\n<p>* L\u2019interlocutrice a demand\u00e9 \u00e0 changer son nom.<\/p>\n","protected":false},"excerpt":{"rendered":"l&rsquo;essentiel En Angleterre, les manifestations contre les migrants se multiplient. Selon un r\u00e9cent sondage, 45\u00a0% des Britanniques soutiennent&hellip;\n","protected":false},"author":2,"featured_media":352512,"comment_status":"","ping_status":"","sticky":false,"template":"","format":"standard","meta":{"footnotes":""},"categories":[1588],"tags":[11,1777,674,12,473,1853,1851,1850,1852],"class_list":{"0":"post-352511","1":"post","2":"type-post","3":"status-publish","4":"format-standard","5":"has-post-thumbnail","7":"category-royaume-uni","8":"tag-actualites","9":"tag-eu","10":"tag-europe","11":"tag-news","12":"tag-royaume-uni","13":"tag-royaume-uni-de-grande-bretagne-et-dirlande-du-nord","14":"tag-uk","15":"tag-united-kingdom","16":"tag-united-kingdom-of-great-britain-and-northern-ireland"},"share_on_mastodon":{"url":"https:\/\/pubeurope.com\/@fr\/115113005668814562","error":""},"_links":{"self":[{"href":"https:\/\/www.europesays.com\/fr\/wp-json\/wp\/v2\/posts\/352511","targetHints":{"allow":["GET"]}}],"collection":[{"href":"https:\/\/www.europesays.com\/fr\/wp-json\/wp\/v2\/posts"}],"about":[{"href":"https:\/\/www.europesays.com\/fr\/wp-json\/wp\/v2\/types\/post"}],"author":[{"embeddable":true,"href":"https:\/\/www.europesays.com\/fr\/wp-json\/wp\/v2\/users\/2"}],"replies":[{"embeddable":true,"href":"https:\/\/www.europesays.com\/fr\/wp-json\/wp\/v2\/comments?post=352511"}],"version-history":[{"count":0,"href":"https:\/\/www.europesays.com\/fr\/wp-json\/wp\/v2\/posts\/352511\/revisions"}],"wp:featuredmedia":[{"embeddable":true,"href":"https:\/\/www.europesays.com\/fr\/wp-json\/wp\/v2\/media\/352512"}],"wp:attachment":[{"href":"https:\/\/www.europesays.com\/fr\/wp-json\/wp\/v2\/media?parent=352511"}],"wp:term":[{"taxonomy":"category","embeddable":true,"href":"https:\/\/www.europesays.com\/fr\/wp-json\/wp\/v2\/categories?post=352511"},{"taxonomy":"post_tag","embeddable":true,"href":"https:\/\/www.europesays.com\/fr\/wp-json\/wp\/v2\/tags?post=352511"}],"curies":[{"name":"wp","href":"https:\/\/api.w.org\/{rel}","templated":true}]}}