{"id":352513,"date":"2025-08-29T16:30:13","date_gmt":"2025-08-29T16:30:13","guid":{"rendered":"https:\/\/www.europesays.com\/fr\/352513\/"},"modified":"2025-08-29T16:30:13","modified_gmt":"2025-08-29T16:30:13","slug":"allemagne-laccueil-de-refugies-afghans-au-mepris-des-promesses-de-merz","status":"publish","type":"post","link":"https:\/\/www.europesays.com\/fr\/352513\/","title":{"rendered":"Allemagne : l\u2019accueil de r\u00e9fugi\u00e9s afghans au m\u00e9pris des promesses de Merz"},"content":{"rendered":"<p>En Allemagne, la politique migratoire de Friedrich Merz, cens\u00e9e rompre avec l\u2019\u00e8re Merkel, vacille face \u00e0 une d\u00e9cision judiciaire retentissante. Le 8 juillet 2025, le tribunal administratif de Berlin a ordonn\u00e9 la d\u00e9livrance de visas \u00e0 une famille afghane menac\u00e9e, malgr\u00e9 le gel du programme d\u2019accueil par Merz. Quelques 2.000 Afghans, anciens collaborateurs de l\u2019arm\u00e9e allemande, militants ou journalistes, attendent au Pakistan. Selon <a href=\"https:\/\/www.focus.de\/politik\/deutschland\/merz-regierung-holt-erstmals-afghanen-nach-deutschland-bei-den-kosten-ist-sie-grosszuegig_a4fd5e0e-46c5-4172-af55-06672e79f6c9.html\" target=\"_blank\" rel=\"noopener nofollow\">Focus<\/a>, un p\u00e8re et son fils accueillis auraient des liens avec des mouvements violents, ravivant les craintes s\u00e9curitaires. Financ\u00e9 par les contribuables allemands, cet accueil relance le d\u00e9bat sur le co\u00fbt et les risques de l\u2019immigration, alors que l\u2019extr\u00eame droite, port\u00e9e par l\u2019AfD, gagne du terrain dans une soci\u00e9t\u00e9 divis\u00e9e.<\/p>\n<p>Une justice qui d\u00e9fie le gouvernement<\/p>\n<p>Le tribunal administratif de Berlin a rappel\u00e9 au chancelier allemand ses obligations l\u00e9gales. En effet, l\u2019Allemagne, juridiquement engag\u00e9e envers les Afghans ayant travaill\u00e9 \u00e0 son service, doit honorer ses promesses de protection. Mauvais timing, puisque cette d\u00e9cision intervient alors que Merz, leader de la CDU (union chr\u00e9tienne-d\u00e9mocrate), avait gel\u00e9 ce programme d\u00e8s son arriv\u00e9e au pouvoir en mai 2025, surfant sur la principale pr\u00e9occupation du corps \u00e9lectoral : l\u2019immigration. Toujours au c\u0153ur des d\u00e9bats, 39 % des Allemand place l\u2019immigration comme sujet d\u2019inqui\u00e9tude majeur en ao\u00fbt 2025 (<a href=\"https:\/\/www.ipsos.com\/de-de\/meinungsumfragen\/sorgenbarometer\" target=\"_blank\" rel=\"noopener nofollow\">Ipsos<\/a>), montrant que Merz n\u2019a pas su vraiment apaiser les masses populaires.<\/p>\n<p>Les co\u00fbts, jug\u00e9s exorbitants par Focus sans chiffres pr\u00e9cis, p\u00e8sent sur les contribuables. Un r\u00e9cent sondage Ipsos r\u00e9v\u00e8le que 39 % des Allemands consid\u00e8rent l\u2019immigration comme leur principale pr\u00e9occupation, devant l\u2019\u00e9conomie et la s\u00e9curit\u00e9 sociale, faisant de ce sujet le num\u00e9ro un outre-Rhin. Du c\u00f4t\u00e9 de l\u2019opposition, on fulmine. Sur X, la pr\u00e9sidente d\u2019Alternative f\u00fcr Deutschland (AFD) Alice Weidel, plaide pour un changement de politique radicale estimant que cette \u00ab\u00a0d\u00e9cision de justice portait pr\u00e9judice \u00e0 l\u2019Allemagne\u00a0\u00bb. Ajoutant\u00a0: \u00ab\u00a0Le gouvernement Merz s&rsquo;incline \u00e0 nouveau. Le tournant migratoire n&rsquo;est possible qu&rsquo;avec l&rsquo;AfD. \u00bb<\/p>\n<blockquote class=\"twitter-tweet\">\n<p dir=\"ltr\" lang=\"de\">Wieder gereicht eine fragw\u00fcrdige Verwaltungsgerichtsentscheidung Deutschland zum Schaden. Weitere 2000 Afghanen sollen eingeflogen werden und nat\u00fcrlich knickt die Merz-Regierung wieder ein. Migrationswende gibt\u2019s nur mit der AfD.<a href=\"https:\/\/t.co\/xHPaX4STap\" rel=\"nofollow\">https:\/\/t.co\/xHPaX4STap<\/a><\/p>\n<p>\u2014 Alice Weidel (@Alice_Weidel) <a href=\"https:\/\/twitter.com\/Alice_Weidel\/status\/1960307235969773940?ref_src=twsrc%5Etfw\" rel=\"nofollow noopener\" target=\"_blank\">August 26, 2025<\/a><\/p>\n<\/blockquote>\n<p><b>Des risques s\u00e9curitaires balay\u00e9s d\u2019un revers de main ?<\/b><\/p>\n<p>Si le gouvernement Merz se f\u00e9licite d\u2019avoir expuls\u00e9 <a href=\"https:\/\/www.lemonde.fr\/international\/article\/2025\/07\/18\/l-allemagne-annonce-l-expulsion-de-81-condamnes-afghans-vers-leur-pays-d-origine_6622007_3210.html#:~:text=Le%20gouvernement%20allemand%20a%20annonc%C3%A9,chancelier%2C%20le%20conservateur%20Friedrich%20Merz.\" target=\"_blank\" rel=\"noopener nofollow\">81 criminels Afghans vers leur pays d\u2019origine cet \u00e9t\u00e9<\/a>, des craintes se font entendre au sein m\u00eame de la majorit\u00e9 chr\u00e9tienne-d\u00e9mocrate. Interrog\u00e9 par nos confr\u00e8res de Focus, Stephan Mayer, expert en affaires int\u00e9rieures au sein du groupe parlementaire CDU\/CSU, est tr\u00e8s septique quant \u00e0 l\u2019identification des profils des personnes qui seront accueillies\u00a0: \u00ab\u00a0Je reste convaincu qu&rsquo;au vu des lacunes et des insuffisances connues dans l&rsquo;identification et, en particulier, dans le contr\u00f4le de s\u00e9curit\u00e9 des ressortissants afghans qui doivent \u00eatre rapatri\u00e9s du Pakistan vers l&rsquo;Allemagne, il serait gravement n\u00e9gligent et donc inappropri\u00e9 d&rsquo;accepter ces personnes dans notre pays.\u00a0\u00bb<\/p>\n<p>Au del\u00e0 m\u00eame du co\u00fbt de l\u2019accueil et des promesses non-tenues de Merz, subsiste un risque s\u00e9curitaire. Les Allemands gardent encore \u00e0 l\u2019esprit l\u2019<a href=\"https:\/\/www.bvoltaire.fr\/allemagne-une-attaque-au-couteau-fait-deux-morts\/\" rel=\"nofollow noopener\" target=\"_blank\">attaque au couteau meurtri\u00e8re perp\u00e9tr\u00e9e par un Afghan en janvier dernier<\/a> dans un parc de Bavi\u00e8re et l\u2019<a href=\"https:\/\/www.lemonde.fr\/international\/article\/2025\/02\/15\/attentat-a-la-voiture-belier-a-munich-la-police-annonce-la-mort-d-une-mere-et-sa-fille-le-suspect-mis-en-examen_6547008_3211.html\" target=\"_blank\" rel=\"noopener nofollow\">attaque \u00e0 la voiture b\u00e9lier \u00e0 Munich<\/a> faisant 2 morts et 39 bless\u00e9s en f\u00e9vrier dernier, elle-aussi commise commise par un ressortissant afghan arriv\u00e9 en 2016. De quoi durablement marquer l\u2019imaginaire collectif allemand.<\/p>\n<p>                    <a href=\"#\" rel=\"nofollow\" onclick=\"window.print(); pfTrackEvent('Allemagne : l\u2019accueil de r\u00e9fugi\u00e9s afghans au m\u00e9pris des promesses de Merz'); return false;\" title=\"Printer Friendly, PDF &amp; Email\"><br \/>\n                    <img decoding=\"async\" src=\"https:\/\/www.europesays.com\/fr\/wp-content\/uploads\/2025\/04\/printfriendly-icon-sm.png\" alt=\"Print Friendly, PDF &amp; Email\" class=\"pf-button-img\" style=\"width: 17px;height: 17px;\"\/>Imprimer, enregistrer en PDF cet article<br \/>\n                    <\/a><br \/>\n                <script async src=\"https:\/\/platform.twitter.com\/widgets.js\" charset=\"utf-8\"><\/script><\/p>\n","protected":false},"excerpt":{"rendered":"En Allemagne, la politique migratoire de Friedrich Merz, cens\u00e9e rompre avec l\u2019\u00e8re Merkel, vacille face \u00e0 une d\u00e9cision&hellip;\n","protected":false},"author":2,"featured_media":352514,"comment_status":"","ping_status":"","sticky":false,"template":"","format":"standard","meta":{"footnotes":""},"categories":[1587],"tags":[11,672,1804,1805,1803,1777,674,1801,12,1802],"class_list":{"0":"post-352513","1":"post","2":"type-post","3":"status-publish","4":"format-standard","5":"has-post-thumbnail","7":"category-allemagne","8":"tag-actualites","9":"tag-allemagne","10":"tag-bundesrepublik-deutschland","11":"tag-de","12":"tag-deutschland","13":"tag-eu","14":"tag-europe","15":"tag-germany","16":"tag-news","17":"tag-republique-federale-dallemagne"},"share_on_mastodon":{"url":"https:\/\/pubeurope.com\/@fr\/115113009217409035","error":""},"_links":{"self":[{"href":"https:\/\/www.europesays.com\/fr\/wp-json\/wp\/v2\/posts\/352513","targetHints":{"allow":["GET"]}}],"collection":[{"href":"https:\/\/www.europesays.com\/fr\/wp-json\/wp\/v2\/posts"}],"about":[{"href":"https:\/\/www.europesays.com\/fr\/wp-json\/wp\/v2\/types\/post"}],"author":[{"embeddable":true,"href":"https:\/\/www.europesays.com\/fr\/wp-json\/wp\/v2\/users\/2"}],"replies":[{"embeddable":true,"href":"https:\/\/www.europesays.com\/fr\/wp-json\/wp\/v2\/comments?post=352513"}],"version-history":[{"count":0,"href":"https:\/\/www.europesays.com\/fr\/wp-json\/wp\/v2\/posts\/352513\/revisions"}],"wp:featuredmedia":[{"embeddable":true,"href":"https:\/\/www.europesays.com\/fr\/wp-json\/wp\/v2\/media\/352514"}],"wp:attachment":[{"href":"https:\/\/www.europesays.com\/fr\/wp-json\/wp\/v2\/media?parent=352513"}],"wp:term":[{"taxonomy":"category","embeddable":true,"href":"https:\/\/www.europesays.com\/fr\/wp-json\/wp\/v2\/categories?post=352513"},{"taxonomy":"post_tag","embeddable":true,"href":"https:\/\/www.europesays.com\/fr\/wp-json\/wp\/v2\/tags?post=352513"}],"curies":[{"name":"wp","href":"https:\/\/api.w.org\/{rel}","templated":true}]}}