{"id":352517,"date":"2025-08-29T16:32:10","date_gmt":"2025-08-29T16:32:10","guid":{"rendered":"https:\/\/www.europesays.com\/fr\/352517\/"},"modified":"2025-08-29T16:32:10","modified_gmt":"2025-08-29T16:32:10","slug":"le-peuple-aura-le-dernier-mot-sur-la-double-majorite-pour-les-accords-avec-lue","status":"publish","type":"post","link":"https:\/\/www.europesays.com\/fr\/352517\/","title":{"rendered":"Le peuple aura le dernier mot sur la double majorit\u00e9 pour les accords avec l\u2019UE"},"content":{"rendered":"<p>    R\u00e9sum\u00e9 en 20 secondes<\/p>\n<p>        En savoir plus sur ce type de contenu<\/p>\n<p>Ce r\u00e9sum\u00e9 peut avoir \u00e9t\u00e9 \u00e9crit avec l&rsquo;assistance d\u2019une IA g\u00e9n\u00e9rative. <a href=\"https:\/\/www.letemps.ch\/cyber\/l-usage-de-l-ia-generative-par-les-journalistes-du-temps\" rel=\"nofollow noopener\" target=\"_blank\">En savoir plus<\/a><\/p>\n<p class=\"article__abstract-call-to-action\" data-ariato=\"TrackableElement\" data-trackable-element-type=\"article_abstract_cta\" data-trackable-element-location=\"article_header\" data-trackable-element-id=\"504548\">\n        <a data-event=\"click-&gt;clicked\" href=\"https:\/\/www.letemps.ch\/abonnements\" rel=\"nofollow noopener\" target=\"_blank\">Abonnez-vous<\/a> pour acc\u00e9der au r\u00e9sum\u00e9 en 20 secondes.\n      <\/p>\n<p>La pression entourant le dossier europ\u00e9en monte encore d\u2019un cran. L\u2019initiative dite \u00abBoussole\u00bb a \u00e9t\u00e9 d\u00e9pos\u00e9e ce vendredi apr\u00e8s-midi \u00e0 la Chancellerie f\u00e9d\u00e9rale \u00e0 Berne, avec plus de 140\u00a0000 signatures, dont au moins 115\u00a0000 d\u00e9j\u00e0 valid\u00e9es. Le signal se veut fort. Le texte exige que le nouveau paquet d\u2019accords avec l\u2019Union europ\u00e9enne (UE) soit soumis au r\u00e9f\u00e9rendum obligatoire, qui n\u00e9cessite la double majorit\u00e9 du peuple et des cantons. \u00abC\u2019est une question de l\u00e9gitimit\u00e9, y compris pour les pro-europ\u00e9ens, plaide l\u2019avocat tessinois Paolo Caroni, membre du comit\u00e9 d\u2019initiative. Les cons\u00e9quences sont si importantes et durables pour notre d\u00e9mocratie qu\u2019on ne peut pas laisser les seuls grands centres d\u00e9cider pour tout le pays.\u00bb<\/p>\n<p>Le texte de l\u2019initiative entre frontalement en collision avec les d\u00e9cisions du Conseil f\u00e9d\u00e9ral, qui a annonc\u00e9, le 30\u00a0avril dernier, sa volont\u00e9 de soumettre le paquet au r\u00e9f\u00e9rendum simple, soit \u00e0 la seule majorit\u00e9 du peuple. Pour le gouvernement, la Constitution ne pr\u00e9voit pas de r\u00e9f\u00e9rendum obligatoire pour un tel trait\u00e9. Les initiants demandent que leur texte soit trait\u00e9 rapidement. \u00abDe toute fa\u00e7on, si notre initiative passe apr\u00e8s le paquet d\u2019accords et qu\u2019elle est accept\u00e9e, il faudra revoter sur ces accords, cette fois avec la double majorit\u00e9\u00bb, pr\u00e9cise Paolo Caroni, \u00e9galement d\u00e9put\u00e9 centriste au Grand Conseil tessinois.<\/p>\n","protected":false},"excerpt":{"rendered":"R\u00e9sum\u00e9 en 20 secondes En savoir plus sur ce type de contenu Ce r\u00e9sum\u00e9 peut avoir \u00e9t\u00e9 \u00e9crit&hellip;\n","protected":false},"author":2,"featured_media":352518,"comment_status":"","ping_status":"","sticky":false,"template":"","format":"standard","meta":{"footnotes":""},"categories":[1586],"tags":[11,1777,674,1779,1011,27,12,6328,301,25,2582,1778,364],"class_list":{"0":"post-352517","1":"post","2":"type-post","3":"status-publish","4":"format-standard","5":"has-post-thumbnail","7":"category-europe","8":"tag-actualites","9":"tag-eu","10":"tag-europe","11":"tag-european-union","12":"tag-fr","13":"tag-france","14":"tag-news","15":"tag-politique-federale","16":"tag-premium","17":"tag-republique-francaise","18":"tag-suisse-ue","19":"tag-ue","20":"tag-union-europeenne"},"share_on_mastodon":{"url":"https:\/\/pubeurope.com\/@fr\/115113016983688957","error":""},"_links":{"self":[{"href":"https:\/\/www.europesays.com\/fr\/wp-json\/wp\/v2\/posts\/352517","targetHints":{"allow":["GET"]}}],"collection":[{"href":"https:\/\/www.europesays.com\/fr\/wp-json\/wp\/v2\/posts"}],"about":[{"href":"https:\/\/www.europesays.com\/fr\/wp-json\/wp\/v2\/types\/post"}],"author":[{"embeddable":true,"href":"https:\/\/www.europesays.com\/fr\/wp-json\/wp\/v2\/users\/2"}],"replies":[{"embeddable":true,"href":"https:\/\/www.europesays.com\/fr\/wp-json\/wp\/v2\/comments?post=352517"}],"version-history":[{"count":0,"href":"https:\/\/www.europesays.com\/fr\/wp-json\/wp\/v2\/posts\/352517\/revisions"}],"wp:featuredmedia":[{"embeddable":true,"href":"https:\/\/www.europesays.com\/fr\/wp-json\/wp\/v2\/media\/352518"}],"wp:attachment":[{"href":"https:\/\/www.europesays.com\/fr\/wp-json\/wp\/v2\/media?parent=352517"}],"wp:term":[{"taxonomy":"category","embeddable":true,"href":"https:\/\/www.europesays.com\/fr\/wp-json\/wp\/v2\/categories?post=352517"},{"taxonomy":"post_tag","embeddable":true,"href":"https:\/\/www.europesays.com\/fr\/wp-json\/wp\/v2\/tags?post=352517"}],"curies":[{"name":"wp","href":"https:\/\/api.w.org\/{rel}","templated":true}]}}