{"id":352521,"date":"2025-08-29T16:34:13","date_gmt":"2025-08-29T16:34:13","guid":{"rendered":"https:\/\/www.europesays.com\/fr\/352521\/"},"modified":"2025-08-29T16:34:13","modified_gmt":"2025-08-29T16:34:13","slug":"transports-verbalisee-dans-un-train-a-cause-des-miaulements-de-son-chat-elle-a-ete-odieuse","status":"publish","type":"post","link":"https:\/\/www.europesays.com\/fr\/352521\/","title":{"rendered":"Transports. Verbalis\u00e9e dans un train \u00e0 cause des miaulements de son chat\u00a0: \u00ab\u00a0Elle a \u00e9t\u00e9 odieuse\u00a0\u00bb"},"content":{"rendered":"<p>La SNCF avait d\u00e9j\u00e0 donn\u00e9 sa version, \u00e9voquant les plaintes et tensions avec d\u2019autres voyageurs qui avaient entra\u00een\u00e9 l&rsquo;amende de 110 euros dont avait \u00e9cop\u00e9 Camille, <a href=\"https:\/\/www.ledauphine.com\/transport\/2025\/08\/26\/leur-chat-miaule-trop-fort-dans-le-train-ils-sont-lourdement-verbalises-par-la-sncf\" target=\"_blank\" rel=\"nofollow noopener\">propri\u00e9taire d&rsquo;un chat qui miaulait \u00e0 bord d&rsquo;un TGV<\/a>. Ce vendredi, plusieurs passagers du TGV Vannes-Paris du 21 ao\u00fbt affirment au <a href=\"https:\/\/www.letelegramme.fr\/france\/cette-personne-a-ete-absolument-odieuse-dans-laffaire-du-chat-qui-miaule-trop-deux-passagers-du-tgv-chargent-la-proprietaire-6877631.php\" target=\"_blank\" rel=\"nofollow noopener\">T\u00e9l\u00e9gramme<\/a> que la jeune femme verbalis\u00e9e avait \u00e9t\u00e9 \u00ab absolument odieuse \u00bb.<\/p>\n<p>\u00ab\u00a0Une attitude insultante et grossi\u00e8re\u00a0\u00bb<\/p>\n<p>\u00ab Les demandes tr\u00e8s polies d\u2019un passager de faire quelque chose contre les miaulements intempestifs se sont vu r\u00e9pondre par des insultes. Cette personne a \u00e9t\u00e9 absolument odieuse \u00bb, raconte une premi\u00e8re passag\u00e8re. \u00ab Les agents de la SNCF ont \u00e9t\u00e9 pouss\u00e9s \u00e0 cette verbalisation par son attitude insultante et grossi\u00e8re, refusant toutes les propositions faites et refusant de pr\u00e9senter ses papiers\u2026 et non par son chat\u00a0\u00bb, poursuit-elle, \u00e9voquant des contr\u00f4leurs \u00ab\u00a0tr\u00e8s professionnels \u00bb.<\/p>\n<p>\u00ab Le chat n\u2019a pas arr\u00eat\u00e9 de miauler plus ou moins fort, toutes les cinq secondes environ, sans qu\u2019elle n\u2019essaye de faire quoique ce soit pour l\u2019en dissuader \u00bb, explique un autre t\u00e9moin. Certains passagers se sont vu r\u00e9pondre \u00ab qu\u2019ils n\u2019avaient qu\u2019\u00e0 mettre des \u00e9couteurs \u00bb.<\/p>\n<p>  \u00ab Il a un petit peu miaul\u00e9 au d\u00e9but\u00a0\u00bb, assurait la ma\u00eetresse<\/p>\n<p>\u00ab Il a un petit peu miaul\u00e9 au d\u00e9but du trajet et \u00e0 la suite de la plainte d\u2019un voyageur, un contr\u00f4leur nous a mis une amende \u00bb, avait simplement expliqu\u00e9 la ma\u00eetresse \u00e0 BFMTV, assurant que son chat avait \u00ab l\u2019habitude \u00bb de voyager dans sa caisse en train.<\/p>\n<p>Ce contenu est bloqu\u00e9 car vous n&rsquo;avez pas accept\u00e9 les cookies et autres traceurs.<\/p>\n<p>En cliquant sur \u00ab J\u2019accepte \u00bb, les cookies et autres traceurs seront d\u00e9pos\u00e9s et vous pourrez visualiser les contenus  (<a href=\"\" class=\"consentModule_policy\" target=\"_blank\" title=\"Consulter la politique de protection des donn\u00e9es du fournisseur\">plus d&rsquo;informations<\/a>).<\/p>\n<p>En cliquant sur \u00ab J\u2019accepte tous les cookies \u00bb, vous autorisez des d\u00e9p\u00f4ts de cookies et autres traceurs pour le stockage de vos donn\u00e9es sur nos sites et applications \u00e0 des fins de personnalisation et de ciblage publicitaire.<\/p>\n<p class=\"consentModule_secondaryText\">Vous gardez la possibilit\u00e9 de retirer votre consentement \u00e0 tout moment en consultant notre <a href=\"https:\/\/www.ledauphine.com\/protection-des-donnees\" target=\"_blank\" title=\"Consulter notre politique de protection des donn\u00e9es\" rel=\"nofollow noopener\">politique de protection des donn\u00e9es<\/a>. <br \/>&#13;<br \/>\n            <a href=\"https:\/\/www.ledauphine.com\/transport\/2025\/08\/29\/javascript:Didomi.notice.show()\" class=\"consentModule_cmp\" rel=\"nofollow noopener\" target=\"_blank\">G\u00e9rer mes choix<\/a>&#13;\n        <\/p>\n<p>&#13;<br \/>\n                        J&rsquo;accepte&#13;<br \/>\n            J&rsquo;accepte tous les cookies&#13;\n        <\/p>\n<p>Le PV, publi\u00e9 par l&rsquo;usag\u00e8re sur les r\u00e9seaux sociaux, montre le commentaire de l&rsquo;agent \u00a0: \u00ab La cliente voyage avec un chat qui n&rsquo;arr\u00eate pas de miauler. Suite \u00e0 la plainte de plusieurs voyageurs, nous lui demandons de se d\u00e9placer. Elle refuse. Le chat \u00e9tant bruyant nous engageons la demande de RI (Relev\u00e9 d&rsquo;identit\u00e9) pour trouble \u00e0 l&rsquo;ordre public d\u00fb au bruit.\u00a0\u00bb<\/p>\n<p>Sur le r\u00e9seau social X, la SNCF s&rsquo;est montr\u00e9e plus pr\u00e9cise : \u00ab La verbalisation n\u2019est pas li\u00e9e au miaulement du chat (qui n\u2019est pas un motif de r\u00e9gularisation) mais au comportement de notre cliente dans le cadre de tensions \u00e0 bord. Suite \u00e0 de nombreuses plaintes de voyageurs engendrant des altercations entre clients durant le trajet, nos chefs de bord ont propos\u00e9 \u00e0 la cliente d&rsquo;\u00eatre replac\u00e9e dans une voiture \u00e0 c\u00f4t\u00e9, une solution simple et de bon sens qu\u2019elle a malheureusement refus\u00e9. Cela aurait permis d\u2019assurer la s\u00e9r\u00e9nit\u00e9 de tous, y compris pour elle et son animal de compagnie.\u00a0\u00bb<\/p>\n<p class=\"note\">&gt;&gt; Lire l&rsquo;article du <a href=\"https:\/\/www.letelegramme.fr\/france\/cette-personne-a-ete-absolument-odieuse-dans-laffaire-du-chat-qui-miaule-trop-deux-passagers-du-tgv-chargent-la-proprietaire-6877631.php\" target=\"_blank\" rel=\"nofollow noopener\">T\u00e9l\u00e9gramme<\/a>.<\/p>\n","protected":false},"excerpt":{"rendered":"La SNCF avait d\u00e9j\u00e0 donn\u00e9 sa version, \u00e9voquant les plaintes et tensions avec d\u2019autres voyageurs qui avaient entra\u00een\u00e9&hellip;\n","protected":false},"author":2,"featured_media":352522,"comment_status":"","ping_status":"","sticky":false,"template":"","format":"standard","meta":{"footnotes":""},"categories":[2],"tags":[11,274,107,1011,27,329,12,25,273,2803],"class_list":{"0":"post-352521","1":"post","2":"type-post","3":"status-publish","4":"format-standard","5":"has-post-thumbnail","7":"category-actualites","8":"tag-actualites","9":"tag-faits-divers-justice","10":"tag-fil-info","11":"tag-fr","12":"tag-france","13":"tag-france-monde","14":"tag-news","15":"tag-republique-francaise","16":"tag-selection-de-la-redaction","17":"tag-transport"},"share_on_mastodon":{"url":"https:\/\/pubeurope.com\/@fr\/115113024809705066","error":""},"_links":{"self":[{"href":"https:\/\/www.europesays.com\/fr\/wp-json\/wp\/v2\/posts\/352521","targetHints":{"allow":["GET"]}}],"collection":[{"href":"https:\/\/www.europesays.com\/fr\/wp-json\/wp\/v2\/posts"}],"about":[{"href":"https:\/\/www.europesays.com\/fr\/wp-json\/wp\/v2\/types\/post"}],"author":[{"embeddable":true,"href":"https:\/\/www.europesays.com\/fr\/wp-json\/wp\/v2\/users\/2"}],"replies":[{"embeddable":true,"href":"https:\/\/www.europesays.com\/fr\/wp-json\/wp\/v2\/comments?post=352521"}],"version-history":[{"count":0,"href":"https:\/\/www.europesays.com\/fr\/wp-json\/wp\/v2\/posts\/352521\/revisions"}],"wp:featuredmedia":[{"embeddable":true,"href":"https:\/\/www.europesays.com\/fr\/wp-json\/wp\/v2\/media\/352522"}],"wp:attachment":[{"href":"https:\/\/www.europesays.com\/fr\/wp-json\/wp\/v2\/media?parent=352521"}],"wp:term":[{"taxonomy":"category","embeddable":true,"href":"https:\/\/www.europesays.com\/fr\/wp-json\/wp\/v2\/categories?post=352521"},{"taxonomy":"post_tag","embeddable":true,"href":"https:\/\/www.europesays.com\/fr\/wp-json\/wp\/v2\/tags?post=352521"}],"curies":[{"name":"wp","href":"https:\/\/api.w.org\/{rel}","templated":true}]}}