{"id":352526,"date":"2025-08-29T16:38:11","date_gmt":"2025-08-29T16:38:11","guid":{"rendered":"https:\/\/www.europesays.com\/fr\/352526\/"},"modified":"2025-08-29T16:38:11","modified_gmt":"2025-08-29T16:38:11","slug":"clermont-toulon-amical-la-composition-toulonnaise-rct","status":"publish","type":"post","link":"https:\/\/www.europesays.com\/fr\/352526\/","title":{"rendered":"Clermont \u2013 Toulon (amical) : la composition toulonnaise &#8211; RCT"},"content":{"rendered":"<ol>\n<li><a href=\"https:\/\/news.google.com\/rss\/articles\/CBMifkFVX3lxTE9EV3dmejhpS3BuWlJNUmx5T2FGMjFJRU9yM0hCbmtMTW00RFA3eHdMbV8wUXVNcHF6VW9tR1N6b1l3NzN3LVF5NURJeVlBRlAxRDV3OFZwT1N3dDBkcmpVSXdyMHA4dHRYR25DZDZuVXJKaDA2VThlUm1LUGJodw?oc=5\" target=\"_blank\" rel=\"nofollow noopener\">Clermont \u2013 Toulon (amical) : la composition toulonnaise<\/a>&nbsp;&nbsp;RCT<\/li>\n<li><a href=\"https:\/\/news.google.com\/rss\/articles\/CBMinwFBVV95cUxQRGNQM3dlcUdQdTViWTZZWTZkRWNhSl9ScjU0Mm1GQXhLWnNxTGdsekw1WFBaWlRmaFZJZkh6OE85Qk5EVmk5S20wb25Ra3ZQU1pYNnpSM0U3SUstNWdpcm9lYXVmbGpHUUc4LVlKOC15M3ZmcnhVVjlKdVRqYzByeXpXN0VzY25tMW5JOGtodWh2TVdVSWJZQ1lrazdpYXc?oc=5\" target=\"_blank\" rel=\"nofollow noopener\">C&rsquo;est parti pour le tournoi f\u00e9minin de l&rsquo;In Extenso Supersevens ! | Supersevens &#8211; Site Officiel<\/a>&nbsp;&nbsp;Supersevens<\/li>\n<li><a href=\"https:\/\/news.google.com\/rss\/articles\/CBMipgFBVV95cUxNOUlGS2xMajNBcXd0UF81NGFEVmRiNDk5WXNRbE5sV2dnVURpSjVkbHlEYzhfWDN5dEdScDZmcFZlMUJVbmpaUUFPeVF1aW1kSHBoa0dnbmVJMGRJTWp0eC1BczJXa2NLNTVhWHZCYjFCMTJnSWU5Rk9PZk1DM3NaMXZSNE9vY2huYXRiQkdmODUzc0hXWUk0bEIyajNWN3FBTU1pcDNn?oc=5\" target=\"_blank\" rel=\"nofollow noopener\">Supersevens, Barry dans le groupe pour la troisi\u00e8me \u00e9tape<\/a>&nbsp;&nbsp;Stade Rochelais<\/li>\n<li><a href=\"https:\/\/news.google.com\/rss\/articles\/CBMiogJBVV95cUxNS0pmc3JjNmJXZ2RaajRsQ0dMWGdDYkd3OGphSlZwTVpNUkZ5bFZ1bTlPeHlCTTFZVUtwelhZeG5aaC1qaEJtdFBNWkhVVkNxN3dnZUppdHRITTdadmJzamVFZFExSjAwSEdPblB6Ql9NYjBrVUlYQUxLdC1pUVRPdDVfcE12NGhNbDFZVFgzSS1zVGVqZnhYU1dpYnRfZDZaSGh6U25NLTRiRW5IMXg0NVVhVk9xTTJrVENUclJyM2JVazNWNWtqWkQxWU8wRTVmeVFXSkk5ZjNoaDYyZ0FOTTNwbWNMSUM0VHlnQkpuZUQwY3FjbW0tc1h5cVF5bXVubEcyUlpodTBoRW5NekhfVnNsYmdBa0xEU1hHaE1PdVpIdw?oc=5\" target=\"_blank\" rel=\"nofollow noopener\">Rugby &#8211; Supersevens : \u00ab Se servir des \u00e9motions positives du Hameau \u00bb, r\u00e9clame Brandon Fajardo, manager de la Section Paloise 7<\/a>&nbsp;&nbsp;La R\u00e9publique des Pyr\u00e9n\u00e9es<\/li>\n<li><a href=\"https:\/\/news.google.com\/rss\/articles\/CBMi7wFBVV95cUxOTFpfaW54eUJBa25veTFWa1ZNcjlCTjIyTEF0UXh2ZEcyd0UxREhVWTQyMG1uNmw4cVd1Nm9uMFlXMzJad2VuMENSdmtvRnplQ2hGQ3VvM2x0bVFjNmVYUWpIWEtIa0twYUlBMXFSOXZYdHh1QXh5WXQwTTJLeDUweWtFRER3MlRtSGI4RXhlMmlIeWVxV0Y2UFRvSnd5UVdnX0VnVGluLUowWHFOQWl2eDAyXzQwSXdQaEtCTzY3cS1MQUsxNUdRTUUxY0ZHWkVselAyX3I1LW5oVk1pY3NkSVRoZWg3Zm5oQWlzN1d1cw?oc=5\" target=\"_blank\" rel=\"nofollow noopener\">Rugby \u00e0 7 : pour la derni\u00e8re \u00e9tape du Supersevens \u00e0 Pau, l\u2019USAP se pr\u00e9sentera avec une star du circuit mondial<\/a>&nbsp;&nbsp;L&rsquo;Ind\u00e9pendant<\/li>\n<\/ol>\n","protected":false},"excerpt":{"rendered":"Clermont \u2013 Toulon (amical) : la composition toulonnaise&nbsp;&nbsp;RCT C&rsquo;est parti pour le tournoi f\u00e9minin de l&rsquo;In Extenso Supersevens&hellip;\n","protected":false},"author":2,"featured_media":352527,"comment_status":"","ping_status":"","sticky":false,"template":"","format":"standard","meta":{"footnotes":""},"categories":[1416],"tags":[1011,27,479,1468,60],"class_list":{"0":"post-352526","1":"post","2":"type-post","3":"status-publish","4":"format-standard","5":"has-post-thumbnail","7":"category-rugby","8":"tag-fr","9":"tag-france","10":"tag-rugby","11":"tag-rugby-football","12":"tag-sports"},"share_on_mastodon":{"url":"https:\/\/pubeurope.com\/@fr\/115113040493480093","error":""},"_links":{"self":[{"href":"https:\/\/www.europesays.com\/fr\/wp-json\/wp\/v2\/posts\/352526","targetHints":{"allow":["GET"]}}],"collection":[{"href":"https:\/\/www.europesays.com\/fr\/wp-json\/wp\/v2\/posts"}],"about":[{"href":"https:\/\/www.europesays.com\/fr\/wp-json\/wp\/v2\/types\/post"}],"author":[{"embeddable":true,"href":"https:\/\/www.europesays.com\/fr\/wp-json\/wp\/v2\/users\/2"}],"replies":[{"embeddable":true,"href":"https:\/\/www.europesays.com\/fr\/wp-json\/wp\/v2\/comments?post=352526"}],"version-history":[{"count":0,"href":"https:\/\/www.europesays.com\/fr\/wp-json\/wp\/v2\/posts\/352526\/revisions"}],"wp:featuredmedia":[{"embeddable":true,"href":"https:\/\/www.europesays.com\/fr\/wp-json\/wp\/v2\/media\/352527"}],"wp:attachment":[{"href":"https:\/\/www.europesays.com\/fr\/wp-json\/wp\/v2\/media?parent=352526"}],"wp:term":[{"taxonomy":"category","embeddable":true,"href":"https:\/\/www.europesays.com\/fr\/wp-json\/wp\/v2\/categories?post=352526"},{"taxonomy":"post_tag","embeddable":true,"href":"https:\/\/www.europesays.com\/fr\/wp-json\/wp\/v2\/tags?post=352526"}],"curies":[{"name":"wp","href":"https:\/\/api.w.org\/{rel}","templated":true}]}}