{"id":35253,"date":"2025-04-19T01:01:28","date_gmt":"2025-04-19T01:01:28","guid":{"rendered":"https:\/\/www.europesays.com\/fr\/35253\/"},"modified":"2025-04-19T01:01:28","modified_gmt":"2025-04-19T01:01:28","slug":"francis-szpiner-rival-de-rachida-dati-a-la-mairie-de-paris-vise-par-une-information-judiciaire-pour-corruption-liberation","status":"publish","type":"post","link":"https:\/\/www.europesays.com\/fr\/35253\/","title":{"rendered":"Francis Szpiner, rival de Rachida Dati \u00e0 la mairie de Paris, vis\u00e9 par une information judiciaire pour \u00abcorruption\u00bb \u2013 Lib\u00e9ration"},"content":{"rendered":"<p class=\"sc-cPiKLX AiZTS text-element\">Comment ne pas songer aux potentielles cons\u00e9quences <a href=\"https:\/\/www.liberation.fr\/politique\/municipales-a-paris-rachida-dati-au-defi-de-lunite-des-droites-20250311_QZZTRPHTFFBPZBCIYWHZGPHQLM\/\" target=\"_blank\" rel=\"noopener\">sur la bataille qui va s\u2019ouvrir pour la mairie de Paris en 2026<\/a>, alors que Francis Szpiner s\u2019\u00e9tait d\u00e9clar\u00e9 le 12 mars <a href=\"https:\/\/www.leparisien.fr\/elections\/municipales\/francis-szpiner-se-lance-dans-la-course-a-la-mairie-de-paris-rachida-dati-est-aujourdhui-la-candidate-du-macronisme-12-03-2025-3MPNTTMMDFDZ7HBANPP77F4KXM.php?ts=1741840506213\" target=\"_blank\" rel=\"noopener\">dans le Parisien<\/a>, pour tenter d\u2019\u00eatre investi candidat de la droite et du centre \u00e0 la place de la ministre de la Culture <a href=\"https:\/\/www.liberation.fr\/societe\/police-justice\/rachida-dati-perquisition-a-mairie-du-viie-arrondissement-de-paris-en-lien-avec-le-foot-20230627_E3WD3QEFIVFFHJJO7VLUDJXH2I\/\" target=\"_blank\" rel=\"noopener\">Rachida Dati<\/a> ? Selon les informations <a href=\"https:\/\/www.lemonde.fr\/societe\/article\/2025\/04\/17\/l-avocat-francis-szpiner-candidat-a-la-mairie-de-paris-vise-par-une-enquete-pour-corruption_6596907_3224.html\" target=\"_blank\" rel=\"noopener\">du Monde<\/a> et <a href=\"https:\/\/www.leparisien.fr\/faits-divers\/le-senateur-et-celebre-avocat-francis-szpiner-vise-par-une-enquete-pour-des-faveurs-sexuelles-en-echange-dun-logement-hlm-17-04-2025-NTGPEGQCBBBAXCN73Y7QKXX2SQ.php?xtor=AD-366\" target=\"_blank\" rel=\"noopener\">du Parisien<\/a>, des perquisitions ont \u00e9t\u00e9 men\u00e9es mardi au domicile du c\u00e9l\u00e8bre avocat Francis Szpiner. Mais aussi \u00e0 la mairie du XVIe arrondissement de Paris, dont il a \u00e9t\u00e9 maire de juillet 2020 \u00e0 novembre 2023, avant d\u2019\u00eatre nomm\u00e9 s\u00e9nateur Les R\u00e9publicains de la capitale.<\/p>\n<p class=\"sc-cPiKLX AiZTS text-element\">Ces perquisitions ont \u00e9t\u00e9 effectu\u00e9es dans le cadre d\u2019une information judiciaire ouverte pour corruption, a indiqu\u00e9 le parquet ce jeudi 17 avril. Une enqu\u00eate pr\u00e9liminaire avait \u00e9t\u00e9 ouverte le 18 octobre 2024, puis les investigations ont \u00e9t\u00e9 confi\u00e9es \u00e0 un juge d\u2019instruction le 7 avril pour \u00abcorruption active et passive\u00bb, a pr\u00e9cis\u00e9 le minist\u00e8re public. \u00abIl n\u2019y a pas de mise en examen \u00e0 ce jour\u00bb, a ajout\u00e9 le parquet.<\/p>\n<p class=\"sc-cPiKLX AiZTS text-element\">Selon le Monde, l\u2019information judiciaire porte sur les conditions d\u2019attribution en 2023 d\u2019un logement social dans le XVIe arrondissement \u00e0 une esth\u00e9ticienne de 26 ans, qui affirme avoir eu des relations sexuelles avec Francis Spziner, \u00e0 l\u2019\u00e9poque o\u00f9 il \u00e9tait \u00e9dile de la mairie d\u2019arrondissement concern\u00e9e. Elle aurait \u00e9t\u00e9 ouverte par le parquet de Paris \u00e0 la suite du signalement d\u2019un magistrat saisi dans une autre affaire de violences conjugales, entre la m\u00eame jeune femme et son mari, qui ne concernait pas l\u2019\u00e9lu parisien. C\u2019est lors d\u2019une audition dans le cadre de cette premi\u00e8re enqu\u00eate que la vingtenaire aurait \u00e9voqu\u00e9 l\u2019\u00e9change de faveurs sexuelles avec Francis Szpiner, \u00e0 trois reprises, contre l\u2019attribution d\u2019un logement social, selon la copie de l\u2019entretien que s\u2019est procur\u00e9 le Parisien.<\/p>\n<p class=\"sc-cPiKLX AiZTS text-element\">Toujours d\u2019apr\u00e8s le quotidien, la jeune femme aurait contact\u00e9 le maire du XVIe en message priv\u00e9 sur Twitter (devenu X) le 4 f\u00e9vrier 2023 pour requ\u00e9rir son aide pour se trouver un nouveau toit, apr\u00e8s avoir \u00e9t\u00e9 contrainte de quitter le domicile co\u00fbteux du XVIe qu\u2019elle occupait avec son mari, suite aux violences. Apr\u00e8s son rendez-vous avec l\u2019\u00e9dile parisien, la jeune femme a effectivement obtenu un logement social dans le m\u00eame arrondissement. Contact\u00e9 par l\u2019AFP, l\u2019entourage du<a href=\"https:\/\/www.liberation.fr\/societe\/2014\/03\/10\/l-exercice-de-notre-metier-d-avocat-est-remis-en-cause_986070\/\" target=\"_blank\" rel=\"noopener\"> t\u00e9nor du barreau<\/a> affirme \u00abne pas \u00eatre inquiet sur le fond du dossier\u00bb mais \u00abs\u2019interroge sur (un) agenda politique\u00bb li\u00e9 aux prochaines municipales.<\/p>\n<p class=\"sc-cPiKLX AiZTS text-element\"><b>Mise \u00e0 jour<\/b> : \u00e0 12 h 35 avec davantage de d\u00e9tails.<\/p>\n","protected":false},"excerpt":{"rendered":"Comment ne pas songer aux potentielles cons\u00e9quences sur la bataille qui va s\u2019ouvrir pour la mairie de Paris&hellip;\n","protected":false},"author":2,"featured_media":35254,"comment_status":"","ping_status":"","sticky":false,"template":"","format":"standard","meta":{"footnotes":""},"categories":[1888],"tags":[11,1777,674,1011,27,5945,12,626,417,25],"class_list":{"0":"post-35253","1":"post","2":"type-post","3":"status-publish","4":"format-standard","5":"has-post-thumbnail","7":"category-paris","8":"tag-actualites","9":"tag-eu","10":"tag-europe","11":"tag-fr","12":"tag-france","13":"tag-municipales-elections","14":"tag-news","15":"tag-paris","16":"tag-rachida-dati","17":"tag-republique-francaise"},"share_on_mastodon":{"url":"https:\/\/pubeurope.com\/@fr\/114361931223087233","error":""},"_links":{"self":[{"href":"https:\/\/www.europesays.com\/fr\/wp-json\/wp\/v2\/posts\/35253","targetHints":{"allow":["GET"]}}],"collection":[{"href":"https:\/\/www.europesays.com\/fr\/wp-json\/wp\/v2\/posts"}],"about":[{"href":"https:\/\/www.europesays.com\/fr\/wp-json\/wp\/v2\/types\/post"}],"author":[{"embeddable":true,"href":"https:\/\/www.europesays.com\/fr\/wp-json\/wp\/v2\/users\/2"}],"replies":[{"embeddable":true,"href":"https:\/\/www.europesays.com\/fr\/wp-json\/wp\/v2\/comments?post=35253"}],"version-history":[{"count":0,"href":"https:\/\/www.europesays.com\/fr\/wp-json\/wp\/v2\/posts\/35253\/revisions"}],"wp:featuredmedia":[{"embeddable":true,"href":"https:\/\/www.europesays.com\/fr\/wp-json\/wp\/v2\/media\/35254"}],"wp:attachment":[{"href":"https:\/\/www.europesays.com\/fr\/wp-json\/wp\/v2\/media?parent=35253"}],"wp:term":[{"taxonomy":"category","embeddable":true,"href":"https:\/\/www.europesays.com\/fr\/wp-json\/wp\/v2\/categories?post=35253"},{"taxonomy":"post_tag","embeddable":true,"href":"https:\/\/www.europesays.com\/fr\/wp-json\/wp\/v2\/tags?post=35253"}],"curies":[{"name":"wp","href":"https:\/\/api.w.org\/{rel}","templated":true}]}}