{"id":352530,"date":"2025-08-29T16:41:14","date_gmt":"2025-08-29T16:41:14","guid":{"rendered":"https:\/\/www.europesays.com\/fr\/352530\/"},"modified":"2025-08-29T16:41:14","modified_gmt":"2025-08-29T16:41:14","slug":"marini-assure-quaucun-pilote-na-le-statut-de-numero-1","status":"publish","type":"post","link":"https:\/\/www.europesays.com\/fr\/352530\/","title":{"rendered":"Marini assure qu\u2019aucun pilote n\u2019a le statut de num\u00e9ro 1\u2028"},"content":{"rendered":"<p>Dans un contexte o\u00f9 la RC213V peine encore \u00e0 rivaliser avec ses concurrentes, Honda a choisi de ne pas d\u00e9signer de leader. Chaque pilote dispose du m\u00eame r\u00f4le et des m\u00eames responsabilit\u00e9s, avec pour objectif commun d\u2019am\u00e9liorer la moto et de rapporter des r\u00e9sultats d\u00e8s que l\u2019occasion se pr\u00e9sente.<\/p>\n<p><b>Marini et Mir sur un pied d\u2019\u00e9galit\u00e9<\/b><\/p>\n<p>Luca Marini insiste sur le fait que ni lui ni Joan Mir n\u2019ont \u00e9t\u00e9 plac\u00e9s au-dessus de l\u2019autre dans la hi\u00e9rarchie interne. Tous deux participent activement au d\u00e9veloppement de la machine, en partageant leurs donn\u00e9es et leurs ressentis afin d\u2019acc\u00e9l\u00e9rer la progression collective.<\/p>\n<blockquote>\n<p>\u201cJe ne sais pas, \u00e7a d\u00e9pend, cette question est vraiment difficile \u00e0 r\u00e9pondre. Je pense que Honda doit assembler la moto la plus performante du plateau, puis laisser gagner le pilote le plus fort, c\u2019est-\u00e0-dire l\u2019accompagner pour qu\u2019il puisse l\u2019emporter parmi les pilotes pr\u00e9sents.\u202fJe suis tr\u00e8s \u00e0 l\u2019aise avec Joan Mir en ce moment, je pense que nous faisons vraiment du bon travail en mode officiel, nous travaillons tr\u00e8s bien.\u201d D\u00e9clare Marini, source : <a href=\"http:\/\/autohebdo.fr\" target=\"_blank\" rel=\"noopener\">autohebdo.fr<\/a>\u00a0<\/p>\n<\/blockquote>\n<p>Honda mise sur le travail d\u2019\u00e9quipe plut\u00f4t que sur la mise en avant d\u2019un seul pilote. Cette approche permet d\u2019\u00e9viter la pression suppl\u00e9mentaire qu\u2019imposerait un r\u00f4le de n\u00b01 et de donner \u00e0 chacun la possibilit\u00e9 de s\u2019exprimer, dans une p\u00e9riode o\u00f9 le constructeur cherche avant tout \u00e0 reconstruire.<\/p>\n<p>En misant sur une \u00e9galit\u00e9 totale entre ses pilotes, Honda privil\u00e9gie la coh\u00e9sion et la progression collective. Pour Luca Marini comme pour Joan Mir, il s\u2019agit d\u2019un d\u00e9fi partag\u00e9 : remettre la marque japonaise sur les rails en MotoGP.<\/p>\n<p>    Partagez cette info avec vos amis et vos proches en cliquant ici  <\/p>\n<p> Podcasts \u00e0 la une MEN LIFE <\/p>\n<p>    MotoGP : Marini confirme qu\u2019il n\u2019y a pas de num\u00e9ro 1 chez Honda\u2028<\/p>\n<p>Luca Marini a clarifi\u00e9 la hi\u00e9rarchie au sein du HRC : ni lui ni Joan Mir n\u2019occupent le statut de pilote n\u00b01. Honda mise sur l\u2019\u00e9galit\u00e9 entre ses deux pilotes pour d\u00e9velopper la RC213V et tenter de redresser la barre dans un contexte sportif d\u00e9licat.<\/p>\n<p>R\u00e9dacteur<\/p>\n<p><img decoding=\"async\" width=\"76\" height=\"76\" loading=\"lazy\" src=\"https:\/\/www.europesays.com\/fr\/wp-content\/uploads\/2025\/04\/avatar-sport-am.png\" alt=\"Victor Teyssier\"\/><\/p>\n","protected":false},"excerpt":{"rendered":"Dans un contexte o\u00f9 la RC213V peine encore \u00e0 rivaliser avec ses concurrentes, Honda a choisi de ne&hellip;\n","protected":false},"author":2,"featured_media":352531,"comment_status":"","ping_status":"","sticky":false,"template":"","format":"standard","meta":{"footnotes":""},"categories":[1413],"tags":[1011,27,1457,1456,60],"class_list":{"0":"post-352530","1":"post","2":"type-post","3":"status-publish","4":"format-standard","5":"has-post-thumbnail","7":"category-moto","8":"tag-fr","9":"tag-france","10":"tag-moto","11":"tag-motocycle","12":"tag-sports"},"share_on_mastodon":{"url":"https:\/\/pubeurope.com\/@fr\/115113052664516002","error":""},"_links":{"self":[{"href":"https:\/\/www.europesays.com\/fr\/wp-json\/wp\/v2\/posts\/352530","targetHints":{"allow":["GET"]}}],"collection":[{"href":"https:\/\/www.europesays.com\/fr\/wp-json\/wp\/v2\/posts"}],"about":[{"href":"https:\/\/www.europesays.com\/fr\/wp-json\/wp\/v2\/types\/post"}],"author":[{"embeddable":true,"href":"https:\/\/www.europesays.com\/fr\/wp-json\/wp\/v2\/users\/2"}],"replies":[{"embeddable":true,"href":"https:\/\/www.europesays.com\/fr\/wp-json\/wp\/v2\/comments?post=352530"}],"version-history":[{"count":0,"href":"https:\/\/www.europesays.com\/fr\/wp-json\/wp\/v2\/posts\/352530\/revisions"}],"wp:featuredmedia":[{"embeddable":true,"href":"https:\/\/www.europesays.com\/fr\/wp-json\/wp\/v2\/media\/352531"}],"wp:attachment":[{"href":"https:\/\/www.europesays.com\/fr\/wp-json\/wp\/v2\/media?parent=352530"}],"wp:term":[{"taxonomy":"category","embeddable":true,"href":"https:\/\/www.europesays.com\/fr\/wp-json\/wp\/v2\/categories?post=352530"},{"taxonomy":"post_tag","embeddable":true,"href":"https:\/\/www.europesays.com\/fr\/wp-json\/wp\/v2\/tags?post=352530"}],"curies":[{"name":"wp","href":"https:\/\/api.w.org\/{rel}","templated":true}]}}