{"id":352532,"date":"2025-08-29T16:42:08","date_gmt":"2025-08-29T16:42:08","guid":{"rendered":"https:\/\/www.europesays.com\/fr\/352532\/"},"modified":"2025-08-29T16:42:08","modified_gmt":"2025-08-29T16:42:08","slug":"lando-norris-a-la-lutte-pour-le-titre-avec-oscar-piastri-son-coequipier-chez-mclaren-deuxieme-ca-ressemble-a-dernier-lequipe","status":"publish","type":"post","link":"https:\/\/www.europesays.com\/fr\/352532\/","title":{"rendered":"Lando Norris \u00e0 la lutte pour le titre avec Oscar Piastri, son co\u00e9quipier chez McLaren : \u00ab Deuxi\u00e8me, \u00e7a ressemble \u00e0 dernier \u00bb &#8211; L&#039;\u00c9quipe"},"content":{"rendered":"<ol>\n<li><a href=\"https:\/\/news.google.com\/rss\/articles\/CBMi-AFBVV95cUxPRnZKNEh3aVBCbkhqT3hiNEJNRkExRHg1QmRuQllMYVlUQnJzTF95WVdGVkFkTXdTZVlYZ3BYZ0VUTFkyN2ZTYnJkSS1Kc0xZTUNiR09xNl9yYzJMSVMtOFl6OXVIcWNuUFhMOUdyZ2JnbTU2Ujkwb2prODdGYzJWd2YzVGg5Rm8zYnZFOURxQjVFZGdWcGlfYnpsVGlYZHRTSy1uaXQ0cDlINl9mdXRyclkxaERJVU0xNHlWb1NzUUwyZnVSOGJ6ZjBDNHhWN2dEbU41S2E0VnpvSmdwdHNoZ3hna3pMano4QlJzQ2k3SnVndmlIRjc3RQ?oc=5\" target=\"_blank\" rel=\"nofollow noopener\">Lando Norris \u00e0 la lutte pour le titre avec Oscar Piastri, son co\u00e9quipier chez McLaren : \u00ab Deuxi\u00e8me, \u00e7a ressemble \u00e0 dernier \u00bb<\/a>&nbsp;&nbsp;L&rsquo;\u00c9quipe<\/li>\n<li><a href=\"https:\/\/news.google.com\/rss\/articles\/CBMinwFBVV95cUxOUVFPTkpwQnAyVm9ydXR1Rjd5RlFuSldXMUN3SkI2TDdpaTBvZGh3azFzd0FIbm9PSk5XR3NRUERWUF9aM0dvbmxwZ0t4N2tBcXY0UXFlYVY0R0tOcVZvcS1TRE44el9ONUpnRkE2ZExjcndnaE9XTlMwM3BQZ3V2Z25nUFFaT2xJU0EwR0RBY2JuRGd4bEwxcldUVEJ4TUE?oc=5\" target=\"_blank\" rel=\"nofollow noopener\">Norris et ses erreurs du d\u00e9but de saison : \u00ab\u00a0J&rsquo;aurais pu \u00eatre plus malin\u00a0\u00bb<\/a>&nbsp;&nbsp;Motorsport.com<\/li>\n<li><a href=\"https:\/\/news.google.com\/rss\/articles\/CBMiuAFBVV95cUxPZEdnT05kZlpINlh5elIwQ3llWHRmRmRQNTA1NWhoMm1zMW1mMHNhU0x3cHFHY0NwR3NDMW9qQ25rMHQ5LWpQYV90SUh6YVNvYzhqdVhUa2hzQjVtb19UNElLVE0zSHhpb2g5SmxRTzJEcEo4VHQ2QnVidDEyWEFJSmJxZS0ydDAwN0RrZDA5ZUZNMXRjMFdzdXlYWElBRl9WYWtzUlRzQU9Ra1ZzN0RlV2ZWc2o3WDFx?oc=5\" target=\"_blank\" rel=\"nofollow noopener\">La pole position \u00e0 Monaco : un moment \u00e9motionnel fort pour Lando Norris<\/a>&nbsp;&nbsp;f1i.autojournal.fr<\/li>\n<li><a href=\"https:\/\/news.google.com\/rss\/articles\/CBMiwgFBVV95cUxPRUxrUXFaVzBFU1NpS3dWLXhUQTVtNm91ZTdkbDRyZjJjYVpCSUlBczJKQzhHd2FhZ0hEQW5tVFdWVjNETm82MzByLTUwYWxTQ29sVldSVXNSTXNRTFg1aWI4WFRNamsyaGdzVWdMSUhsSENfc2FCdkdMbmt0RlMwV3FLU2JNdmltb3c0dGQySTZYN1VFSVM0ZE5DbW92cE9Ydlk1VDZPVVJseldodjBBRVNldFJUWWZlalNnRmZZSk5WZw?oc=5\" target=\"_blank\" rel=\"nofollow noopener\">Norris d\u00e9voile son approche pour gagner son premier titre en F1<\/a>&nbsp;&nbsp;Nextgen-Auto.com<\/li>\n<li><a href=\"https:\/\/news.google.com\/rss\/articles\/CBMi3AFBVV95cUxPOC0zdGlJYTRzb3JEYTU2eGNfRVRwcnhfSVV6ZExwX2hTOWtrbnpaTmo2S1RoYXJPaXZMVF80VHo5MXZ4amxqbGlDNFYydFF0Z1BteEJyOXZKVUVKVDRFQU1waXA3bU5zM2ZWNnQ3b1pTbmJZTkNmdXVOb3l5VnJLQ0xGUlFHSW9DSzlFcHpQR2tyQkNpXzZvN2o2VzZYN3dZbHRsLVl5M0dJVzdSVG9QSFJzN2N4NkFMa3V0MkJ6YTlSZS16VVZhRElqNlIySmJJTTZhaVlJeFhpY0Zx?oc=5\" target=\"_blank\" rel=\"nofollow noopener\">Lando Norris d\u00e9clare que chaque course est une bataille acharn\u00e9e pour la domination de McLaren lors de la saison F1 2025.<\/a>&nbsp;&nbsp;autogear.pt<\/li>\n<\/ol>\n","protected":false},"excerpt":{"rendered":"Lando Norris \u00e0 la lutte pour le titre avec Oscar Piastri, son co\u00e9quipier chez McLaren : \u00ab Deuxi\u00e8me,&hellip;\n","protected":false},"author":2,"featured_media":1445,"comment_status":"","ping_status":"","sticky":false,"template":"","format":"standard","meta":{"footnotes":""},"categories":[1412],"tags":[1451,1452,1453,1454,1455,1011,27,60],"class_list":{"0":"post-352532","1":"post","2":"type-post","3":"status-publish","4":"format-standard","5":"has-post-thumbnail","7":"category-f1","8":"tag-f1","9":"tag-formula-1","10":"tag-formula1","11":"tag-formule-1","12":"tag-formule1","13":"tag-fr","14":"tag-france","15":"tag-sports"},"share_on_mastodon":{"url":"https:\/\/pubeurope.com\/@fr\/115113056314137902","error":""},"_links":{"self":[{"href":"https:\/\/www.europesays.com\/fr\/wp-json\/wp\/v2\/posts\/352532","targetHints":{"allow":["GET"]}}],"collection":[{"href":"https:\/\/www.europesays.com\/fr\/wp-json\/wp\/v2\/posts"}],"about":[{"href":"https:\/\/www.europesays.com\/fr\/wp-json\/wp\/v2\/types\/post"}],"author":[{"embeddable":true,"href":"https:\/\/www.europesays.com\/fr\/wp-json\/wp\/v2\/users\/2"}],"replies":[{"embeddable":true,"href":"https:\/\/www.europesays.com\/fr\/wp-json\/wp\/v2\/comments?post=352532"}],"version-history":[{"count":0,"href":"https:\/\/www.europesays.com\/fr\/wp-json\/wp\/v2\/posts\/352532\/revisions"}],"wp:featuredmedia":[{"embeddable":true,"href":"https:\/\/www.europesays.com\/fr\/wp-json\/wp\/v2\/media\/1445"}],"wp:attachment":[{"href":"https:\/\/www.europesays.com\/fr\/wp-json\/wp\/v2\/media?parent=352532"}],"wp:term":[{"taxonomy":"category","embeddable":true,"href":"https:\/\/www.europesays.com\/fr\/wp-json\/wp\/v2\/categories?post=352532"},{"taxonomy":"post_tag","embeddable":true,"href":"https:\/\/www.europesays.com\/fr\/wp-json\/wp\/v2\/tags?post=352532"}],"curies":[{"name":"wp","href":"https:\/\/api.w.org\/{rel}","templated":true}]}}