{"id":352533,"date":"2025-08-29T16:43:12","date_gmt":"2025-08-29T16:43:12","guid":{"rendered":"https:\/\/www.europesays.com\/fr\/352533\/"},"modified":"2025-08-29T16:43:12","modified_gmt":"2025-08-29T16:43:12","slug":"on-a-des-nouvelles-de-letat-de-sante-du-cycliste-christopher-froome-apres-son-gros-accident-dans-le-var","status":"publish","type":"post","link":"https:\/\/www.europesays.com\/fr\/352533\/","title":{"rendered":"On a des nouvelles de l&rsquo;\u00e9tat de sant\u00e9 du cycliste Christopher Froome apr\u00e8s son gros accident dans le Var"},"content":{"rendered":"<p>Christopher Froome a \u00e9t\u00e9 \u00ab\u00a0op\u00e9r\u00e9 avec succ\u00e8s\u00a0\u00bb, a annonc\u00e9 ce vendredi son \u00e9quipe Israel Premier Tech.<\/p>\n<p><a href=\"https:\/\/www.google.com\/search?q=froome+var+matin&amp;rlz=1C1GCEA_enFR1170FR1170&amp;oq=froome+var+matin&amp;gs_lcrp=EgZjaHJvbWUyBggAEEUYOTINCAEQABiDARixAxiABDIHCAIQABiABDIGCAMQABgDMg0IBBAAGIMBGLEDGIAEMg0IBRAuGIMBGLEDGIAEMgYIBhBFGD0yBggHEEUYPNIBCDMyNjlqMGo0qAIAsAIA&amp;sourceid=chrome&amp;ie=UTF-8\" target=\"_blank\" rel=\"noopener nofollow\">Le coureur cycliste de 40 ans, victime d\u2019un accident \u00e0 l\u2019entra\u00eenement mercredi \u00e0 Fayence<\/a>, avait \u00e9t\u00e9 h\u00e9liport\u00e9 vers l\u2019h\u00f4pital Sainte-Musse, \u00e0 Toulon, avec un pneumothorax et de multiples fractures, dont une de la vert\u00e8bre lombaire qui n\u00e9cessitait une intervention chirurgicale.<\/p>\n<p>\u00ab\u00a0La proc\u00e9dure s\u2019est d\u00e9roul\u00e9e comme pr\u00e9vu. Chris est en train de se remettre \u00e0 l\u2019h\u00f4pital, pris en charge par son \u00e9quipe m\u00e9dicale. Il est dans un bon \u00e9tat d\u2019esprit et reconnaissant de l\u2019excellent suivi m\u00e9dical qu\u2019il a re\u00e7u. Chris et sa famille voudraient remercier les fans, amis et la communaut\u00e9 cycliste pour leur inqui\u00e9tude et leurs messages sympathiques\u00a0\u00bb, a ajout\u00e9 l\u2019\u00e9quipe du quadruple vainqueur du Tour de France.<\/p>\n","protected":false},"excerpt":{"rendered":"Christopher Froome a \u00e9t\u00e9 \u00ab\u00a0op\u00e9r\u00e9 avec succ\u00e8s\u00a0\u00bb, a annonc\u00e9 ce vendredi son \u00e9quipe Israel Premier Tech. Le coureur&hellip;\n","protected":false},"author":2,"featured_media":352534,"comment_status":"","ping_status":"","sticky":false,"template":"","format":"standard","meta":{"footnotes":""},"categories":[1411],"tags":[1154,207,118,1011,27,60],"class_list":{"0":"post-352533","1":"post","2":"type-post","3":"status-publish","4":"format-standard","5":"has-post-thumbnail","7":"category-cyclisme","8":"tag-cycling","9":"tag-cyclisme","10":"tag-faits-divers","11":"tag-fr","12":"tag-france","13":"tag-sports"},"share_on_mastodon":{"url":"https:\/\/pubeurope.com\/@fr\/115113060246538467","error":""},"_links":{"self":[{"href":"https:\/\/www.europesays.com\/fr\/wp-json\/wp\/v2\/posts\/352533","targetHints":{"allow":["GET"]}}],"collection":[{"href":"https:\/\/www.europesays.com\/fr\/wp-json\/wp\/v2\/posts"}],"about":[{"href":"https:\/\/www.europesays.com\/fr\/wp-json\/wp\/v2\/types\/post"}],"author":[{"embeddable":true,"href":"https:\/\/www.europesays.com\/fr\/wp-json\/wp\/v2\/users\/2"}],"replies":[{"embeddable":true,"href":"https:\/\/www.europesays.com\/fr\/wp-json\/wp\/v2\/comments?post=352533"}],"version-history":[{"count":0,"href":"https:\/\/www.europesays.com\/fr\/wp-json\/wp\/v2\/posts\/352533\/revisions"}],"wp:featuredmedia":[{"embeddable":true,"href":"https:\/\/www.europesays.com\/fr\/wp-json\/wp\/v2\/media\/352534"}],"wp:attachment":[{"href":"https:\/\/www.europesays.com\/fr\/wp-json\/wp\/v2\/media?parent=352533"}],"wp:term":[{"taxonomy":"category","embeddable":true,"href":"https:\/\/www.europesays.com\/fr\/wp-json\/wp\/v2\/categories?post=352533"},{"taxonomy":"post_tag","embeddable":true,"href":"https:\/\/www.europesays.com\/fr\/wp-json\/wp\/v2\/tags?post=352533"}],"curies":[{"name":"wp","href":"https:\/\/api.w.org\/{rel}","templated":true}]}}