{"id":352535,"date":"2025-08-29T16:44:11","date_gmt":"2025-08-29T16:44:11","guid":{"rendered":"https:\/\/www.europesays.com\/fr\/352535\/"},"modified":"2025-08-29T16:44:11","modified_gmt":"2025-08-29T16:44:11","slug":"hamed-junior-traore-signe-a-lom-off","status":"publish","type":"post","link":"https:\/\/www.europesays.com\/fr\/352535\/","title":{"rendered":"Hamed Junior Traor\u00e9 signe \u00e0 l&rsquo;OM (off)"},"content":{"rendered":"<p>              <img decoding=\"async\" src=\"https:\/\/www.europesays.com\/fr\/wp-content\/uploads\/2025\/08\/hamed-junior-traore-signe-a-l-om-off-iconsport_260413_0616-1-398024.jpg\" alt=\"Hamed Junior Traor\u00e9 signe \u00e0 l'OM (off)\"\/><\/p>\n<p class=\"the_post_info\">\n            Publi\u00e9 Vendredi 29 Ao\u00fbt 2025 \u00e0 15:46  Dans\u00a0: <a href=\"https:\/\/www.foot01.com\/equipe\/marseille\/\" rel=\"nofollow noopener\" target=\"_blank\">OM<\/a>.<br \/>Par <a href=\"https:\/\/www.foot01.com\/author\/2\/\" rel=\"nofollow noopener\" target=\"_blank\">Claude Dautel<\/a>\n          <\/p>\n<p><strong>L&rsquo;Olympique de Marseille a officialis\u00e9 ce vendredi la signature d&rsquo;Hamed Junior Traor\u00e9, arriv\u00e9 en provenance de Bournemouth. Le milieu offensif arrive sous forme de pr\u00eat\u00a0 avec une option d&rsquo;achat \u00e0 7,5ME pouvant doubler avec les primes.<\/strong><\/p>\n<p>\u00ab\u00a0L\u2019Olympique de Marseille est heureux d\u2019annoncer la signature en provenance de l\u2019AFC Bournemouth du milieu offensif ivoirien, Hamed Junior Traor\u00e9 (&#8230;) Avec son arriv\u00e9e \u00e0 l\u2019OM, le destin de l\u2019international ivoirien prend une tournure qui pourrait le mener sur des th\u00e9\u00e2tres continentaux avec la Champions League. Ainsi s\u2019ouvre un nouveau chapitre pour Hamid Junior Traor\u00e9. La passion, l\u2019Orange V\u00e9lodrome, les supporters, le style de jeu, l\u2019Europe\u2026 Tout l\u2019attire. Il incarne d\u00e9sormais la promesse tangible d\u2019un club au sein duquel il pourra encore progresser, s\u2019\u00e9panouir et mettre ses qualit\u00e9s au service du collectif de Roberto De Zerbi \u00bb, pr\u00e9cise l&rsquo;OM dans un communiqu\u00e9.\u00a0<\/p>\n<blockquote class=\"twitter-tweet\"><p>&#13;<\/p>\n<p lang=\"fr\" dir=\"ltr\">\ud835\udc07\ud835\udc1a\ud835\udc26\ud835\udc1e\ud835\udc1d \ud835\udc09\ud835\udc2e\ud835\udc27\ud835\udc22\ud835\udc28\ud835\udc2b \ud835\udc13\ud835\udc2b\ud835\udc1a\ud835\udc28\ud835\udc2b\ud835\udc1e\u0301 \ud835\udc1d\ud835\udc1a\ud835\udc27\ud835\udc2c \ud835\udc25\ud835\udc1e \ud835\udc20\ud835\udc2b\ud835\udc1a\ud835\udc27\ud835\udc1d \ud835\udc1b\ud835\udc1a\ud835\udc22\ud835\udc27 \ud83c\udf0a\ud83d\udd35\u26aa\ufe0f<\/p>\n<p>L\u2019international \ud83c\udde8\ud83c\uddee rejoint l\u2019Olympique de Marseille en provenance de Bournemouth ! \ud83d\udd25 <a href=\"https:\/\/t.co\/faWG2oMgIl\" rel=\"nofollow\">pic.twitter.com\/faWG2oMgIl<\/a><\/p>\n<p>&#13;<br \/>\n\u2014 Olympique de Marseille (@OM_Officiel) <a href=\"https:\/\/twitter.com\/OM_Officiel\/status\/1961423316473782637?ref_src=twsrc%5Etfw\" rel=\"nofollow noopener\" target=\"_blank\">August 29, 2025<\/a><\/p><\/blockquote>\n<p>\u00a0<\/p>\n<p>      <script async src=\"https:\/\/platform.twitter.com\/widgets.js\" charset=\"utf-8\"><\/script><\/p>\n","protected":false},"excerpt":{"rendered":"Publi\u00e9 Vendredi 29 Ao\u00fbt 2025 \u00e0 15:46 Dans\u00a0: OM.Par Claude Dautel L&rsquo;Olympique de Marseille a officialis\u00e9 ce vendredi&hellip;\n","protected":false},"author":2,"featured_media":352536,"comment_status":"","ping_status":"","sticky":false,"template":"","format":"standard","meta":{"footnotes":""},"categories":[1410],"tags":[63,1011,27,60],"class_list":{"0":"post-352535","1":"post","2":"type-post","3":"status-publish","4":"format-standard","5":"has-post-thumbnail","7":"category-football","8":"tag-football","9":"tag-fr","10":"tag-france","11":"tag-sports"},"share_on_mastodon":{"url":"https:\/\/pubeurope.com\/@fr\/115113064294558195","error":""},"_links":{"self":[{"href":"https:\/\/www.europesays.com\/fr\/wp-json\/wp\/v2\/posts\/352535","targetHints":{"allow":["GET"]}}],"collection":[{"href":"https:\/\/www.europesays.com\/fr\/wp-json\/wp\/v2\/posts"}],"about":[{"href":"https:\/\/www.europesays.com\/fr\/wp-json\/wp\/v2\/types\/post"}],"author":[{"embeddable":true,"href":"https:\/\/www.europesays.com\/fr\/wp-json\/wp\/v2\/users\/2"}],"replies":[{"embeddable":true,"href":"https:\/\/www.europesays.com\/fr\/wp-json\/wp\/v2\/comments?post=352535"}],"version-history":[{"count":0,"href":"https:\/\/www.europesays.com\/fr\/wp-json\/wp\/v2\/posts\/352535\/revisions"}],"wp:featuredmedia":[{"embeddable":true,"href":"https:\/\/www.europesays.com\/fr\/wp-json\/wp\/v2\/media\/352536"}],"wp:attachment":[{"href":"https:\/\/www.europesays.com\/fr\/wp-json\/wp\/v2\/media?parent=352535"}],"wp:term":[{"taxonomy":"category","embeddable":true,"href":"https:\/\/www.europesays.com\/fr\/wp-json\/wp\/v2\/categories?post=352535"},{"taxonomy":"post_tag","embeddable":true,"href":"https:\/\/www.europesays.com\/fr\/wp-json\/wp\/v2\/tags?post=352535"}],"curies":[{"name":"wp","href":"https:\/\/api.w.org\/{rel}","templated":true}]}}