{"id":352537,"date":"2025-08-29T16:45:12","date_gmt":"2025-08-29T16:45:12","guid":{"rendered":"https:\/\/www.europesays.com\/fr\/352537\/"},"modified":"2025-08-29T16:45:12","modified_gmt":"2025-08-29T16:45:12","slug":"ce-chroniqueur-phare-dont-w9-ne-voulait-abs","status":"publish","type":"post","link":"https:\/\/www.europesays.com\/fr\/352537\/","title":{"rendered":"ce chroniqueur phare dont W9 ne voulait abs &#8230;"},"content":{"rendered":"<p>EN BREF<\/p>\n<ul class=\"bloc_resume_post_list\">\n<li>Ce lundi 1er septembre, Cyril Hanouna lancera son nouveau<br \/>\ntalk-show Tout Beau Tout N9uf sur W9.<\/li>\n<li>Dans Le Jet de Luxe, Fabien Lecoeuvre a r\u00e9v\u00e9l\u00e9 le nom du<br \/>\nchroniqueur dont W9 que ne voulait pas se passer.<\/li>\n<li>Fabien Lecoeuvre en a dit plus sur ses<br \/>\nprojets.<\/li>\n<\/ul>\n<p>Les fans et les d\u00e9tracteurs de <a href=\"https:\/\/www.closermag.fr\/bio-people\/biographie-cyril-hanouna-112710\" target=\"_blank\" rel=\"noopener\"><br \/>\nCyril Hanouna<\/a> n\u2019ont plus que quelques jours \u00e0 tenir avant de<br \/>\nd\u00e9couvrir le nouveau talk-show du pr\u00e9sentateur star. Apr\u00e8s la<br \/>\nfermeture de C8 en f\u00e9vrier dernier, c\u2019est sur <a href=\"https:\/\/www.telestar.fr\/actu_tv\/tout-beau-tout-n9uf-35-personnes-testees-et-des-petits-nouveaux-cyril-hanouna-brise-le-silence-1736280\" target=\"_blank\" rel=\"noopener\"><br \/>\nW9<\/a> qu\u2019il pose ses valises au travers d\u2019une \u00e9mission baptis\u00e9e<br \/>\nTout Beau Tout N9uf. Un programme qui entend marcher dans les pas<br \/>\nde Touche pas \u00e0 mon poste.<\/p>\n<p>Si le concept est inchang\u00e9, <a href=\"https:\/\/www.closermag.fr\/tv_tele_realite\/cyril-hanouna-sur-w9-baisse-de-salaire-drastique-pour-ses-chroniqueurs-ceux-qui-gagnaient-3574262\" target=\"_blank\" rel=\"noopener\"><br \/>\nle casting de chroniqueurs<\/a> a \u00e9t\u00e9 revu et de nouvelles t\u00eates<br \/>\nvont faire leur apparition autour de la table. <strong>Un<br \/>\nchroniqueur phare ne manquera pas \u00e0 l\u2019appel<\/strong>. Il \u00e9tait hors<br \/>\nde question de s\u2019en s\u00e9parer pour Cyril Hanouna et W9, selon un<br \/>\nproche de l\u00a0\u00bbanimateur.<\/p>\n<p>Tout beau Tout N9uf : ce chroniqueur impos\u00e9 par W9<\/p>\n<p>Et c\u2019est <a href=\"https:\/\/www.closermag.fr\/people\/quand-je-monte-sur-cette-raison-insoupconnable-pour-laquelle-fabien-lecoeuvre-pense-a-daniel-balavoine-tous-les-jours-3458687\" target=\"_blank\" rel=\"noopener\"><br \/>\nFabien Lecoeuvre<\/a> qui a r\u00e9v\u00e9l\u00e9 le nom du chroniqueur dont W9 ne<br \/>\nvoulait absolument pas se passer. Interrog\u00e9 par <a href=\"https:\/\/www.closermag.fr\/people\/jordan-de-luxe-en-couple-ses-rares-confidences-sur-sa-vie-privee-3260676\" target=\"_blank\" rel=\"noopener\"><br \/>\nJordan de Luxe<\/a> dans son podcast Le Jet de Luxe, le sp\u00e9cialiste<br \/>\ndes stars s\u2019est laiss\u00e9 aller \u00e0 la confidence. \u00ab\u00a0D\u2019abord, Cyril<br \/>\nn\u2019envisageait pas d\u2019arriver sur W9 sans emmener tous ses<br \/>\nchroniqueurs experts f\u00e9tiches\u00a0\u00bb, a-t-il annonc\u00e9.<\/p>\n<p>Et de poursuivre : \u00ab\u00a0W9 ne concevait pas de faire venir Cyril<br \/>\nHanouna sans avoir <a href=\"https:\/\/www.closermag.fr\/people\/michel-mary-tpmp-enquetes-criminelles-le-celebre-expert-des-faits-divers-est-il-en-couple-3425925\" target=\"_blank\" rel=\"noopener\"><br \/>\nMichel Mary<\/a>, qui est <strong>le sp\u00e9cialiste des meurtres et des<br \/>\ncrimes en France<\/strong>, et moi-m\u00eame, parce qu\u2019ils trouvaient que<br \/>\nle tandem et le trio qu\u2019on fait avec Cyril \u00e0 la fin, c\u2019est tr\u00e8s<br \/>\nefficace\u00a0\u00bb, a confi\u00e9 le journaliste et \u00e9crivain.<\/p>\n<p><img decoding=\"async\" src=\"https:\/\/www.europesays.com\/fr\/wp-content\/uploads\/2025\/08\/1756485912_941_hqdefault.jpg\" width=\"100%\" height=\"auto\"\/><\/p>\n<p>Tout beau Tout N9uf : Fabien Lecoeuvre<br \/>\nrempile aux c\u00f4t\u00e9s de Cyril Hanouna<\/p>\n<p>Face \u00e0 Jordan De Luxe, Fabien Lecoeuvre n\u2019a pas cach\u00e9 ses<br \/>\nprojets pour la rentr\u00e9e. \u00ab\u00a0J\u2019ai sign\u00e9 il y d\u00e9j\u00e0 longtemps mais<br \/>\nj\u2019attendais que Cyril l\u2019annonce lui-m\u00eame par correction\u00a0\u00bb,<br \/>\na-t-il d\u00e9clar\u00e9 au sujet de son contrat avec W9. Comme dans Touche<br \/>\npas \u00e0 mon poste, il fera partie des figures embl\u00e9matiques de Tout<br \/>\nBeau Tout N9uf.<\/p>\n<p>\u00ab\u00a0On a une telle fusion avec Cyril. Vous savez qu\u2019on se parle<br \/>\ntr\u00e8s tr\u00e8s peu avec Cyril. On s\u2019envoie des sms\u2026 On ne se voit<br \/>\njamais. Mais je sais ce qu\u2019il va dire. Il sait ce que je vais dire.<br \/>\nOn a cette esp\u00e8re de fusion. C\u2019est tr\u00e8s rare entre deux \u00eatres. Il<br \/>\nfaut dire que moi, je l\u2019ai connu dans le ventre de sa m\u00e8re. Je suis<br \/>\nle seul \u00e0 pouvoir le dire en France !\u00a0\u00bb, a-t-il lanc\u00e9,<br \/>\nfi\u00e8rement. Une complicit\u00e9 qui se poursuivra \u00e9galement \u00e0 la radio,<br \/>\nsur Europe 1.<\/p>\n","protected":false},"excerpt":{"rendered":"EN BREF Ce lundi 1er septembre, Cyril Hanouna lancera son nouveau talk-show Tout Beau Tout N9uf sur W9.&hellip;\n","protected":false},"author":2,"featured_media":352538,"comment_status":"","ping_status":"","sticky":false,"template":"","format":"standard","meta":{"footnotes":""},"categories":[1359],"tags":[548,1083,58,59,1011,27,973,550,2395,729],"class_list":{"0":"post-352537","1":"post","2":"type-post","3":"status-publish","4":"format-standard","5":"has-post-thumbnail","7":"category-people","8":"tag-article-simple","9":"tag-cyril-hanouna","10":"tag-divertissement","11":"tag-entertainment","12":"tag-fr","13":"tag-france","14":"tag-people","15":"tag-tpmp","16":"tag-w9","17":"tag-yout_video"},"share_on_mastodon":{"url":"https:\/\/pubeurope.com\/@fr\/115113068120209497","error":""},"_links":{"self":[{"href":"https:\/\/www.europesays.com\/fr\/wp-json\/wp\/v2\/posts\/352537","targetHints":{"allow":["GET"]}}],"collection":[{"href":"https:\/\/www.europesays.com\/fr\/wp-json\/wp\/v2\/posts"}],"about":[{"href":"https:\/\/www.europesays.com\/fr\/wp-json\/wp\/v2\/types\/post"}],"author":[{"embeddable":true,"href":"https:\/\/www.europesays.com\/fr\/wp-json\/wp\/v2\/users\/2"}],"replies":[{"embeddable":true,"href":"https:\/\/www.europesays.com\/fr\/wp-json\/wp\/v2\/comments?post=352537"}],"version-history":[{"count":0,"href":"https:\/\/www.europesays.com\/fr\/wp-json\/wp\/v2\/posts\/352537\/revisions"}],"wp:featuredmedia":[{"embeddable":true,"href":"https:\/\/www.europesays.com\/fr\/wp-json\/wp\/v2\/media\/352538"}],"wp:attachment":[{"href":"https:\/\/www.europesays.com\/fr\/wp-json\/wp\/v2\/media?parent=352537"}],"wp:term":[{"taxonomy":"category","embeddable":true,"href":"https:\/\/www.europesays.com\/fr\/wp-json\/wp\/v2\/categories?post=352537"},{"taxonomy":"post_tag","embeddable":true,"href":"https:\/\/www.europesays.com\/fr\/wp-json\/wp\/v2\/tags?post=352537"}],"curies":[{"name":"wp","href":"https:\/\/api.w.org\/{rel}","templated":true}]}}