{"id":352539,"date":"2025-08-29T16:46:20","date_gmt":"2025-08-29T16:46:20","guid":{"rendered":"https:\/\/www.europesays.com\/fr\/352539\/"},"modified":"2025-08-29T16:46:20","modified_gmt":"2025-08-29T16:46:20","slug":"quand-le-street-art-habille-le-champagne-epc-devoile-sa-nouvelle-edition-limitee-avec-los-pepes","status":"publish","type":"post","link":"https:\/\/www.europesays.com\/fr\/352539\/","title":{"rendered":"Quand le street art habille le champagne : EPC d\u00e9voile sa nouvelle \u00e9dition limit\u00e9e avec Los Pepes"},"content":{"rendered":"<p><img data-recalc-dims=\"1\" fetchpriority=\"high\" decoding=\"async\" class=\" wp-image-42417 aligncenter\" src=\"https:\/\/www.europesays.com\/fr\/wp-content\/uploads\/2025\/08\/Los-Pepes-Edition_Limitee-2025-2-2-scaled.jpg\" alt=\"\" width=\"534\" height=\"300\"  \/>Le Champagne EPC d\u00e9voile sa troisi\u00e8me \u00e9dition limit\u00e9e en collaboration avec Los Pepes Studio, un duo portugais de street artistes form\u00e9 par Meggie Prata et Francisco Leal. Comme chaque ann\u00e9e, la maison a sollicit\u00e9 sa communaut\u00e9 pour choisir les artistes appel\u00e9s \u00e0 habiller cette cuv\u00e9e. Plus de 20 000 participants ont vot\u00e9, d\u00e9signant Los Pepes comme laur\u00e9ats. Cette \u00e9dition limit\u00e9e se d\u00e9cline en 1000 bouteilles, chacune orn\u00e9e d\u2019une \u00e9tiquette con\u00e7ue comme un jeu visuel, avec des symboles et messages cach\u00e9s. L\u2019objectif : associer l\u2019univers graphique des artistes \u00e0 une approche diff\u00e9rente du champagne.Le vin choisi pour cette collaboration est un blanc de blancs Grand Cru mill\u00e9sim\u00e9 2015, issu d\u2019une seule parcelle situ\u00e9e \u00e0 Oger. Cette cuv\u00e9e parcellaire met en avant le chardonnay champenois dans une expression pr\u00e9cise et \u00e9l\u00e9gante.<\/p>\n<p data-start=\"1165\" data-end=\"1338\">\u00c0 l\u2019occasion de la Paris Design Week, le 7 septembre prochain, Los Pepes r\u00e9aliseront une performance de live painting sur deux mathusalems EPC \u00e0 l\u2019Espace Commines.L\u2019\u00e9dition limit\u00e9e Los Pepes x EPC est propos\u00e9e au prix de 105 \u20ac TTC sur <a class=\"decorated-link\" href=\"https:\/\/epc-champagne.com\" target=\"_new\" rel=\"noopener\" data-start=\"1420\" data-end=\"1466\">epc-champagne.com<\/a>.<\/p>\n","protected":false},"excerpt":{"rendered":"Le Champagne EPC d\u00e9voile sa troisi\u00e8me \u00e9dition limit\u00e9e en collaboration avec Los Pepes Studio, un duo portugais de&hellip;\n","protected":false},"author":2,"featured_media":352540,"comment_status":"","ping_status":"","sticky":false,"template":"","format":"standard","meta":{"footnotes":""},"categories":[1358],"tags":[1396,1348,1384,1385,48909,48910,48911,48912,1386,58,48913,59,48914,1011,27,48915,48916,48917,48918,48919,48920,7189],"class_list":{"0":"post-352539","1":"post","2":"type-post","3":"status-publish","4":"format-standard","5":"has-post-thumbnail","7":"category-arts-et-design","8":"tag-art-contemporain","9":"tag-arts","10":"tag-arts-and-design","11":"tag-arts-et-design","12":"tag-blanc-de-blancs","13":"tag-bouteille-numerotee","14":"tag-collaboration-artistique","15":"tag-cuvee-parcellaire","16":"tag-design","17":"tag-divertissement","18":"tag-edition-limitee","19":"tag-entertainment","20":"tag-epc","21":"tag-fr","22":"tag-france","23":"tag-grand-cru","24":"tag-live-painting","25":"tag-los-pepes","26":"tag-millesime-2015","27":"tag-oger","28":"tag-paris-design-week","29":"tag-street-art"},"share_on_mastodon":{"url":"https:\/\/pubeurope.com\/@fr\/115113071979195343","error":""},"_links":{"self":[{"href":"https:\/\/www.europesays.com\/fr\/wp-json\/wp\/v2\/posts\/352539","targetHints":{"allow":["GET"]}}],"collection":[{"href":"https:\/\/www.europesays.com\/fr\/wp-json\/wp\/v2\/posts"}],"about":[{"href":"https:\/\/www.europesays.com\/fr\/wp-json\/wp\/v2\/types\/post"}],"author":[{"embeddable":true,"href":"https:\/\/www.europesays.com\/fr\/wp-json\/wp\/v2\/users\/2"}],"replies":[{"embeddable":true,"href":"https:\/\/www.europesays.com\/fr\/wp-json\/wp\/v2\/comments?post=352539"}],"version-history":[{"count":0,"href":"https:\/\/www.europesays.com\/fr\/wp-json\/wp\/v2\/posts\/352539\/revisions"}],"wp:featuredmedia":[{"embeddable":true,"href":"https:\/\/www.europesays.com\/fr\/wp-json\/wp\/v2\/media\/352540"}],"wp:attachment":[{"href":"https:\/\/www.europesays.com\/fr\/wp-json\/wp\/v2\/media?parent=352539"}],"wp:term":[{"taxonomy":"category","embeddable":true,"href":"https:\/\/www.europesays.com\/fr\/wp-json\/wp\/v2\/categories?post=352539"},{"taxonomy":"post_tag","embeddable":true,"href":"https:\/\/www.europesays.com\/fr\/wp-json\/wp\/v2\/tags?post=352539"}],"curies":[{"name":"wp","href":"https:\/\/api.w.org\/{rel}","templated":true}]}}