{"id":352543,"date":"2025-08-29T16:48:13","date_gmt":"2025-08-29T16:48:13","guid":{"rendered":"https:\/\/www.europesays.com\/fr\/352543\/"},"modified":"2025-08-29T16:48:13","modified_gmt":"2025-08-29T16:48:13","slug":"lea-salame-cyril-hanouna-novo-19-pourquoi-faut-il-poser-son-lundi-de-rentree-pour-mater-la-tele","status":"publish","type":"post","link":"https:\/\/www.europesays.com\/fr\/352543\/","title":{"rendered":"L\u00e9a Salam\u00e9, Cyril Hanouna, Novo 19\u2026 Pourquoi faut-il poser son lundi de rentr\u00e9e pour mater la t\u00e9l\u00e9\u00a0?"},"content":{"rendered":"<p>Vous avez un <a href=\"https:\/\/www.20minutes.fr\/dossier\/rtt\" class=\"c-link c-link--is-underlined\" target=\"_blank\" rel=\"noopener\">RTT<\/a> \u00e0 prendre et vous ne savez qu\u2019en faire\u2026 On vous conseille de le poser ce lundi 1er\u00a0septembre. La raison\u00a0? \u00ab\u00a0Jour t\u00e9l\u00e9 de malade\u00a0\u00bb en vue\u00a0! Des \u00e9missions vont voir le jour et des personnalit\u00e9s du petit \u00e9cran vont faire leur grande <a href=\"https:\/\/www.20minutes.fr\/dossier\/rentree\" class=\"c-link c-link--is-underlined\" target=\"_blank\" rel=\"noopener\">rentr\u00e9e<\/a>. Pour ne rien manquer de ce lundi de rentr\u00e9e \u00e0 la <a href=\"https:\/\/www.20minutes.fr\/arts-stars\/television\/\" class=\"c-link c-link--is-underlined\" target=\"_blank\" rel=\"noopener\">t\u00e9l\u00e9vision<\/a>, \u00ab\u00a020 Minutes\u00a0\u00bb vous livre le programme pour une journ\u00e9e t\u00e9l\u00e9-canap\u00e9 id\u00e9ale.<\/p>\n<p>\u00ab\u00a0T\u00e9l\u00e9matin\u00a0\u00bb (d\u00e8s 6h30, France 2)<\/p>\n<p>Pour une journ\u00e9e de repos devant la t\u00e9l\u00e9, mieux vaut se lever t\u00f4t. D\u00e8s 6h30, <a href=\"https:\/\/www.20minutes.fr\/arts-stars\/medias\/4169395-20250825-tf1-france-inter-tout-faut-savoir-grande-rentree-matinales\" target=\"_blank\" class=\"c-link c-link--is-underlined\" rel=\"noopener\">\u00ab\u00a0T\u00e9l\u00e9matin\u00a0\u00bb fera son grand retour<\/a>. Jusqu\u2019\u00e0 9h50 (au lieu de 9h30), du lundi au jeudi, Maya Lauqu\u00e9 et Damien Th\u00e9venot animeront la matinale de <a href=\"https:\/\/www.20minutes.fr\/television\/france_2\/\" class=\"c-link c-link--is-underlined\" target=\"_blank\" rel=\"noopener\">France 2<\/a>, en lieu et place de Flavie Flament et de Julien Arnaud. Un nouveau duo bien identifi\u00e9 par le public puisque ce dernier animait ce programme historique le <a href=\"https:\/\/www.20minutes.fr\/dossier\/week-end\" class=\"c-link c-link--is-underlined\" target=\"_blank\" rel=\"noopener\">week-end<\/a>. France 2 esp\u00e8re tenir la drag\u00e9e haute \u00e0 sa grande concurrente, Bonjour\u00a0! La matinale <a href=\"https:\/\/www.20minutes.fr\/dossier\/tf1\" class=\"c-link c-link--is-underlined\" target=\"_blank\" rel=\"noopener\">TF1<\/a>, conduite par <a href=\"https:\/\/www.20minutes.fr\/dossier\/bruce_toussaint\" class=\"c-link c-link--is-underlined\" target=\"_blank\" rel=\"noopener\">Bruce Toussaint<\/a>.<\/p>\n<p>\u00ab\u00a0Bel &amp; Bien\u00a0\u00bb (d\u00e8s 9h50, France 2)<\/p>\n<p>Si vous vous sentez bien sur France 2, vous pourriez \u00eatre tent\u00e9 d\u2019y rester. La cha\u00eene va lancer en quotidienne \u00ab\u00a0Bel &amp; Bien\u00a0\u00bb, son talk-show centr\u00e9 autour du <a href=\"https:\/\/www.20minutes.fr\/tempo\/bien-etre\/\" class=\"c-link c-link--is-underlined\" target=\"_blank\" rel=\"noopener\">bien-\u00eatre<\/a> et de la <a href=\"https:\/\/www.20minutes.fr\/dossier\/prevention\" class=\"c-link c-link--is-underlined\" target=\"_blank\" rel=\"noopener\">pr\u00e9vention<\/a>, qui \u00e9tait jusque-l\u00e0 propos\u00e9 le samedi. Il sera anim\u00e9 par Agathe Lecaron (ex- \u00ab\u00a0La Maison des maternelles\u00a0\u00bb, qui va revenir avec Marie Portolano sur <a href=\"https:\/\/www.20minutes.fr\/television\/france_5\/\" class=\"c-link c-link--is-underlined\" target=\"_blank\" rel=\"noopener\">France 5<\/a>), accompagn\u00e9e de deux chroniqueurs\u00a0: Sarah Kaddour et Arnaud Lauqu\u00e9.<\/p>\n<p>\u00ab\u00a0C dans l\u2019air\u00a0\u00bb et \u00ab\u00a0C \u00e0 vous\u00a0\u00bb (d\u00e8s 17h40, France 5)<\/p>\n<p>Les deux magazines phares de France 5, \u00ab\u00a0C dans l\u2019air\u00a0\u00bb et \u00ab\u00a0<a href=\"https:\/\/www.20minutes.fr\/dossier\/c_a_vous\" class=\"c-link c-link--is-underlined\" target=\"_blank\" rel=\"noopener\">C \u00e0 vous<\/a>\u00a0\u00bb font leur grande rentr\u00e9e. Le premier sera anim\u00e9 par Caroline Roux, du lundi au jeudi, de 17h40 \u00e0 18h55. \u00ab\u00a0C \u00e0 vous\u00a0\u00bb suivra, dans la foul\u00e9e, avec Anne-\u00c9lisabeth Lemoine aux manettes, \u00e9galement du lundi au jeudi.<\/p>\n<p>Qui pour remplacer \u00ab\u00a0Questions pour un champion\u00a0\u00bb\u00a0? (France 3)<\/p>\n<p>Autre chamboulement de cette rentr\u00e9e t\u00e9l\u00e9, la disparition du mythique jeu \u00ab\u00a0Questions pour un champion\u00a0\u00bb, anim\u00e9 par <a href=\"https:\/\/www.20minutes.fr\/dossier\/samuel_etienne\" class=\"c-link c-link--is-underlined\" target=\"_blank\" rel=\"noopener\">Samuel Etienne<\/a>. D\u00e8s ce lundi, trois \u00e9pisodes de Candice Renoir seront programm\u00e9s, de 14h20 \u00e0 17h15, sur France 3. \u00ab\u00a0Duels en familles\u00a0\u00bb avec <a href=\"https:\/\/www.20minutes.fr\/arts-stars\/people\/cyril-feraud\/\" class=\"c-link c-link--is-underlined\" target=\"_blank\" rel=\"noopener\">Cyril F\u00e9raud<\/a> basculera \u00e0 17h20 au lieu de 16h45. Enfin, \u00ab\u00a0Slam\u00a0\u00bb prendra la place de \u00ab\u00a0QPUC\u00a0\u00bb et sera propos\u00e9 \u00e0 partir de 18 heures.<\/p>\n<p>\u00ab\u00a0On a du nouveau\u00a0\u00bb (18h25, Novo 19)<\/p>\n<p>Ce lundi 1er\u00a0septembre 2025 marquera \u00e9galement le lancement d\u2019une nouvelle cha\u00eene, Novo 19. La nouvelle cha\u00eene du groupe Ouest-France, qui a tenu sa <a href=\"https:\/\/www.20minutes.fr\/arts-stars\/television\/4169805-20250827-retour-vis-vie-radio-ephemere-talk-show-prepare-novo19-nouvelle-chaine-tnt\" class=\"c-link c-link--is-underlined\" target=\"_blank\" rel=\"noopener\">conf\u00e9rence de rentr\u00e9e<\/a> mercredi, verra le jour sur le canal 19 d\u00e8s 18 heures. \u00c0 18h10, Martin Cangelosi pr\u00e9sentera le JT de la cha\u00eene, puis suivra le talk-show de Claire Arnoux, qui <a href=\"https:\/\/www.20minutes.fr\/arts-stars\/television\/4153629-20250515-claire-arnoux-novo19-jamais-lache-ambition-avoir-emission-actu\" class=\"c-link c-link--is-underlined\" target=\"_blank\" rel=\"noopener\">s\u2019est livr\u00e9e r\u00e9cemment<\/a> sur cette nouvelle aventure \u00e0 \u00ab\u00a0<a href=\"https:\/\/www.20minutes.fr\/dossier\/20_minutes\" class=\"c-link c-link--is-underlined\" target=\"_blank\" rel=\"noopener\">20 Minutes<\/a>\u00a0\u00bb, intitul\u00e9 \u00ab\u00a0On a du nouveau\u00a0\u00bb. L\u2019ex-journaliste de BeIN Sports sera accompagn\u00e9 de chroniqueurs comme <a href=\"https:\/\/www.20minutes.fr\/arts-stars\/medias\/4150913-20250429-france-inter-claude-askolovitch-mettra-terme-revue-presse-juillet\" class=\"c-link c-link--is-underlined\" target=\"_blank\" rel=\"noopener\">Claude Askolovitch<\/a> (ex-France Inter).<\/p>\n<p>\u00ab\u00a0Tout beau, tout neuf\u00a0\u00bb (d\u00e8s 18h45, W9)<\/p>\n<p>C\u2019est l\u2019un des rendez-vous les plus attendus de la rentr\u00e9e cathodique. <a href=\"https:\/\/www.20minutes.fr\/arts-stars\/television\/cyril_hanouna\/\" class=\"c-link c-link--is-underlined\" target=\"_blank\" rel=\"noopener\">Cyril Hanouna<\/a> sera de retour ce lundi, d\u00e8s 18h45, mais sur <a href=\"https:\/\/www.20minutes.fr\/dossier\/w9\" class=\"c-link c-link--is-underlined\" target=\"_blank\" rel=\"noopener\">W9<\/a> cette fois, avec \u00ab\u00a0Tout beau, tout neuf\u00a0\u00bb, son nouveau talk-show. \u00ab\u00a0TBT9\u00a0\u00bb se veut assez proche de feu \u00ab\u00a0<a href=\"https:\/\/www.20minutes.fr\/arts-stars\/television\/tpmp\/\" class=\"c-link c-link--is-underlined\" target=\"_blank\" rel=\"noopener\">TPMP<\/a>\u00a0\u00bb sur <a href=\"https:\/\/www.20minutes.fr\/television\/c8\/\" class=\"c-link c-link--is-underlined\" target=\"_blank\" rel=\"noopener\">C8<\/a>, avec de l\u2019info, des chroniques et des happenings. \u00ab\u00a0Baba\u00a0\u00bb sera accompagn\u00e9 d\u2019une bande de chroniqueurs, parmi lesquels figurent <a href=\"https:\/\/www.20minutes.fr\/television\/gilles-verdez\/\" class=\"c-link c-link--is-underlined\" target=\"_blank\" rel=\"noopener\">Gilles Verdez<\/a>, Val\u00e9rie B\u00e9na\u00efm, G\u00e9raldine Maillet, Raymond, Olivier Dartigolles, Fabien Lec\u0153uvre, Michel Mary ou encore l\u2019animateur J\u00e9r\u00f4me Anthony et l\u2019influenceuse Tha\u00efs Gauckarian.<\/p>\n<p>A noter que W9 lancera d\u00e9sormais ses primetime \u00e0 21h25 au lieu de 21h10, d\u00e8s ce lundi, afin que Cyril Hanouna rende l\u2019antenne \u00e0 la m\u00eame heure que son principal concurrent, <a href=\"https:\/\/www.20minutes.fr\/dossier\/yann_barthes\" class=\"c-link c-link--is-underlined\" target=\"_blank\" rel=\"noopener\">Yann Barth\u00e8s<\/a>, toujours \u00e0 la t\u00eate de \u00ab\u00a0<a href=\"https:\/\/www.20minutes.fr\/television\/quotidien\/\" class=\"c-link c-link--is-underlined\" target=\"_blank\" rel=\"noopener\">Quotidien<\/a>\u00a0\u00bb sur TMC.<\/p>\n<p>Le JT de L\u00e9a Salam\u00e9 (d\u00e8s 20 heures, France 2)<\/p>\n<p>Voici l\u2019apoth\u00e9ose de cette rentr\u00e9e t\u00e9l\u00e9 de lundi. <a href=\"https:\/\/www.20minutes.fr\/dossier\/lea_salame\" class=\"c-link c-link--is-underlined\" target=\"_blank\" rel=\"noopener\">L\u00e9a Salam\u00e9<\/a>, qui quitte la matinale de <a href=\"https:\/\/www.20minutes.fr\/medias\/france_inter\/\" class=\"c-link c-link--is-underlined\" target=\"_blank\" rel=\"noopener\">France Inter<\/a> qu\u2019elle animait depuis\u00a02017, va pr\u00e9senter le journal t\u00e9l\u00e9vis\u00e9 de 20 heures de France 2. L\u2019animatrice de \u00ab\u00a0<a href=\"https:\/\/www.20minutes.fr\/arts-stars\/television\/epoque-emission-tele\/\" class=\"c-link c-link--is-underlined\" target=\"_blank\" rel=\"noopener\">Quelle \u00e9poque<\/a>\u00a0\u00bb fera ses grands d\u00e9buts dans cet exercice, en remplacement d\u2019<a href=\"https:\/\/www.20minutes.fr\/dossier\/anne-sophie-lapix\" class=\"c-link c-link--is-underlined\" target=\"_blank\" rel=\"noopener\">Anne-Sophie Lapix<\/a>, partie sur <a href=\"https:\/\/www.20minutes.fr\/dossier\/m6\" class=\"c-link c-link--is-underlined\" target=\"_blank\" rel=\"noopener\">M6<\/a>.<\/p>\n<\/p>\n<p>Nul doute que le <a href=\"https:\/\/www.huffingtonpost.fr\/medias\/article\/lea-salame-cherche-son-style-pour-le-jt-de-france-2-dans-la-bande-annonce-du-programme_254047.html\" rel=\"nofollow noopener\" target=\"_blank\" class=\"c-link c-link--is-underlined\">\u00ab\u00a0Madame, Monsieur, bonsoir\u00a0\u00bb<\/a> de L\u00e9a Salam\u00e9, qui conserve la pr\u00e9sentation de \u00ab\u00a0Quelle \u00e9poque\u00a0\u00bb, sera scrut\u00e9e par des millions de t\u00e9l\u00e9spectatrices et t\u00e9l\u00e9spectateurs. Bon RTT \u00e0 toutes et \u00e0 tous.<\/p>\n","protected":false},"excerpt":{"rendered":"Vous avez un RTT \u00e0 prendre et vous ne savez qu\u2019en faire\u2026 On vous conseille de le poser&hellip;\n","protected":false},"author":2,"featured_media":352544,"comment_status":"","ping_status":"","sticky":false,"template":"","format":"standard","meta":{"footnotes":""},"categories":[1356],"tags":[32367,21313,6779,5632,4642,1083,58,59,1011,27,876,4467,2400,594,16181,34700,3806,1404,11013,252,199,8648,1364,2395,1405],"class_list":{"0":"post-352543","1":"post","2":"type-post","3":"status-publish","4":"format-standard","5":"has-post-thumbnail","7":"category-television","8":"tag-20-heures","9":"tag-anne-sophie-lapix","10":"tag-bruce-toussaint","11":"tag-c-a-vous","12":"tag-cyril-feraud","13":"tag-cyril-hanouna","14":"tag-divertissement","15":"tag-entertainment","16":"tag-fr","17":"tag-france","18":"tag-france-3","19":"tag-france-5","20":"tag-france-televisions","21":"tag-france-2","22":"tag-gilles-verdez","23":"tag-jt","24":"tag-lea-salame","25":"tag-quotidien","26":"tag-samuel-etienne","27":"tag-television","28":"tag-tf1","29":"tag-tmc","30":"tag-tv","31":"tag-w9","32":"tag-yann-barthes"},"share_on_mastodon":{"url":"https:\/\/pubeurope.com\/@fr\/115113079776869639","error":""},"_links":{"self":[{"href":"https:\/\/www.europesays.com\/fr\/wp-json\/wp\/v2\/posts\/352543","targetHints":{"allow":["GET"]}}],"collection":[{"href":"https:\/\/www.europesays.com\/fr\/wp-json\/wp\/v2\/posts"}],"about":[{"href":"https:\/\/www.europesays.com\/fr\/wp-json\/wp\/v2\/types\/post"}],"author":[{"embeddable":true,"href":"https:\/\/www.europesays.com\/fr\/wp-json\/wp\/v2\/users\/2"}],"replies":[{"embeddable":true,"href":"https:\/\/www.europesays.com\/fr\/wp-json\/wp\/v2\/comments?post=352543"}],"version-history":[{"count":0,"href":"https:\/\/www.europesays.com\/fr\/wp-json\/wp\/v2\/posts\/352543\/revisions"}],"wp:featuredmedia":[{"embeddable":true,"href":"https:\/\/www.europesays.com\/fr\/wp-json\/wp\/v2\/media\/352544"}],"wp:attachment":[{"href":"https:\/\/www.europesays.com\/fr\/wp-json\/wp\/v2\/media?parent=352543"}],"wp:term":[{"taxonomy":"category","embeddable":true,"href":"https:\/\/www.europesays.com\/fr\/wp-json\/wp\/v2\/categories?post=352543"},{"taxonomy":"post_tag","embeddable":true,"href":"https:\/\/www.europesays.com\/fr\/wp-json\/wp\/v2\/tags?post=352543"}],"curies":[{"name":"wp","href":"https:\/\/api.w.org\/{rel}","templated":true}]}}