{"id":352545,"date":"2025-08-29T16:49:10","date_gmt":"2025-08-29T16:49:10","guid":{"rendered":"https:\/\/www.europesays.com\/fr\/352545\/"},"modified":"2025-08-29T16:49:10","modified_gmt":"2025-08-29T16:49:10","slug":"florent-pagny-ouvre-les-portes-du-monument-classe-quil-possede-en-bourgogne","status":"publish","type":"post","link":"https:\/\/www.europesays.com\/fr\/352545\/","title":{"rendered":"Florent Pagny ouvre les portes du monument class\u00e9 qu&rsquo;il poss\u00e8de en Bourgogne"},"content":{"rendered":"<p>      R\u00e9sum\u00e9<\/p>\n<p>Audrey Crespo Mara retrouve Florent Pagny en Bourgogne pour \u00e9voquer ses racines familiales et sa vie apr\u00e8s un combat contre le cancer, dans un \u00e9pisode de \u00ab\u00a0Sept \u00e0 Huit\u00a0\u00bb.<\/p>\n<p>        Sommaire<\/p>\n<p>Tr\u00e8s rapidement apr\u00e8s <a href=\"https:\/\/www.public.fr\/merci-a-vous-audrey-crespo-mara-au-bord-des-larmes-pour-cloturer-son-jt-et-rendre-hommage-a-thierry-ardisson\" target=\"_blank\" rel=\"noopener\">la mort de son mari, Thierry Ardisson,<\/a> Audrey Crespo Mara a voulu reprendre le travail. Sur TF1, elle ne pr\u00e9sente pas seulement les JT du week-end. La journaliste r\u00e9alise \u00e9galement le <strong>portrait de la semaine dans l&rsquo;\u00e9mission \u00ab\u00a0Sept \u00e0 Huit\u00a0\u00bb. <\/strong>Et dans le prochain num\u00e9ro, qui sera diffus\u00e9 le 31 ao\u00fbt 2025, <a href=\"https:\/\/www.public.fr\/florent-pagny-sideree-audrey-crespo-mara-revele-chanteur-dit-prive-cancer\" target=\"_blank\" rel=\"noopener\">Audrey Crespo Mara a retrouv\u00e9 Florent Pagny<\/a> et sa femme Azucena. <\/p>\n<p>Mais cette fois-ci, il n&rsquo;\u00e9tait pas question de retourner en Patagonie. <strong>C&rsquo;est en Bourgogne que les cam\u00e9ras de TF1 se sont rendues. <\/strong><\/p>\n<p>Audrey Crespo Mara en Bourgogne<\/p>\n<p>Sur place, le chanteur de \u00ab\u00a0Savoir aimer\u00a0\u00bb a pu y raconter l&rsquo;histoire de sa famille. Un \u00ab\u00a0retour aux sources\u00a0\u00bb, comme l&rsquo;explique la star, \u00ab\u00a0apr\u00e8s avoir travers\u00e9 beaucoup les oc\u00e9ans\u00a0\u00bb. Il a trouv\u00e9 <strong>une propri\u00e9t\u00e9 pr\u00e8s de la terre o\u00f9 il est n\u00e9. <\/strong><\/p>\n<p>De fait, l&rsquo;interview a eu lieu ans l&rsquo;enceinte d&rsquo;une ferme fortifi\u00e9e. <strong>\u00ab\u00a0C&rsquo;est pas un ch\u00e2teau\u00a0\u00bb<\/strong> assure le ma\u00eetre des lieux \u00e0 Audrey Crespo Mara, mais \u00ab\u00a0il y a de bonnes vibrations\u00a0\u00bb. En 1100, il y avait des douves, autour du ch\u00e2teau fort dit-il, tout \u00e9tait en bois. Il a ensuite \u00e9t\u00e9 ras\u00e9.<\/p>\n<p>Et Azucena, qui adore les vieilles pierres qui ont une histoire, s&rsquo;y sent comme chez elle, comme elle l&rsquo;explique. Elle rapporte \u00e9galement que <strong>le pont-levis de la demeure est class\u00e9 monument historique<\/strong>.<\/p>\n<p>C&rsquo;est ici que Florent Pagny est n\u00e9<\/p>\n<p>Il r\u00e8gne sur place une ambiance tr\u00e8s particuli\u00e8re. Florent Pagny est n\u00e9 \u00e0 quelques kilom\u00e8tres de l\u00e0, \u00e0 Chalon-sur-Sa\u00f4ne, en Sa\u00f4ne-et-Loire. Et toute sa famille est encore dans le coin. <\/p>\n<p>Pour Audrey Crespo Mara, c&rsquo;est un passage oblig\u00e9, puisqu&rsquo;elle suit le chanteur depuis un an pour <strong>raconter son combat contre le cancer. <\/strong><\/p>\n<p>Apr\u00e8s une r\u00e9cidive, <a href=\"https:\/\/vsd.fr\/74972-il-ne-faut-pas-crier-victoire-trop-vite-florent-pagny-donne-de-ses-nouvelles-apres-ses-derniers-controles\/\" target=\"_blank\" rel=\"noopener\">Florent Pagny fait tr\u00e8s attention \u00e0 ses examens de sant\u00e9<\/a>. Dans l&rsquo;intervalle, il profite des siens, et de la vie. Et il n&rsquo;a pas fait une croix sur sa passion, la musique. <\/p>\n<p>      Mentionn\u00e9s dans cet article<\/p>\n<p>      Sur le m\u00eame sujet<\/p>\n","protected":false},"excerpt":{"rendered":"R\u00e9sum\u00e9 Audrey Crespo Mara retrouve Florent Pagny en Bourgogne pour \u00e9voquer ses racines familiales et sa vie apr\u00e8s&hellip;\n","protected":false},"author":2,"featured_media":352546,"comment_status":"","ping_status":"","sticky":false,"template":"","format":"standard","meta":{"footnotes":""},"categories":[1355],"tags":[17979,58,59,3109,1011,27,1361,873,199],"class_list":{"0":"post-352545","1":"post","2":"type-post","3":"status-publish","4":"format-standard","5":"has-post-thumbnail","7":"category-musique","8":"tag-audrey-crespo-mara","9":"tag-divertissement","10":"tag-entertainment","11":"tag-florent-pagny","12":"tag-fr","13":"tag-france","14":"tag-music","15":"tag-musique","16":"tag-tf1"},"share_on_mastodon":{"url":"","error":""},"_links":{"self":[{"href":"https:\/\/www.europesays.com\/fr\/wp-json\/wp\/v2\/posts\/352545","targetHints":{"allow":["GET"]}}],"collection":[{"href":"https:\/\/www.europesays.com\/fr\/wp-json\/wp\/v2\/posts"}],"about":[{"href":"https:\/\/www.europesays.com\/fr\/wp-json\/wp\/v2\/types\/post"}],"author":[{"embeddable":true,"href":"https:\/\/www.europesays.com\/fr\/wp-json\/wp\/v2\/users\/2"}],"replies":[{"embeddable":true,"href":"https:\/\/www.europesays.com\/fr\/wp-json\/wp\/v2\/comments?post=352545"}],"version-history":[{"count":0,"href":"https:\/\/www.europesays.com\/fr\/wp-json\/wp\/v2\/posts\/352545\/revisions"}],"wp:featuredmedia":[{"embeddable":true,"href":"https:\/\/www.europesays.com\/fr\/wp-json\/wp\/v2\/media\/352546"}],"wp:attachment":[{"href":"https:\/\/www.europesays.com\/fr\/wp-json\/wp\/v2\/media?parent=352545"}],"wp:term":[{"taxonomy":"category","embeddable":true,"href":"https:\/\/www.europesays.com\/fr\/wp-json\/wp\/v2\/categories?post=352545"},{"taxonomy":"post_tag","embeddable":true,"href":"https:\/\/www.europesays.com\/fr\/wp-json\/wp\/v2\/tags?post=352545"}],"curies":[{"name":"wp","href":"https:\/\/api.w.org\/{rel}","templated":true}]}}