{"id":352547,"date":"2025-08-29T16:50:11","date_gmt":"2025-08-29T16:50:11","guid":{"rendered":"https:\/\/www.europesays.com\/fr\/352547\/"},"modified":"2025-08-29T16:50:11","modified_gmt":"2025-08-29T16:50:11","slug":"la-meilleure-sensation-au-monde-emma-stone-ose-tout-pour-son-nouveau-film-et-devoile-un-changement-radical","status":"publish","type":"post","link":"https:\/\/www.europesays.com\/fr\/352547\/","title":{"rendered":"\u00ab\u00a0La meilleure sensation au monde\u00a0\u00bb\u00a0: Emma Stone ose tout pour son nouveau film et d\u00e9voile un changement radical"},"content":{"rendered":"<p>\n                                                                L\u2019actrice de 36 ans, Emma Stone, a accept\u00e9 de se raser le cr\u00e2ne devant l\u2019\u00e9cran pour son r\u00f4le dans Bugonia\u00a0de Y\u00f3rgos L\u00e1nthimos, pr\u00e9sent\u00e9 en comp\u00e9tition \u00e0 la Mostra de Venise.\n                            <\/p>\n<p>Apr\u00e8s avoir d\u00e9j\u00e0 surpris en janvier dernier aux Golden Globes avec une coupe pixie, <strong>Emma Stone a r\u00e9serv\u00e9 un changement encore plus radical<\/strong>, gard\u00e9 secret jusqu\u2019\u00e0 la sortie de la bande-annonce de Bugonia, d\u00e9voil\u00e9e ce jeudi 28\u00a0ao\u00fbt.<\/p>\n<p>Dans cette nouvelle com\u00e9die grin\u00e7ante sign\u00e9e Y\u00f3rgos L\u00e1nthimos, l\u2019actrice de 36 ans appara\u00eet<strong> le cr\u00e2ne totalement ras\u00e9<\/strong>, un choix esth\u00e9tique fort qui met en valeur la finesse de ses traits et d\u00e9gage int\u00e9gralement son visage.<\/p>\n<p>Quel est le sc\u00e9nario\u00a0?<\/p>\n<p>Dans Bugonia, Emma Stone incarne la PDG d\u2019un g\u00e9ant pharmaceutique enlev\u00e9e par deux complotistes persuad\u00e9s qu\u2019elle est une extraterrestre sur le point de d\u00e9truire la plan\u00e8te. Une sc\u00e8ne, tourn\u00e9e<strong> sans effets sp\u00e9ciaux<\/strong>, montre les ravisseurs lui rasant les cheveux \u00e0 la tondeuse \u00e9lectrique \u00e0 l\u2019arri\u00e8re d\u2019un v\u00e9hicule. \u00ab\u00a0Les cheveux qui jonchent le cuir du Range Rover sont bel et bien les siens\u00a0\u00bb, pr\u00e9cisent les producteurs.<\/p>\n<blockquote data-instgrm-captioned=\"\" data-instgrm-permalink=\"https:\/\/www.instagram.com\/p\/DN6Q_lgjIS9\/?utm_source=ig_embed&amp;utm_campaign=loading\" data-instgrm-version=\"14\" style=\" background:#FFF; border:0; border-radius:3px; box-shadow:0 0 1px 0 rgba(0,0,0,0.5),0 1px 10px 0 rgba(0,0,0,0.15); margin: 1px; max-width:540px; min-width:326px; padding:0; width:99.375%; width:-webkit-calc(100% - 2px); width:calc(100% - 2px);\" data-class=\"instagram-media\"\/>\n<p>\u00ab\u00a0C\u2019\u00e9tait la meilleure sensation au monde. La premi\u00e8re douche apr\u00e8s s\u2019\u00eatre ras\u00e9 la t\u00eate\u00a0? Oh mon Dieu, incroyable\u00a0\u00bb, a-t-elle confi\u00e9e au <strong><a href=\"https:\/\/www.vogue.com\/article\/emma-stone-september-cover-2025-interview\" target=\"_blank\" rel=\"nofollow noopener\">Vogue am\u00e9ricain<\/a><\/strong>. Avant de passer \u00e0 l\u2019acte, elle a d\u2019ailleurs demand\u00e9 \u00e0 son r\u00e9alisateur de se pr\u00eater au jeu, en le rasant elle-m\u00eame.<\/p>\n<p>Pour maintenir le suspense autour de son apparence, la com\u00e9dienne de Pauvres cr\u00e9atures a eu recours \u00e0 tous les stratag\u00e8mes\u00a0: perruques, chapeaux, et apparitions minutieusement orchestr\u00e9es. Elle confie d\u2019ailleurs, non sans une pointe de frustration\u00a0: \u00ab\u00a0J\u2019\u00e9tais un peu d\u00e9\u00e7ue de ne pas pouvoir sortir avec cette t\u00eate. \u00catre juste chauve. Je pense que \u00e7a aurait \u00e9t\u00e9 sympa.\u00a0\u00bb<\/p>\n<p>Jennifer Lawrence dans la confidence<\/p>\n<p>Seules quelques personnes de son entourage \u00e9taient dans la confidence, \u00e0 commencer par son amie Jennifer Lawrence. Cette derni\u00e8re a d\u2019ailleurs r\u00e9v\u00e9l\u00e9 \u00e0 Vogue\u00a0: \u00ab\u00a0Je ne voulais vraiment pas qu\u2019elle se rase la t\u00eate. J\u2019avais d\u00e9j\u00e0 v\u00e9cu la coupe \u00e0 la Billie Jean King.\u00a0\u00bb\u00a0Finalement conquise, elle a reconnu\u00a0: \u00ab\u00a0Franchement, elle \u00e9tait magnifique. Elle a r\u00e9ussi son coup.\u00a0\u00bb<\/p>\n<p>                                                                                                                                                                                                        <script async src=\"\/\/www.instagram.com\/embed.js\"><\/script><\/p>\n","protected":false},"excerpt":{"rendered":"L\u2019actrice de 36 ans, Emma Stone, a accept\u00e9 de se raser le cr\u00e2ne devant l\u2019\u00e9cran pour son r\u00f4le&hellip;\n","protected":false},"author":2,"featured_media":352548,"comment_status":"","ping_status":"","sticky":false,"template":"","format":"standard","meta":{"footnotes":""},"categories":[1354],"tags":[58,59,1346,1011,27,1360],"class_list":{"0":"post-352547","1":"post","2":"type-post","3":"status-publish","4":"format-standard","5":"has-post-thumbnail","7":"category-films","8":"tag-divertissement","9":"tag-entertainment","10":"tag-films","11":"tag-fr","12":"tag-france","13":"tag-movies"},"share_on_mastodon":{"url":"https:\/\/pubeurope.com\/@fr\/115113087886005305","error":""},"_links":{"self":[{"href":"https:\/\/www.europesays.com\/fr\/wp-json\/wp\/v2\/posts\/352547","targetHints":{"allow":["GET"]}}],"collection":[{"href":"https:\/\/www.europesays.com\/fr\/wp-json\/wp\/v2\/posts"}],"about":[{"href":"https:\/\/www.europesays.com\/fr\/wp-json\/wp\/v2\/types\/post"}],"author":[{"embeddable":true,"href":"https:\/\/www.europesays.com\/fr\/wp-json\/wp\/v2\/users\/2"}],"replies":[{"embeddable":true,"href":"https:\/\/www.europesays.com\/fr\/wp-json\/wp\/v2\/comments?post=352547"}],"version-history":[{"count":0,"href":"https:\/\/www.europesays.com\/fr\/wp-json\/wp\/v2\/posts\/352547\/revisions"}],"wp:featuredmedia":[{"embeddable":true,"href":"https:\/\/www.europesays.com\/fr\/wp-json\/wp\/v2\/media\/352548"}],"wp:attachment":[{"href":"https:\/\/www.europesays.com\/fr\/wp-json\/wp\/v2\/media?parent=352547"}],"wp:term":[{"taxonomy":"category","embeddable":true,"href":"https:\/\/www.europesays.com\/fr\/wp-json\/wp\/v2\/categories?post=352547"},{"taxonomy":"post_tag","embeddable":true,"href":"https:\/\/www.europesays.com\/fr\/wp-json\/wp\/v2\/tags?post=352547"}],"curies":[{"name":"wp","href":"https:\/\/api.w.org\/{rel}","templated":true}]}}