{"id":352549,"date":"2025-08-29T16:51:10","date_gmt":"2025-08-29T16:51:10","guid":{"rendered":"https:\/\/www.europesays.com\/fr\/352549\/"},"modified":"2025-08-29T16:51:10","modified_gmt":"2025-08-29T16:51:10","slug":"migraines-a-repetition-votre-cou-est-peut-etre-le-coupable","status":"publish","type":"post","link":"https:\/\/www.europesays.com\/fr\/352549\/","title":{"rendered":"Migraines \u00e0 r\u00e9p\u00e9tition ? Votre cou est peut-\u00eatre le coupable"},"content":{"rendered":"<p data-paragraph-id=\"5581007-1\">Il para\u00eet que la douleur appelle la douleur. Ce dicton anglais utilis\u00e9 dans le contexte de la douleur physique s&rsquo;applique \u00e9galement \u00e0 la souffrance psychologique, lorsque celle-ci est projet\u00e9e sur l&rsquo;entourage de celui qui la ressent. D&rsquo;un point de vue physiologique, un nombre croissant d&rsquo;\u00e9tudes \u00e9tablissent un lien entre douleurs \u00e0 la nuque et migraines.<\/p>\n<p data-paragraph-id=\"5581007-2\">Une \u00e9tude <a href=\"https:\/\/doi.org\/10.1186\/s10194-023-01626-w\" target=\"_blank\" rel=\"nofollow noopener noreferrer\">publi\u00e9e<\/a> dans la revue The Journal of Headache and Pain\u00a0est la premi\u00e8re \u00e0 fournir un marqueur objectif attestant d&rsquo;une origine musculaire.<\/p>\n<p data-paragraph-id=\"5581007-3\">Les chercheurs ont utilis\u00e9 l&rsquo;imagerie par r\u00e9sonnance magn\u00e9tique (IRM) pour \u00e9valuer l&rsquo;implication de la structure myofasciale, c&rsquo;est-\u00e0-dire le muscle et les tissus qui l&rsquo;entourent, dans les c\u00e9phal\u00e9es de tension et les migraines sur un \u00e9chantillon de 50\u00a0participants. En dehors du lien \u00e9tabli entre les douleurs \u00e0 la nuque et la pr\u00e9sence des deux types de c\u00e9phal\u00e9es, l&rsquo;IRM a \u00e9galement r\u00e9v\u00e9l\u00e9 chez les personnes pr\u00e9sentant ces maux de t\u00eate de subtiles alt\u00e9rations du muscle trap\u00e8ze pouvant r\u00e9sulter d&rsquo;une inflammation. \u00c0 titre d&rsquo;information, ce muscle forme un trap\u00e8ze allant du milieu du dos \u00e0 la nuque en passant par les \u00e9paules.<\/p>\n<p data-paragraph-id=\"5581007-4\">\u00ab\u00a0Nous avons \u00e9galement constat\u00e9 des associations significatives entre ces changements musculaires et le nombre de jours qu&rsquo;un individu souffrait de c\u00e9phal\u00e9es et de douleurs \u00e0 la nuque dans les 30\u00a0jours pr\u00e9c\u00e9dant l&rsquo;imagerie\u00a0\u00bb, explique Nico Sollman, coauteur de l&rsquo;\u00e9tude et radiologue affili\u00e9 \u00e0 l&rsquo;h\u00f4pital de l&rsquo;universit\u00e9 d&rsquo;Ulm et \u00e0 l&rsquo;universit\u00e9 technique de Munich en Allemagne. Ces \u00ab\u00a0r\u00e9sultats pourraient apporter une preuve objective des interactions entre la r\u00e9gion du cou et le cerveau dans le contexte des c\u00e9phal\u00e9es.\u00a0\u00bb<\/p>\n<p data-paragraph-id=\"5581007-5\">Pour Mark Green, professeur de neurologie \u00e0 l&rsquo;Icahn School of Medicine at Mount Sinai de New York, une partie des r\u00e9sultats reste sujette \u00e0 d\u00e9bat. \u00ab\u00a0On ne peut pas d\u00e9duire que c&rsquo;est une inflammation \u00e0 partir d&rsquo;une IRM\u00a0; le muscle pourrait \u00eatre tendu ou contract\u00e9\u00a0\u00bb, pr\u00e9cise-t-il. En revanche, il ne remet pas en question le lien entre douleurs \u00e0 la nuque et c\u00e9phal\u00e9es de tension ou migraines.<\/p>\n<p data-paragraph-id=\"5581007-6\">L&rsquo;\u00e9tude men\u00e9e par Sollmann n&rsquo;est pas la\u00a0premi\u00e8re \u00e0 \u00e9tablir un lien entre ces deux ph\u00e9nom\u00e8nes. Une\u00a0<a href=\"https:\/\/doi.org\/10.1212\/WNL.0000000000202041\" target=\"_blank\" rel=\"nofollow noopener noreferrer\">\u00e9tude publi\u00e9e<\/a> dans la revue Neurology\u00a0indique une forte pr\u00e9valence des douleurs cervicales avant, pendant et apr\u00e8s l&rsquo;apparition d&rsquo;une migraine.<\/p>\n<p data-paragraph-id=\"5581007-7\">\u00ab\u00a0Certains pensent que la douleur au cou est un d\u00e9clencheur, mais c&rsquo;est aussi un signal indiquant que l&rsquo;activit\u00e9 nerveuse associ\u00e9e \u00e0 une crise de migraine a commenc\u00e9\u00a0\u00bb, nous explique Dawn C. Buse, coauteur de l&rsquo;\u00e9tude parue dans Neurology et professeur de neurologie \u00e0 l&rsquo;Albert Einstein College of Medicine de New York. \u00ab\u00a0Ce signal pourrait d\u00e9clencher le traitement de la migraine.\u00a0\u00bb<\/p>\n<p data-paragraph-id=\"5581007-9\">M\u00eame s&rsquo;il faudra approfondir les recherches pour d\u00e9terminer si la douleur \u00e0 la nuque provoque les maux de t\u00eate ou si les deux affections ne font que coexister, une chose est s\u00fbre\u00a0: \u00ab\u00a0Les personnes souffrant de migraines ont plus souvent mal \u00e0 la nuque, m\u00eame en dehors des crises de migraine\u00a0\u00bb, indique Jessica Ailani, professeure de neurologie clinique et directrice du MedStar Georgetown Headache Center de Washington.<\/p>\n<p data-paragraph-id=\"5581007-10\">Pour ce qui est des causes sous-jacentes, le nerf trijumeau reste le d\u00e9nominateur commun \u00e0 plusieurs types de c\u00e9phal\u00e9es. Ce nerf est le\u00a0<a href=\"https:\/\/doi.org\/10.1186\/s10194-020-01134-1\" target=\"_blank\" rel=\"nofollow noopener noreferrer\">cinqui\u00e8me et le plus volumineux des nerfs cr\u00e2niens<\/a>\u00a0; il \u00e9merge du tronc c\u00e9r\u00e9bral et descend vers la colonne cervicale, transmettant les signaux associ\u00e9s \u00e0 la douleur, au toucher et \u00e0 la temp\u00e9rature dans diff\u00e9rentes r\u00e9gions du visage et de la t\u00eate.<\/p>\n<p data-paragraph-id=\"5581007-11\">En cas de douleur \u00e0 la nuque, \u00ab\u00a0les nerfs cervicaux activent le nerf trijumeau et peuvent d\u00e9clencher une migraine\u00a0\u00bb, indique Green, pr\u00e9sident de la World Headache Society. \u00ab\u00a0Les douleurs \u00e0 la nuque affectent 75\u00a0% des personnes souffrant de migraines.\u00a0\u00bb<\/p>\n<p data-paragraph-id=\"5581007-12\">Un ph\u00e9nom\u00e8ne de sensibilisation \u00e0 la douleur pourrait \u00e9galement \u00eatre \u00e0 l&rsquo;\u0153uvre. Lorsque la douleur s&rsquo;\u00e9tale dans le temps, notre syst\u00e8me nerveux reste en alerte de mani\u00e8re chronique, ce qui abaisse notre seuil de perception de la douleur et nous rend hypersensibles \u00e0 celle-ci. Une\u00a0<a href=\"https:\/\/doi.org\/10.1515\/sjpain-2022-0030\" target=\"_blank\" rel=\"nofollow noopener noreferrer\">\u00e9tude publi\u00e9e<\/a> dans le Scandinavian Journal of Pain\u00a0a ainsi constat\u00e9 que les personnes souffrant de douleurs \u00e0 la nuque et de migraine chronique, plus de 15\u00a0jours de migraine par mois, ou de c\u00e9phal\u00e9es de tension avaient tendance \u00e0 pr\u00e9senter une sensibilit\u00e9 accrue de la zone p\u00e9ricr\u00e2nienne, par rapport \u00e0 celles souffrant de c\u00e9phal\u00e9es \u00e9pisodiques\u00a0; la sensibilisation du syst\u00e8me douloureux est une hypoth\u00e8se qui pourrait expliquer ce ph\u00e9nom\u00e8ne.<\/p>\n<p data-paragraph-id=\"5581007-13\">\u00ab\u00a0Si vous avez mal dans une r\u00e9gion, le risque d&rsquo;avoir mal ailleurs augmente car toutes les douleurs se trouvent dans le cerveau\u00a0\u00bb, r\u00e9sume Ailani. \u00ab\u00a0Le cerveau devient hypersensible et la douleur est amplifi\u00e9e. Il peut \u00e9galement \u00eatre plus difficile pour le cerveau de couper les signaux de douleur.\u00a0\u00bb<\/p>\n<p data-paragraph-id=\"5581007-14\">De plus, les personnes souffrant de migraines ou de c\u00e9phal\u00e9es de tension pr\u00e9sentent souvent des points g\u00e2chettes myofasciaux qui en cas d&rsquo;activation peuvent d\u00e9clencher des \u00e9pisodes de c\u00e9phal\u00e9e. Ces points g\u00e2chettes peuvent \u00eatre activ\u00e9s par palpation, pression ou activit\u00e9 physique. Une\u00a0<a href=\"https:\/\/doi.org\/10.1186\/s10194-018-0913-8\" target=\"_blank\" rel=\"nofollow noopener noreferrer\">\u00e9tude<\/a> associe la pr\u00e9sence de points g\u00e2chettes myofasciaux dans le cuir chevelu de sujets souffrant de c\u00e9phal\u00e9es \u00e0 un seuil de perception de la douleur r\u00e9duit, ce qui sugg\u00e8re l\u00e0 encore un effet de sensibilisation du syst\u00e8me douloureux.<\/p>\n<p data-paragraph-id=\"5581007-16\">\u00c0 en croire ces m\u00e9canismes, quiconque ressent une douleur dans la nuque courrait le risque de d\u00e9velopper une c\u00e9phal\u00e9e de tension ou une crise de migraine, si la personne y est sujette.<\/p>\n<p data-paragraph-id=\"5581007-17\">En outre, le risque d&rsquo;\u00eatre soudainement frapp\u00e9 de ce douloureux duo augmente si la personne souffre \u00e9galement de blessures li\u00e9es au sport, d&rsquo;une mauvaise posture ou d&rsquo;une spondylose, la d\u00e9g\u00e9n\u00e9ration des os et des disques du cou.<\/p>\n<p data-paragraph-id=\"5581007-18\">\u00ab\u00a0Cette combinaison de douleur \u00e0 la nuque, de mal de t\u00eate et d&rsquo;hypersensibilit\u00e9 \u00e0 la douleur est \u00e9galement observ\u00e9e chez les patients atteints de douleurs cervicales aigu\u00ebs apr\u00e8s un traumatisme du rachis cervical\u00a0\u00bb, indique Brian Grosberg, neurologue et directeur du Hartford HealthCare Headache Center.<\/p>\n<p data-paragraph-id=\"5581007-19\">Dans certains cas, la douleur au cou qui accompagne une c\u00e9phal\u00e9e \u00ab\u00a0peut constituer un signal d&rsquo;alarme si la personne pr\u00e9sente \u00e9galement les sympt\u00f4mes suivants\u00a0: frissons, fi\u00e8vre, troubles de la coordination ou de l&rsquo;\u00e9quilibre, difficult\u00e9s \u00e0 marcher, douleur irradiante ou fourmillements dans les bras ou les jambes\u00a0\u00bb, pr\u00e9vient Buse. Dans ce cas, la douleur au cou peut indiquer une tumeur ou une m\u00e9ningite, ajoute-t-elle.<\/p>\n<p data-paragraph-id=\"5581007-20\">En l&rsquo;absence de ces sympt\u00f4mes inqui\u00e9tants, si une douleur \u00e0 la nuque accompagne la c\u00e9phal\u00e9e de tension ou la crise de migraine d&rsquo;une personne, l&rsquo;objectif est de traiter les deux formes de douleurs pour mettre fin \u00e0 leur d\u00e9clenchement mutuel. \u00ab\u00a0Nous recommandons aux patients d&rsquo;opter pour un traitement radical de la douleur au cou afin d&rsquo;\u00e9viter son aggravation\u00a0\u00bb, souligne Green.<\/p>\n<p data-paragraph-id=\"5581007-22\">\u00c0 l&rsquo;heure actuelle, il n&rsquo;existe pas de traitement unique permettant de soigner les deux formes de douleur. Comme nous l&rsquo;explique Ailani, diverses th\u00e9rapies non m\u00e9dicamenteuses peuvent aider \u00e0 soulager la douleur cervicale, notamment le massage, l&rsquo;acupuncture, les \u00e9tirements et l&rsquo;application de chaud ou de froid, selon les pr\u00e9f\u00e9rences du patient. Il peut \u00e9galement \u00eatre utile de revoir l&rsquo;ergonomie de votre environnement de travail et d&rsquo;opter pour un oreiller offrant plus de soutien.<\/p>\n<p data-paragraph-id=\"5581007-23\"><a href=\"https:\/\/doi.org\/10.4103\/jrms.JRMS_745_18\" target=\"_blank\" rel=\"nofollow noopener noreferrer\">La recherche montre que le rel\u00e2chement myofascial<\/a>, qui consiste en l&rsquo;application de pression sur les points hyperirritables des muscles du cou, et les techniques d&rsquo;\u00e9tirement sont \u00e9galement efficaces pour am\u00e9liorer l&rsquo;intensit\u00e9 de la migraine et l&rsquo;amplitude de mouvement cervical.<\/p>\n<p data-paragraph-id=\"5581007-24\">R\u00e9cemment, l&rsquo;\u00e9quipe de Sollman a utilis\u00e9 la\u00a0<a href=\"https:\/\/doi.org\/10.1016\/j.ejpn.2016.07.022\" target=\"_blank\" rel=\"nofollow noopener noreferrer\">stimulation magn\u00e9tique p\u00e9riph\u00e9rique r\u00e9p\u00e9titive<\/a> (rPMS) pour stimuler de mani\u00e8re non invasive les muscles du cou et soulager la douleur cervicale. Dans le cadre de cette\u00a0<a href=\"https:\/\/www.ncbi.nlm.nih.gov\/books\/NBK526087\/\" target=\"_blank\" rel=\"nofollow noopener noreferrer\">proc\u00e9dure<\/a>, le praticien utilise un dispositif pour appliquer une stimulation magn\u00e9tique \u00e0 pulsation rapide aux nerfs p\u00e9riph\u00e9riques afin de r\u00e9duire la douleur. \u00ab\u00a0Dans le contexte d&rsquo;applications r\u00e9p\u00e9t\u00e9es, nous avons observ\u00e9 une r\u00e9duction des c\u00e9phal\u00e9es\u00a0\u00bb, indique Sollmann.<\/p>\n<p data-paragraph-id=\"5581007-25\">C\u00f4t\u00e9 pharmacie, les m\u00e9dicaments comme le parac\u00e9tamol ou l&rsquo;ibuprof\u00e8ne peuvent aider \u00e0 combattre l&rsquo;apparition de douleurs cervicales, de c\u00e9phal\u00e9es de tension ou de migraines.<\/p>\n<p data-paragraph-id=\"5581007-26\">\u00ab\u00a0Attention \u00e0 la surconsommation de ces m\u00e9dicaments car avec le temps, ils ne feront qu&rsquo;amplifier la douleur\u00a0\u00bb, avertit Green. La\u00a0<a href=\"https:\/\/www.who.int\/fr\/news-room\/fact-sheets\/detail\/headache-disorders#:~:text=%C3%A9pisodiques%20et%20chroniques.-,C%C3%A9phal%C3%A9e%20par%20surconsommation%20de%20m%C3%A9dicaments,individus%20dans%20certaines%20populations%2C%20les%20femmes%20plus%20souvent%20que%20les%20hommes.,-Poids%20social%20et\" target=\"_blank\" rel=\"nofollow noopener noreferrer\">c\u00e9phal\u00e9e par surconsommation de m\u00e9dicaments<\/a> est la c\u00e9phal\u00e9e secondaire la plus r\u00e9pandue selon l&rsquo;Organisation mondiale de la Sant\u00e9.<\/p>\n<p data-paragraph-id=\"5581007-27\">En ce qui concerne les c\u00e9phal\u00e9es chroniques ou fr\u00e9quentes, accompagn\u00e9es de douleurs \u00e0 la nuque, certains antid\u00e9presseurs, comme l&rsquo;amitriptyline, la mirtazapine et la dulox\u00e9tine, ainsi que certains anticonvulsivants, comme la gabapentine, sont parfois utilis\u00e9s hors indication pour pr\u00e9venir les crises de c\u00e9phal\u00e9es, indique Ailani.<\/p>\n<p data-paragraph-id=\"5581007-28\">Parmi les traitements contre la migraine figurent \u00e9galement les classes de m\u00e9dicaments appel\u00e9es triptans, g\u00e9pants ou ditans. Les classes des g\u00e9pants, des b\u00eata bloquants, des antid\u00e9presseurs tricycliques et des anticorps monoclonaux contiennent par ailleurs divers agents pr\u00e9ventifs efficaces, ajoute Grosberg.<\/p>\n<p data-paragraph-id=\"5581007-29\">Il arrive que la migraine chronique soit trait\u00e9e \u00e0 l&rsquo;aide d&rsquo;injections de Botox visant \u00e0 r\u00e9duire l&rsquo;intensit\u00e9 des c\u00e9phal\u00e9es et le nombre de jours affect\u00e9s chaque mois. Dans une\u00a0<a href=\"https:\/\/doi.org\/10.3390\/toxins15120685\" target=\"_blank\" rel=\"nofollow noopener noreferrer\">\u00e9tude publi\u00e9e en 2023 dans la revue Toxins<\/a>,\u00a0les chercheurs ont examin\u00e9 les effets du Botox chez 116\u00a0participants atteints de migraine chronique et de diff\u00e9rents degr\u00e9s d&rsquo;incapacit\u00e9 li\u00e9e aux douleurs cervicales\u00a0: le traitement s&rsquo;est montr\u00e9 particuli\u00e8rement efficace pour r\u00e9duire le nombre de jours de c\u00e9phal\u00e9es par mois et le degr\u00e9 d&rsquo;incapacit\u00e9 induit par la migraine chez les participants pr\u00e9sentant des douleurs cervicales s\u00e9v\u00e8res apr\u00e8s un suivi de trois mois, mais une baisse de l&rsquo;intensit\u00e9 des c\u00e9phal\u00e9es a \u00e9t\u00e9 constat\u00e9e pour l&rsquo;ensemble des participants.\u00a0<\/p>\n<p data-paragraph-id=\"5581007-30\">\u00ab\u00a0En cas de c\u00e9phal\u00e9es fr\u00e9quentes, il est pr\u00e9f\u00e9rable de suivre un traitement pr\u00e9ventif\u00a0\u00bb, recommande Green. De cette fa\u00e7on, vous pourrez potentiellement briser le cycle de la douleur qui s&rsquo;installe entre le cou et la t\u00eate.<\/p>\n","protected":false},"excerpt":{"rendered":"Il para\u00eet que la douleur appelle la douleur. Ce dicton anglais utilis\u00e9 dans le contexte de la douleur&hellip;\n","protected":false},"author":2,"featured_media":352550,"comment_status":"","ping_status":"","sticky":false,"template":"","format":"standard","meta":{"footnotes":""},"categories":[10],"tags":[1011,27,72,71],"class_list":{"0":"post-352549","1":"post","2":"type-post","3":"status-publish","4":"format-standard","5":"has-post-thumbnail","7":"category-sante","8":"tag-fr","9":"tag-france","10":"tag-health","11":"tag-sante"},"share_on_mastodon":{"url":"https:\/\/pubeurope.com\/@fr\/115113091586713669","error":""},"_links":{"self":[{"href":"https:\/\/www.europesays.com\/fr\/wp-json\/wp\/v2\/posts\/352549","targetHints":{"allow":["GET"]}}],"collection":[{"href":"https:\/\/www.europesays.com\/fr\/wp-json\/wp\/v2\/posts"}],"about":[{"href":"https:\/\/www.europesays.com\/fr\/wp-json\/wp\/v2\/types\/post"}],"author":[{"embeddable":true,"href":"https:\/\/www.europesays.com\/fr\/wp-json\/wp\/v2\/users\/2"}],"replies":[{"embeddable":true,"href":"https:\/\/www.europesays.com\/fr\/wp-json\/wp\/v2\/comments?post=352549"}],"version-history":[{"count":0,"href":"https:\/\/www.europesays.com\/fr\/wp-json\/wp\/v2\/posts\/352549\/revisions"}],"wp:featuredmedia":[{"embeddable":true,"href":"https:\/\/www.europesays.com\/fr\/wp-json\/wp\/v2\/media\/352550"}],"wp:attachment":[{"href":"https:\/\/www.europesays.com\/fr\/wp-json\/wp\/v2\/media?parent=352549"}],"wp:term":[{"taxonomy":"category","embeddable":true,"href":"https:\/\/www.europesays.com\/fr\/wp-json\/wp\/v2\/categories?post=352549"},{"taxonomy":"post_tag","embeddable":true,"href":"https:\/\/www.europesays.com\/fr\/wp-json\/wp\/v2\/tags?post=352549"}],"curies":[{"name":"wp","href":"https:\/\/api.w.org\/{rel}","templated":true}]}}