{"id":352557,"date":"2025-08-29T16:55:11","date_gmt":"2025-08-29T16:55:11","guid":{"rendered":"https:\/\/www.europesays.com\/fr\/352557\/"},"modified":"2025-08-29T16:55:11","modified_gmt":"2025-08-29T16:55:11","slug":"la-france-a-fait-barrage-a-la-mise-en-concurrence-de-ses-ouvrages-hydroelectriques-et-cest-une-excellente-nouvelle-liberation","status":"publish","type":"post","link":"https:\/\/www.europesays.com\/fr\/352557\/","title":{"rendered":"La France a fait barrage \u00e0 la mise en concurrence de ses ouvrages hydro\u00e9lectriques et c\u2019est une excellente nouvelle\u00a0! \u2013 Lib\u00e9ration"},"content":{"rendered":"<p class=\"sc-ksZaOG ehjQrN text-element\">C\u2019est un feuilleton qui durait depuis dix ans et faisait planer une menace de spoliation sur un tr\u00e9sor \u00e9nerg\u00e9tique pay\u00e9 par trois g\u00e9n\u00e9rations de contribuables depuis l\u2019apr\u00e8s-guerre : la Commission europ\u00e9enne voulait contraindre la France <a href=\"https:\/\/www.liberation.fr\/france\/2018\/03\/12\/barrages-un-coup-de-prive-dans-l-eau_1635665\/\" target=\"_blank\" rel=\"nofollow noopener\" title=\"https:\/\/www.liberation.fr\/france\/2018\/03\/12\/barrages-un-coup-de-prive-dans-l-eau_1635665\/\">\u00e0 remettre en concurrence<\/a> une bonne partie des 424 centrales hydro\u00e9lectriques <a href=\"https:\/\/www.liberation.fr\/tags\/edf\/\" target=\"_blank\" rel=\"noreferrer nofollow noopener\" title=\"https:\/\/www.liberation.fr\/tags\/edf\/\">d\u2019EDF<\/a>. Avec ses barrages et autres \u00abstep\u00bb (stations de transfert d\u2019\u00e9nergie par pompage), install\u00e9s du Rh\u00f4ne \u00e0 la Dordogne et de la Durance \u00e0 la Truy\u00e8re, l\u2019entreprise publique g\u00e8re 80 % du parc hydraulique du pays. <\/p>\n<p class=\"sc-ksZaOG ehjQrN text-element\">Cette \u00abhouille blanche\u00bb suscitait bien des convoitises chez ses concurrents fran\u00e7ais comme <a href=\"https:\/\/www.liberation.fr\/tags\/total\/\" target=\"_blank\" rel=\"noreferrer nofollow noopener\" title=\"https:\/\/www.liberation.fr\/tags\/total\/\">TotalEnergies<\/a> ou <a href=\"https:\/\/www.liberation.fr\/tags\/engie\/\" target=\"_blank\" rel=\"noreferrer nofollow noopener\" title=\"https:\/\/www.liberation.fr\/tags\/engie\/\">Engie<\/a> (d\u00e9j\u00e0 propri\u00e9taire des 19 barrag <\/p>\n","protected":false},"excerpt":{"rendered":"C\u2019est un feuilleton qui durait depuis dix ans et faisait planer une menace de spoliation sur un tr\u00e9sor&hellip;\n","protected":false},"author":2,"featured_media":352558,"comment_status":"","ping_status":"","sticky":false,"template":"","format":"standard","meta":{"footnotes":""},"categories":[6],"tags":[35,33,34,1647,893,1011,27],"class_list":{"0":"post-352557","1":"post","2":"type-post","3":"status-publish","4":"format-standard","5":"has-post-thumbnail","7":"category-economie","8":"tag-business","9":"tag-economie","10":"tag-economy","11":"tag-edf","12":"tag-energie","13":"tag-fr","14":"tag-france"},"share_on_mastodon":{"url":"https:\/\/pubeurope.com\/@fr\/115113107457556958","error":""},"_links":{"self":[{"href":"https:\/\/www.europesays.com\/fr\/wp-json\/wp\/v2\/posts\/352557","targetHints":{"allow":["GET"]}}],"collection":[{"href":"https:\/\/www.europesays.com\/fr\/wp-json\/wp\/v2\/posts"}],"about":[{"href":"https:\/\/www.europesays.com\/fr\/wp-json\/wp\/v2\/types\/post"}],"author":[{"embeddable":true,"href":"https:\/\/www.europesays.com\/fr\/wp-json\/wp\/v2\/users\/2"}],"replies":[{"embeddable":true,"href":"https:\/\/www.europesays.com\/fr\/wp-json\/wp\/v2\/comments?post=352557"}],"version-history":[{"count":0,"href":"https:\/\/www.europesays.com\/fr\/wp-json\/wp\/v2\/posts\/352557\/revisions"}],"wp:featuredmedia":[{"embeddable":true,"href":"https:\/\/www.europesays.com\/fr\/wp-json\/wp\/v2\/media\/352558"}],"wp:attachment":[{"href":"https:\/\/www.europesays.com\/fr\/wp-json\/wp\/v2\/media?parent=352557"}],"wp:term":[{"taxonomy":"category","embeddable":true,"href":"https:\/\/www.europesays.com\/fr\/wp-json\/wp\/v2\/categories?post=352557"},{"taxonomy":"post_tag","embeddable":true,"href":"https:\/\/www.europesays.com\/fr\/wp-json\/wp\/v2\/tags?post=352557"}],"curies":[{"name":"wp","href":"https:\/\/api.w.org\/{rel}","templated":true}]}}