{"id":352559,"date":"2025-08-29T16:56:14","date_gmt":"2025-08-29T16:56:14","guid":{"rendered":"https:\/\/www.europesays.com\/fr\/352559\/"},"modified":"2025-08-29T16:56:14","modified_gmt":"2025-08-29T16:56:14","slug":"ils-avaient-plaide-en-larmes-pour-le-retour-de-leur-bebe-de-7-mois-les-parents-arretes-pour-son-meurtre-le-pere-deja-condamne-pour-maltraitance","status":"publish","type":"post","link":"https:\/\/www.europesays.com\/fr\/352559\/","title":{"rendered":"Ils avaient plaid\u00e9 en larmes pour le retour de leur b\u00e9b\u00e9 de 7 mois\u00a0: les parents arr\u00eat\u00e9s pour son meurtre, le p\u00e8re d\u00e9j\u00e0 condamn\u00e9 pour maltraitance"},"content":{"rendered":"<p>\n                                                                    l&rsquo;essentiel<br \/>\n                                                                Jake et Rebecca Haro sont accus\u00e9s d\u2019avoir simul\u00e9 l\u2019enl\u00e8vement de leur b\u00e9b\u00e9, \u00e2g\u00e9 de 7 mois. Le couple, originaire de Californie, a \u00e9t\u00e9 arr\u00eat\u00e9 le 22\u00a0ao\u00fbt dernier et est accus\u00e9 du meurtre de l\u2019enfant, pr\u00e9sum\u00e9 mort. Les enqu\u00eateurs sont toujours \u00e0 la recherche du corps de la victime.\n                            <\/p>\n<p>En larmes devant les cam\u00e9ras, ses parents avaient suppli\u00e9 ses pr\u00e9tendus ravisseurs de leur rendre leur b\u00e9b\u00e9. Quelques jours plus tard, Jake et Rebecca Haro ont \u00e9t\u00e9 arr\u00eat\u00e9s en Californie pour le meurtre de celui-ci, rapportent <a href=\"https:\/\/abcnews.go.com\/US\/search-missing-7-month-officials-strong-indication-location\/story?id=125023684\" target=\"_self\" rel=\"nofollow noopener\">ABC News<\/a> et <a href=\"https:\/\/apnews.com\/article\/missing-baby-emmanuel-haro-parents-arrested-a5e17e6e417f7070588a6cf979b615de\" target=\"_self\" rel=\"nofollow noopener\">l\u2019agence AP<\/a>.<\/p>\n<p>Le 14\u00a0ao\u00fbt dernier, Rebecca Haro, 41 ans, signale la disparition d\u2019Emmanuel, son fils \u00e2g\u00e9 de 7 mois. \u0152il au beurre noir visible sur son visage\u00a0; elle explique qu\u2019elle changeait son b\u00e9b\u00e9 sur le parking d\u2019un magasin\u00a0de San Bernadino quand elle a entendu une personne s\u2019approcher d\u2019elle et la saluer en espagnol. La maman explique alors avoir \u00e9t\u00e9 frapp\u00e9e au visage et avoir perdu connaissance. A son r\u00e9veil, le petit Emmanuel n\u2019\u00e9tait plus l\u00e0.<\/p>\n<p>Mais rapidement, les enqu\u00eateurs observent des incoh\u00e9rences dans le r\u00e9cit des deux parents. Jake et Rebecca Haro, respectivement \u00e2g\u00e9s de 32 et 41 ans, ont finalement \u00e9t\u00e9 arr\u00eat\u00e9s vendredi 22\u00a0ao\u00fbt \u00e0 leur domicile, situ\u00e9 \u00e0 Cabazon en Californie. Ils sont accus\u00e9s de meurtre\u00a0et de fausse d\u00e9claration \u00e0 la police, a pr\u00e9cis\u00e9\u00a0le bureau du procureur du comt\u00e9 de Riverside mardi.<\/p>\n<blockquote data-class=\"twitter-tweet\">\n<p lang=\"en\" dir=\"ltr\">Officials in California said they have a \u00ab\u00a0pretty strong indication\u00a0\u00bb on the location of the remains of Emmanuel Haro, the 7-month-old child who has been missing for nearly two weeks. <a href=\"https:\/\/t.co\/AH3bqRJQzP\" rel=\"nofollow\">https:\/\/t.co\/AH3bqRJQzP<\/a><\/p>\n<p>\u2014 ABC News (@ABC) <a href=\"https:\/\/twitter.com\/ABC\/status\/1960766657741173159?ref_src=twsrc%5Etfw\" rel=\"nofollow noopener\" target=\"_blank\">August 27, 2025<\/a><\/p><\/blockquote>\n<p>Une \u00ab\u00a0erreur de jugement scandaleuse\u00a0\u00bb<\/p>\n<p>Lors de la conf\u00e9rence de presse, les autorit\u00e9s ont confirm\u00e9 que les recherches pour retrouver Emmanuel se poursuivaient. Elles ont d\u00e9clar\u00e9 disposer d'\u00a0\u00bbindices assez solides\u00a0\u00bb quant \u00e0 l\u2019emplacement du corps de la victime. Le procureur du comt\u00e9 de Riverside, Mike\u00a0Hestrin, s\u2019est dit convaincu que l\u2019enfant a \u00e9t\u00e9 longtemps maltrait\u00e9 et qu\u2019il a fini par succomber \u00e0 ses blessures.<\/p>\n<p>Le p\u00e8re du petit Emmanuel, Jake Haro, avait d\u00e9j\u00e0 fait affaire \u00e0 la justice en 2018 pour une pr\u00e9c\u00e9dente affaire de maltraitance, cette fois sur sa fille \u00e2g\u00e9e\u00a0issue d\u2019une autre union. L\u2019enfant avait souffert de multiples fractures aux c\u00f4tes, au cr\u00e2ne et d\u2019une h\u00e9morragie c\u00e9r\u00e9brale. Des blessures qui ont laiss\u00e9 des s\u00e9quelles permanentes, la jeune fille vivant d\u00e9sormais alit\u00e9e. Il \u00ab\u00a0aurait d\u00fb aller en prison\u00a0\u00bb a estim\u00e9 Mike Hestrin au sujet de Jake Haro, pointant du doigt le juge qui lui avait alors accord\u00e9 une mise \u00e0 l\u2019\u00e9preuve. Une \u00ab\u00a0erreur de jugement scandaleuse\u00a0\u00bb selon lui qui a eu de lourdes cons\u00e9quences. Le petit Emmanuel est pr\u00e9sum\u00e9 mort, ont indiqu\u00e9 les autorit\u00e9s qui sont toujours \u00e0 la recherche de son corps.<\/p>\n<p>Dans une interview accord\u00e9e \u00e0 la cha\u00eene locale KABC Los Angeles avant son arrestation, Rebecca Haro avait suppli\u00e9 les pr\u00e9tendus kidnappeurs de son b\u00e9b\u00e9 de le lui rendre. \u00ab\u00a0Je vous en prie, ne faites pas de mal \u00e0 mon fils\u00a0\u00bb avait-elle plaid\u00e9 le 16\u00a0ao\u00fbt dernier.\u00a0\u00ab\u00a0Quiconque a enlev\u00e9 notre fils, s\u2019il vous pla\u00eet ramenez-le nous\u00a0\u00bb, avait rench\u00e9ri Jake Haro.\u00a0Le couple est d\u00e9tenu sous caution d\u2019un million de dollars chacun. Ils doivent compara\u00eetre devant le tribunal la semaine prochaine.<\/p>\n<p>                                                                                                                                                                                                        <script async src=\"https:\/\/platform.twitter.com\/widgets.js\" charset=\"utf-8\"><\/script><\/p>\n","protected":false},"excerpt":{"rendered":"l&rsquo;essentiel Jake et Rebecca Haro sont accus\u00e9s d\u2019avoir simul\u00e9 l\u2019enl\u00e8vement de leur b\u00e9b\u00e9, \u00e2g\u00e9 de 7 mois. Le&hellip;\n","protected":false},"author":2,"featured_media":352560,"comment_status":"","ping_status":"","sticky":false,"template":"","format":"standard","meta":{"footnotes":""},"categories":[5],"tags":[11,1011,27,14,12,28],"class_list":{"0":"post-352559","1":"post","2":"type-post","3":"status-publish","4":"format-standard","5":"has-post-thumbnail","7":"category-international","8":"tag-actualites","9":"tag-fr","10":"tag-france","11":"tag-international","12":"tag-news","13":"tag-world"},"share_on_mastodon":{"url":"https:\/\/pubeurope.com\/@fr\/115113111336857604","error":""},"_links":{"self":[{"href":"https:\/\/www.europesays.com\/fr\/wp-json\/wp\/v2\/posts\/352559","targetHints":{"allow":["GET"]}}],"collection":[{"href":"https:\/\/www.europesays.com\/fr\/wp-json\/wp\/v2\/posts"}],"about":[{"href":"https:\/\/www.europesays.com\/fr\/wp-json\/wp\/v2\/types\/post"}],"author":[{"embeddable":true,"href":"https:\/\/www.europesays.com\/fr\/wp-json\/wp\/v2\/users\/2"}],"replies":[{"embeddable":true,"href":"https:\/\/www.europesays.com\/fr\/wp-json\/wp\/v2\/comments?post=352559"}],"version-history":[{"count":0,"href":"https:\/\/www.europesays.com\/fr\/wp-json\/wp\/v2\/posts\/352559\/revisions"}],"wp:featuredmedia":[{"embeddable":true,"href":"https:\/\/www.europesays.com\/fr\/wp-json\/wp\/v2\/media\/352560"}],"wp:attachment":[{"href":"https:\/\/www.europesays.com\/fr\/wp-json\/wp\/v2\/media?parent=352559"}],"wp:term":[{"taxonomy":"category","embeddable":true,"href":"https:\/\/www.europesays.com\/fr\/wp-json\/wp\/v2\/categories?post=352559"},{"taxonomy":"post_tag","embeddable":true,"href":"https:\/\/www.europesays.com\/fr\/wp-json\/wp\/v2\/tags?post=352559"}],"curies":[{"name":"wp","href":"https:\/\/api.w.org\/{rel}","templated":true}]}}