{"id":352561,"date":"2025-08-29T16:57:09","date_gmt":"2025-08-29T16:57:09","guid":{"rendered":"https:\/\/www.europesays.com\/fr\/352561\/"},"modified":"2025-08-29T16:57:09","modified_gmt":"2025-08-29T16:57:09","slug":"orly-20-des-vols-annules-jusqua-23h30-a-cause-dun-episode-orageux","status":"publish","type":"post","link":"https:\/\/www.europesays.com\/fr\/352561\/","title":{"rendered":"Orly\u00a0: 20\u00a0% des vols annul\u00e9s jusqu\u2019\u00e0 23h30 \u00e0 cause d\u2019un \u00e9pisode orageux"},"content":{"rendered":"<p class=\"paragraph text_align_left lp-f-body-02\">Les orages <a href=\"https:\/\/www.leparisien.fr\/faits-divers\/des-rafales-a-159-kmh-un-vol-paris-bastia-fait-demi-tour-a-cause-des-orages-apres-plusieurs-heures-a-tournoyer-29-08-2025-3FF27MTVDJB65KMVL77EF26MJM.php\" target=\"_blank\" rel=\"noreferrer noopener\">qui traversent la France depuis jeudi<\/a> s\u00e8ment d\u00e9cid\u00e9ment une belle pagaille. 20 % des vols pr\u00e9vus ce vendredi entre 15h30 et 23h30 ont \u00e9t\u00e9 annul\u00e9s \u00e0 l\u2019a\u00e9roport d\u2019Orly, a annonc\u00e9 la DGAC.<\/p>\n<p class=\"paragraph text_align_left lp-f-body-02\">\u00ab En raison d\u2019un \u00e9pisode orageux, le trafic est perturb\u00e9 au d\u00e9part et \u00e0 l\u2019arriv\u00e9e de l\u2019a\u00e9roport de Paris-Orly \u00bb, a \u00e9crit la Direction g\u00e9n\u00e9rale de l\u2019aviation civile sur X, pr\u00e9cisant que des retards et des annulations sont \u00e0 pr\u00e9voir. Elle invite les passagers concern\u00e9s \u00e0 se rapprocher de leur compagnie a\u00e9rienne pour conna\u00eetre les modalit\u00e9s de leur vol.<\/p>\n<p class=\"paragraph text_align_left lp-f-body-02\">Le trafic est perturb\u00e9 <a href=\"https:\/\/www.parisaeroport.fr\/fr\/passagers\/vols\/tous-les-vols-depart\/ory\" target=\"_self\" rel=\"noopener\">au d\u00e9part<\/a> et \u00e0 l\u2019arriv\u00e9e de l\u2019a\u00e9roport d\u2019Orly. Sur le site de l\u2019a\u00e9roport, quelques vols sont annul\u00e9s, comme celui d\u2019Air France en direction de Toulouse ou de Transavia en direction d\u2019Oslo. Ce sont surtout les villes des pays du sud de l\u2019Europe qui sont touch\u00e9s par ces annulations comme Rome, Naples, Madrid, Olbia, Milan et Ibiza.<\/p>\n<p class=\"paragraph text_align_left lp-f-body-02\">D\u2019autres vols sont retard\u00e9s comme celui d\u2019Air France en direction de Nice, pr\u00e9vu \u00e0 17h04 mais retard\u00e9 \u00e0 18h35 ou celui \u00e0 destination de Figari pr\u00e9vu \u00e0 17h10 mais retard\u00e9 \u00e0 18h30.<\/p>\n<p>L\u2019\u00cele-de-France en vigilance jaune pour orages<\/p>\n<p class=\"paragraph text_align_left lp-f-body-02\"><a href=\"https:\/\/vigilance.meteofrance.fr\/fr\" target=\"_self\" rel=\"noopener\">M\u00e9t\u00e9o France<\/a> a plac\u00e9 les d\u00e9partements franciliens en vigilance jaune pour orages. Des averses orageuses sont pr\u00e9vues cet apr\u00e8s-midi en \u00cele-de-France, avec des rafales de vent pouvant aller jusqu\u2019\u00e0 55 km\/h. La situation devrait s\u2019am\u00e9liorer dans la soir\u00e9e.<\/p>\n<p class=\"paragraph text_align_left lp-f-body-02\">Fin juin, le trafic a\u00e9rien avait d\u00e9j\u00e0 \u00e9t\u00e9 perturb\u00e9 \u00e0 l\u2019a\u00e9roport d\u2019Orly apr\u00e8s un \u00e9pisode orageux.<\/p>\n","protected":false},"excerpt":{"rendered":"Les orages qui traversent la France depuis jeudi s\u00e8ment d\u00e9cid\u00e9ment une belle pagaille. 20 % des vols pr\u00e9vus&hellip;\n","protected":false},"author":2,"featured_media":352562,"comment_status":"","ping_status":"","sticky":false,"template":"","format":"standard","meta":{"footnotes":""},"categories":[4],"tags":[11,1011,27,2487,12,25],"class_list":{"0":"post-352561","1":"post","2":"type-post","3":"status-publish","4":"format-standard","5":"has-post-thumbnail","7":"category-france","8":"tag-actualites","9":"tag-fr","10":"tag-france","11":"tag-meteo","12":"tag-news","13":"tag-republique-francaise"},"share_on_mastodon":{"url":"https:\/\/pubeurope.com\/@fr\/115113115363320068","error":""},"_links":{"self":[{"href":"https:\/\/www.europesays.com\/fr\/wp-json\/wp\/v2\/posts\/352561","targetHints":{"allow":["GET"]}}],"collection":[{"href":"https:\/\/www.europesays.com\/fr\/wp-json\/wp\/v2\/posts"}],"about":[{"href":"https:\/\/www.europesays.com\/fr\/wp-json\/wp\/v2\/types\/post"}],"author":[{"embeddable":true,"href":"https:\/\/www.europesays.com\/fr\/wp-json\/wp\/v2\/users\/2"}],"replies":[{"embeddable":true,"href":"https:\/\/www.europesays.com\/fr\/wp-json\/wp\/v2\/comments?post=352561"}],"version-history":[{"count":0,"href":"https:\/\/www.europesays.com\/fr\/wp-json\/wp\/v2\/posts\/352561\/revisions"}],"wp:featuredmedia":[{"embeddable":true,"href":"https:\/\/www.europesays.com\/fr\/wp-json\/wp\/v2\/media\/352562"}],"wp:attachment":[{"href":"https:\/\/www.europesays.com\/fr\/wp-json\/wp\/v2\/media?parent=352561"}],"wp:term":[{"taxonomy":"category","embeddable":true,"href":"https:\/\/www.europesays.com\/fr\/wp-json\/wp\/v2\/categories?post=352561"},{"taxonomy":"post_tag","embeddable":true,"href":"https:\/\/www.europesays.com\/fr\/wp-json\/wp\/v2\/tags?post=352561"}],"curies":[{"name":"wp","href":"https:\/\/api.w.org\/{rel}","templated":true}]}}