{"id":352565,"date":"2025-08-29T16:59:21","date_gmt":"2025-08-29T16:59:21","guid":{"rendered":"https:\/\/www.europesays.com\/fr\/352565\/"},"modified":"2025-08-29T16:59:21","modified_gmt":"2025-08-29T16:59:21","slug":"saint-etienne-princesse-tam-tam-ferme-bientot-sept-cellules-commerciales-vides-rue-du-general-foy","status":"publish","type":"post","link":"https:\/\/www.europesays.com\/fr\/352565\/","title":{"rendered":"Saint-\u00c9tienne. Princesse tam tam ferme, bient\u00f4t sept cellules commerciales vides rue du G\u00e9n\u00e9ral-Foy"},"content":{"rendered":"<p>\u00ab\u00a0On disait que c\u2019\u00e9tait la rue des petites culottes\u2026 c\u2019est de moins en moins le cas.\u00a0\u00bb Laetitia est vendeuse depuis sept ans chez Princesse tam tam et elle passe ses derniers instants dans la petite boutique de lingerie. Ce samedi 30\u00a0ao\u00fbt, \u00e0 19 heures, le magasin baissera son rideau pour la derni\u00e8re fois.<\/p>\n<p>  Une vingtaine de magasins ferm\u00e9s en France<\/p>\n<p>La marque fait partie du groupe\u00a0japonais Fast Retailing et a \u00e9t\u00e9 plac\u00e9e en redressement judiciaire cet \u00e9t\u00e9. Une vingtaine de magasins en France vont fermer leurs portes, dont celui de Saint-\u00c9tienne.<\/p>\n<p>Apr\u00e8s plus de 25 ans au num\u00e9ro\u00a012 de la rue du G\u00e9n\u00e9ral-Foy, la page est difficile \u00e0 tourner. \u00ab\u00a0On faisait un peu partie des murs. C\u2019est triste, on avait nos clientes fid\u00e8les, elles sont tr\u00e8s d\u00e9\u00e7ues qu\u2019on ferme\u00a0\u00bb, regrette Laetitia, en plein dans les cartons.<\/p>\n<p>Ces derni\u00e8res ann\u00e9es, la commer\u00e7ante a vu le flux de clients diminuer petit \u00e0 petit. \u00ab\u00a0Il y a les ventes sur internet qui nous font du mal, bien s\u00fbr. Et depuis les manifestations des Gilets jaunes, la client\u00e8le p\u00e9ri-urbaine ne se d\u00e9place plus jusqu\u2019en centre-ville. Beaucoup disent que le stationnement, c\u2019est un budget. La mairie a pris des mesures, mais est-ce que ce n\u2019\u00e9tait pas un peu tard\u00a0?\u00a0\u00bb, questionne-t-elle, \u00e9voquant <a href=\"https:\/\/www.leprogres.fr\/economie\/2025\/08\/09\/fermetures-de-commerces-dans-le-centre-ville-une-veritable-hecatombe\" target=\"_blank\" rel=\"nofollow noopener\">la vague de fermetures de cet \u00e9t\u00e9<\/a>.<\/p>\n<p>\u00ab\u00a0On paye aussi la baisse du pouvoir d\u2019achat. Le pr\u00eat-\u00e0-porter, ce n\u2019est plus forc\u00e9ment la priorit\u00e9. Les gens pr\u00e9f\u00e8rent \u00e9conomiser pour partir en vacances\u2026\u00a0\u00bb<\/p>\n<p>  Quatre boutiques de lingerie en moins en un an<\/p>\n<p>Alors que la rue du G\u00e9n\u00e9ral-Foy a compt\u00e9 jusqu\u2019\u00e0 sept boutiques de lingerie, il n\u2019en restera d\u00e9sormais plus que trois\u00a0: Undiz, Calzedonia et Darjeeling.<\/p>\n<p>Depuis un an, les fermetures s\u2019encha\u00eenent. En septembre\u00a02024, Etam avait \u00e9t\u00e9 la premi\u00e8re \u00e0 quitter la Grand-Rue, suivie par le magasin Intimissimi en octobre (moins d\u2019un an apr\u00e8s son ouverture),<a href=\"https:\/\/www.leprogres.fr\/economie\/2025\/02\/21\/tezenis-encore-une-boutique-de-lingerie-feminine-en-moins\" target=\"_blank\" rel=\"nofollow noopener\"> puis Tezenis en f\u00e9vrier dernier<\/a>.<\/p>\n<p><a href=\"https:\/\/www.leprogres.fr\/economie\/2025\/01\/11\/ils-ont-brave-le-froid-de-bon-matin-pour-l-ouverture-de-normal-en-centre-ville\" target=\"_blank\" rel=\"nofollow noopener\">Si l\u2019enseigne Normal est rapidement venue combler le vide laiss\u00e9 par Etam,<\/a> les autres cellules sont inoccup\u00e9es depuis plusieurs mois.<\/p>\n<p>Les anciens locaux de Claire\u2019s, Antonelle, G\u00e9n\u00e9rale d\u2019optique et de La Romanaise sont, eux aussi, toujours \u00e0 louer.\u00a0Avec le d\u00e9part de Princesse tam tam, la rue du G\u00e9n\u00e9ral-Foy, qui s\u2019\u00e9tend sur 200 m\u00e8tres entre l\u2019h\u00f4tel de ville et la place du Peuple, comptera donc sept rez-de-chauss\u00e9e vacants.<\/p>\n","protected":false},"excerpt":{"rendered":"\u00ab\u00a0On disait que c\u2019\u00e9tait la rue des petites culottes\u2026 c\u2019est de moins en moins le cas.\u00a0\u00bb Laetitia est&hellip;\n","protected":false},"author":2,"featured_media":352566,"comment_status":"","ping_status":"","sticky":false,"template":"","format":"standard","meta":{"footnotes":""},"categories":[9653],"tags":[1111,11,2430,4406,33,7539,1777,674,1011,27,3367,12,25,4001,7538],"class_list":{"0":"post-352565","1":"post","2":"type-post","3":"status-publish","4":"format-standard","5":"has-post-thumbnail","7":"category-saint-etienne","8":"tag-actu","9":"tag-actualites","10":"tag-auvergne-rhone-alpes","11":"tag-commerce-et-services","12":"tag-economie","13":"tag-edition-loire-sud","14":"tag-eu","15":"tag-europe","16":"tag-fr","17":"tag-france","18":"tag-loire","19":"tag-news","20":"tag-republique-francaise","21":"tag-saint-etienne","22":"tag-saint-etienne-ville"},"share_on_mastodon":{"url":"https:\/\/pubeurope.com\/@fr\/115113123095697630","error":""},"_links":{"self":[{"href":"https:\/\/www.europesays.com\/fr\/wp-json\/wp\/v2\/posts\/352565","targetHints":{"allow":["GET"]}}],"collection":[{"href":"https:\/\/www.europesays.com\/fr\/wp-json\/wp\/v2\/posts"}],"about":[{"href":"https:\/\/www.europesays.com\/fr\/wp-json\/wp\/v2\/types\/post"}],"author":[{"embeddable":true,"href":"https:\/\/www.europesays.com\/fr\/wp-json\/wp\/v2\/users\/2"}],"replies":[{"embeddable":true,"href":"https:\/\/www.europesays.com\/fr\/wp-json\/wp\/v2\/comments?post=352565"}],"version-history":[{"count":0,"href":"https:\/\/www.europesays.com\/fr\/wp-json\/wp\/v2\/posts\/352565\/revisions"}],"wp:featuredmedia":[{"embeddable":true,"href":"https:\/\/www.europesays.com\/fr\/wp-json\/wp\/v2\/media\/352566"}],"wp:attachment":[{"href":"https:\/\/www.europesays.com\/fr\/wp-json\/wp\/v2\/media?parent=352565"}],"wp:term":[{"taxonomy":"category","embeddable":true,"href":"https:\/\/www.europesays.com\/fr\/wp-json\/wp\/v2\/categories?post=352565"},{"taxonomy":"post_tag","embeddable":true,"href":"https:\/\/www.europesays.com\/fr\/wp-json\/wp\/v2\/tags?post=352565"}],"curies":[{"name":"wp","href":"https:\/\/api.w.org\/{rel}","templated":true}]}}