{"id":352567,"date":"2025-08-29T17:00:11","date_gmt":"2025-08-29T17:00:11","guid":{"rendered":"https:\/\/www.europesays.com\/fr\/352567\/"},"modified":"2025-08-29T17:00:11","modified_gmt":"2025-08-29T17:00:11","slug":"saint-etienne-marche-theatre-danse-lospa-offre-un-panel-dactivites-aux-plus-de-55-ans","status":"publish","type":"post","link":"https:\/\/www.europesays.com\/fr\/352567\/","title":{"rendered":"Saint-\u00c9tienne. Marche, th\u00e9\u00e2tre, danse\u2026 L\u2019Ospa offre un panel d\u2019activit\u00e9s aux plus de 55 ans"},"content":{"rendered":"<p>Cet \u00e9t\u00e9, l\u2019Office st\u00e9phanois pour les personnes \u00e2g\u00e9es (Ospa), n\u2019a ferm\u00e9 ses portes qu\u2019une seule semaine. Car pour sa directrice, Sandrine Bruneton, \u00ab\u00a0les deux conditions pour bien vieillir, c\u2019est de faire des activit\u00e9s, notamment physiques, et d\u2019entretenir du lien social\u00a0\u00bb. Et c\u2019est justement ce \u00e0 quoi travaille la structure depuis 1970.<\/p>\n<p>Rien que l\u2019an dernier, 34 activit\u00e9s \u00e9taient propos\u00e9es par l\u2019association aux St\u00e9phanois de plus de 55 ans. Parmi elles\u00a0: marche,&#8230;<\/p>\n","protected":false},"excerpt":{"rendered":"Cet \u00e9t\u00e9, l\u2019Office st\u00e9phanois pour les personnes \u00e2g\u00e9es (Ospa), n\u2019a ferm\u00e9 ses portes qu\u2019une seule semaine. Car pour&hellip;\n","protected":false},"author":2,"featured_media":352568,"comment_status":"","ping_status":"","sticky":false,"template":"","format":"standard","meta":{"footnotes":""},"categories":[9653],"tags":[1111,11,2430,7539,1777,674,1011,27,12,25,4001,7538,104],"class_list":{"0":"post-352567","1":"post","2":"type-post","3":"status-publish","4":"format-standard","5":"has-post-thumbnail","7":"category-saint-etienne","8":"tag-actu","9":"tag-actualites","10":"tag-auvergne-rhone-alpes","11":"tag-edition-loire-sud","12":"tag-eu","13":"tag-europe","14":"tag-fr","15":"tag-france","16":"tag-news","17":"tag-republique-francaise","18":"tag-saint-etienne","19":"tag-saint-etienne-ville","20":"tag-societe"},"share_on_mastodon":{"url":"https:\/\/pubeurope.com\/@fr\/115113127502434337","error":""},"_links":{"self":[{"href":"https:\/\/www.europesays.com\/fr\/wp-json\/wp\/v2\/posts\/352567","targetHints":{"allow":["GET"]}}],"collection":[{"href":"https:\/\/www.europesays.com\/fr\/wp-json\/wp\/v2\/posts"}],"about":[{"href":"https:\/\/www.europesays.com\/fr\/wp-json\/wp\/v2\/types\/post"}],"author":[{"embeddable":true,"href":"https:\/\/www.europesays.com\/fr\/wp-json\/wp\/v2\/users\/2"}],"replies":[{"embeddable":true,"href":"https:\/\/www.europesays.com\/fr\/wp-json\/wp\/v2\/comments?post=352567"}],"version-history":[{"count":0,"href":"https:\/\/www.europesays.com\/fr\/wp-json\/wp\/v2\/posts\/352567\/revisions"}],"wp:featuredmedia":[{"embeddable":true,"href":"https:\/\/www.europesays.com\/fr\/wp-json\/wp\/v2\/media\/352568"}],"wp:attachment":[{"href":"https:\/\/www.europesays.com\/fr\/wp-json\/wp\/v2\/media?parent=352567"}],"wp:term":[{"taxonomy":"category","embeddable":true,"href":"https:\/\/www.europesays.com\/fr\/wp-json\/wp\/v2\/categories?post=352567"},{"taxonomy":"post_tag","embeddable":true,"href":"https:\/\/www.europesays.com\/fr\/wp-json\/wp\/v2\/tags?post=352567"}],"curies":[{"name":"wp","href":"https:\/\/api.w.org\/{rel}","templated":true}]}}