{"id":352573,"date":"2025-08-29T17:03:10","date_gmt":"2025-08-29T17:03:10","guid":{"rendered":"https:\/\/www.europesays.com\/fr\/352573\/"},"modified":"2025-08-29T17:03:10","modified_gmt":"2025-08-29T17:03:10","slug":"un-panneau-oradour-sur-glane-depose-devant-chez-elle-a-toulon-la-tete-de-liste-a-gauche-magali-brunel-a-t-elle-ete-prise-pour-cible","status":"publish","type":"post","link":"https:\/\/www.europesays.com\/fr\/352573\/","title":{"rendered":"Un panneau \u00ab\u00a0Oradour-sur-Glane\u00a0\u00bb d\u00e9pos\u00e9 devant chez elle: \u00e0 Toulon, la t\u00eate de liste \u00e0 gauche Magali Brunel a-t-elle \u00e9t\u00e9 prise pour cible?"},"content":{"rendered":"<p>La plaque de la rue Oradour-sur-Glane, situ\u00e9e dans le quartier de la Palasse \u00e0 l\u2019est de Toulon, a \u00e9t\u00e9 retir\u00e9e \u00ab\u00a0et jet\u00e9e devant le domicile de Magali Brunel t\u00eate de liste de la gauche\u00a0\u00bb pour les \u00e9lections municipales 2026.<\/p>\n<p>\u00ab\u00a0Le panneau \u00e9tait pos\u00e9 l\u00e0 depuis une semaine. Il ne g\u00eanait pas la circulation. Donc je me suis dit que j\u2019appellerais la voirie plus tard pour le d\u00e9placer, raconte Magali Brunel, qui r\u00e9sidence \u00e0 quelques dizaines de m\u00e8tres de l\u2019emplacement du poteau arrach\u00e9. Puis c\u2019est en revenant de la manifestation \u00e0 Saint-Rapha\u00ebl (contre une st\u00e8le d\u00e9di\u00e9e aux victimes du \u00abtotalitarisme communiste\u00a0\u00bb, Ndlr) que j\u2019ai fait le lien et vu qu\u2019il s\u2019agissait de la rue Oradour-sur-Glane. \u00bb<\/p>\n<p>\u00ab\u00a0Pas un hasard\u00a0\u00bb<\/p>\n<p>Pour la leader de Toulon en commun \u00ab\u00a0cela ne peut pas \u00eatre un hasard, tous ces \u00e9l\u00e9ments concordent; le poteau n\u2019est pas tomb\u00e9 par accident, il a \u00e9t\u00e9 d\u00e9plac\u00e9 sur plusieurs m\u00e8tres\u00a0\u00bb. Se sent-elle menac\u00e9e? \u00ab\u00a0Je ne dis pas que je suis personnellement vis\u00e9e, je ne veux pas \u00eatre alarmiste, je ne me sens pas menac\u00e9e&#8230; mais je suis vigilante.\u00a0\u00bb<\/p>\n<p>Andr\u00e9 de Ubeda, conseiller municipal (PCF) \u00e0 Toulon, fait quant \u00e0 lui \u00ab\u00a0le lien\u00a0\u00bb entre cet acte et le vol d&rsquo;une plaque comm\u00e9morative dans le cimeti\u00e8re martyr d&rsquo;Oradour-sur-Glane ce lundi, ou plus r\u00e9cemment, le retrait du panneau de la \u00ab\u00a0Liberation route Europe\u00a0\u00bb sur l\u2019esplanade Delayen \u00e0 Saint-Rapha\u00ebl, en hommage aux R\u00e9sistants et sur lequel figure le nom du communiste Roger L\u00e9on Landini (lire Var-matin du 26\/8).<\/p>\n<p>La conseill\u00e8re municipale socialiste d\u2019opposition affirme avoir contact\u00e9 Jos\u00e9e Massi, la maire de Toulon, vendredi matin: \u00ab\u00a0Elle \u00e9tait ulc\u00e9r\u00e9e et a r\u00e9agi imm\u00e9diatement\u00a0\u00bb. <\/p>\n<p>Le poteau portant le nom de la rue a ainsi \u00e9t\u00e9 replac\u00e9 dans la journ\u00e9e. Aucune plainte n\u2019a \u00e9t\u00e9 d\u00e9pos\u00e9e.<\/p>\n","protected":false},"excerpt":{"rendered":"La plaque de la rue Oradour-sur-Glane, situ\u00e9e dans le quartier de la Palasse \u00e0 l\u2019est de Toulon, a&hellip;\n","protected":false},"author":2,"featured_media":352574,"comment_status":"","ping_status":"","sticky":false,"template":"","format":"standard","meta":{"footnotes":""},"categories":[9619],"tags":[1111,11,1777,674,1011,27,12,316,882,25,2310],"class_list":{"0":"post-352573","1":"post","2":"type-post","3":"status-publish","4":"format-standard","5":"has-post-thumbnail","7":"category-toulon","8":"tag-actu","9":"tag-actualites","10":"tag-eu","11":"tag-europe","12":"tag-fr","13":"tag-france","14":"tag-news","15":"tag-politique","16":"tag-provence-alpes-cote-dazur","17":"tag-republique-francaise","18":"tag-toulon"},"share_on_mastodon":{"url":"https:\/\/pubeurope.com\/@fr\/115113139024635335","error":""},"_links":{"self":[{"href":"https:\/\/www.europesays.com\/fr\/wp-json\/wp\/v2\/posts\/352573","targetHints":{"allow":["GET"]}}],"collection":[{"href":"https:\/\/www.europesays.com\/fr\/wp-json\/wp\/v2\/posts"}],"about":[{"href":"https:\/\/www.europesays.com\/fr\/wp-json\/wp\/v2\/types\/post"}],"author":[{"embeddable":true,"href":"https:\/\/www.europesays.com\/fr\/wp-json\/wp\/v2\/users\/2"}],"replies":[{"embeddable":true,"href":"https:\/\/www.europesays.com\/fr\/wp-json\/wp\/v2\/comments?post=352573"}],"version-history":[{"count":0,"href":"https:\/\/www.europesays.com\/fr\/wp-json\/wp\/v2\/posts\/352573\/revisions"}],"wp:featuredmedia":[{"embeddable":true,"href":"https:\/\/www.europesays.com\/fr\/wp-json\/wp\/v2\/media\/352574"}],"wp:attachment":[{"href":"https:\/\/www.europesays.com\/fr\/wp-json\/wp\/v2\/media?parent=352573"}],"wp:term":[{"taxonomy":"category","embeddable":true,"href":"https:\/\/www.europesays.com\/fr\/wp-json\/wp\/v2\/categories?post=352573"},{"taxonomy":"post_tag","embeddable":true,"href":"https:\/\/www.europesays.com\/fr\/wp-json\/wp\/v2\/tags?post=352573"}],"curies":[{"name":"wp","href":"https:\/\/api.w.org\/{rel}","templated":true}]}}