{"id":352581,"date":"2025-08-29T17:09:52","date_gmt":"2025-08-29T17:09:52","guid":{"rendered":"https:\/\/www.europesays.com\/fr\/352581\/"},"modified":"2025-08-29T17:09:52","modified_gmt":"2025-08-29T17:09:52","slug":"fc-rouen-sur-quelle-chaine-voir-le-match-de-national","status":"publish","type":"post","link":"https:\/\/www.europesays.com\/fr\/352581\/","title":{"rendered":"FC Rouen : sur quelle cha\u00eene voir le match de National ?"},"content":{"rendered":"<p>Apr\u00e8s s\u2019\u00eatre pris les pieds dans le tapis \u00e0 Orl\u00e9ans, le VAFC est plus que jamais \u00e0 la relance \u00e0 l\u2019occasion de la r\u00e9ception du FC Rouen, vendredi. Suivez le guide pour ne rien manquer de cette rencontre.<\/p>\n<p><strong>O\u00f9 suivre le match<\/strong> VAFC \u2013 FC Rouen ?<\/p>\n<p><strong>1-\u00a0<\/strong>Au\u00a0<strong>Stade du Hainaut<\/strong> (Valenciennes)\u2013\u00a0Le coup d\u2019envoi sera lui donn\u00e9 <strong>le vendredi 29 ao\u00fbt \u00e0 19h30.<\/strong> Si vous n\u2019avez pas encore votre billet, rendez-vous sur <a href=\"https:\/\/billetterie.va-fc.com\/fr\" target=\"_blank\" rel=\"noopener nofollow\">la billetterie en ligne du club.<\/a><\/p>\n<p><strong>2-<\/strong>\u00a0Pour suivre la rencontre dans son int\u00e9gralit\u00e9, rendez-vous \u00e0 partir de 19h30 sur\u00a0<strong>BFM Grand Lille<\/strong> et <strong>BFM Grand Littoral<\/strong>, les cha\u00eenes BFM locales qui diffuseront gratuitement tous les matches de National du VAFC cette saison. pour une diffusion gratuite. Un lien renvoyant vers le live de <a href=\"https:\/\/www.youtube.com\/live\/6sLdAfvFtmA?si=ORA6Zmbf-l_bZxhH\" target=\"_blank\" rel=\"noopener nofollow\">la cha\u00eene YouTube du championnat de National<\/a> sera \u00e9galement pr\u00e9sent sur notre site afin de ne rien manquer de la rencontre.<\/p>\n<p><strong>3-\u00a0<\/strong>Vous pourrez retrouver les r\u00e9actions des diff\u00e9rents acteurs sur notre site peu apr\u00e8s le coup de sifflet final.<\/p>\n<p>Cr\u00e9dits photo : Vincent Poyer\/<a href=\"https:\/\/www.iconsport.photo\/\" target=\"_blank\" rel=\"noopener nofollow\">Icon Sport<\/a><\/p>\n","protected":false},"excerpt":{"rendered":"Apr\u00e8s s\u2019\u00eatre pris les pieds dans le tapis \u00e0 Orl\u00e9ans, le VAFC est plus que jamais \u00e0 la&hellip;\n","protected":false},"author":2,"featured_media":352582,"comment_status":"","ping_status":"","sticky":false,"template":"","format":"standard","meta":{"footnotes":""},"categories":[9587],"tags":[1111,11,1777,674,1011,27,12,5161,25,9590],"class_list":{"0":"post-352581","1":"post","2":"type-post","3":"status-publish","4":"format-standard","5":"has-post-thumbnail","7":"category-rouen","8":"tag-actu","9":"tag-actualites","10":"tag-eu","11":"tag-europe","12":"tag-fr","13":"tag-france","14":"tag-news","15":"tag-normandie","16":"tag-republique-francaise","17":"tag-rouen"},"share_on_mastodon":{"url":"https:\/\/pubeurope.com\/@fr\/115113166395161079","error":""},"_links":{"self":[{"href":"https:\/\/www.europesays.com\/fr\/wp-json\/wp\/v2\/posts\/352581","targetHints":{"allow":["GET"]}}],"collection":[{"href":"https:\/\/www.europesays.com\/fr\/wp-json\/wp\/v2\/posts"}],"about":[{"href":"https:\/\/www.europesays.com\/fr\/wp-json\/wp\/v2\/types\/post"}],"author":[{"embeddable":true,"href":"https:\/\/www.europesays.com\/fr\/wp-json\/wp\/v2\/users\/2"}],"replies":[{"embeddable":true,"href":"https:\/\/www.europesays.com\/fr\/wp-json\/wp\/v2\/comments?post=352581"}],"version-history":[{"count":0,"href":"https:\/\/www.europesays.com\/fr\/wp-json\/wp\/v2\/posts\/352581\/revisions"}],"wp:featuredmedia":[{"embeddable":true,"href":"https:\/\/www.europesays.com\/fr\/wp-json\/wp\/v2\/media\/352582"}],"wp:attachment":[{"href":"https:\/\/www.europesays.com\/fr\/wp-json\/wp\/v2\/media?parent=352581"}],"wp:term":[{"taxonomy":"category","embeddable":true,"href":"https:\/\/www.europesays.com\/fr\/wp-json\/wp\/v2\/categories?post=352581"},{"taxonomy":"post_tag","embeddable":true,"href":"https:\/\/www.europesays.com\/fr\/wp-json\/wp\/v2\/tags?post=352581"}],"curies":[{"name":"wp","href":"https:\/\/api.w.org\/{rel}","templated":true}]}}