{"id":352583,"date":"2025-08-29T17:10:12","date_gmt":"2025-08-29T17:10:12","guid":{"rendered":"https:\/\/www.europesays.com\/fr\/352583\/"},"modified":"2025-08-29T17:10:12","modified_gmt":"2025-08-29T17:10:12","slug":"metropole-de-grenoble-un-jeune-homme-de-18-ans-gravement-blesse-apres-une-perte-de-controle-a-gieres","status":"publish","type":"post","link":"https:\/\/www.europesays.com\/fr\/352583\/","title":{"rendered":"M\u00e9tropole de Grenoble. Un jeune homme de 18 ans gravement bless\u00e9 apr\u00e8s une perte de contr\u00f4le \u00e0 Gi\u00e8res"},"content":{"rendered":"<p>Un jeune homme de 18 ans qui \u00e9tait le passager d\u2019une voiture conduite par un autre jeune de 24 ans a \u00e9t\u00e9 gravement bless\u00e9 dans un accident survenu ce vendredi peu avant 17 heures dans la combe de Gi\u00e8res, sur la RD 524.<\/p>\n<p>Ce contenu est bloqu\u00e9 car vous n&rsquo;avez pas accept\u00e9 les cookies et autres traceurs.<\/p>\n<p>En cliquant sur \u00ab J\u2019accepte \u00bb, les cookies et autres traceurs seront d\u00e9pos\u00e9s et vous pourrez visualiser les contenus  (<a href=\"\" class=\"consentModule_policy\" target=\"_blank\" title=\"Consulter la politique de protection des donn\u00e9es du fournisseur\">plus d&rsquo;informations<\/a>).<\/p>\n<p>En cliquant sur \u00ab J\u2019accepte tous les cookies \u00bb, vous autorisez des d\u00e9p\u00f4ts de cookies et autres traceurs pour le stockage de vos donn\u00e9es sur nos sites et applications \u00e0 des fins de personnalisation et de ciblage publicitaire.<\/p>\n<p class=\"consentModule_secondaryText\">Vous gardez la possibilit\u00e9 de retirer votre consentement \u00e0 tout moment en consultant notre <a href=\"https:\/\/www.ledauphine.com\/protection-des-donnees\" target=\"_blank\" title=\"Consulter notre politique de protection des donn\u00e9es\" rel=\"noopener\">politique de protection des donn\u00e9es<\/a>. <br \/>&#13;<br \/>\n            <a href=\"https:\/\/www.ledauphine.com\/faits-divers-justice\/2025\/08\/29\/javascript:Didomi.notice.show()\" class=\"consentModule_cmp\" target=\"_blank\" rel=\"noopener\">G\u00e9rer mes choix<\/a>&#13;\n        <\/p>\n<p>&#13;<br \/>\n                        J&rsquo;accepte&#13;<br \/>\n            J&rsquo;accepte tous les cookies&#13;\n        <\/p>\n<p>Selon les premi\u00e8res informations, l\u2019automobiliste a perdu le contr\u00f4le de sa voiture, qui est all\u00e9e percuter plusieurs v\u00e9hicules en stationnement.<\/p>\n<p>Si le conducteur est sorti indemne du choc, il n\u2019en a donc pas \u00e9t\u00e9 de m\u00eame pour son passager qui, gravement bless\u00e9, a \u00e9t\u00e9 secouru par les sapeurs-pompiers et le Samu et a \u00e9t\u00e9 transport\u00e9 au service d\u00e9chocage du CHU Grenoble Alpes.<\/p>\n","protected":false},"excerpt":{"rendered":"Un jeune homme de 18 ans qui \u00e9tait le passager d\u2019une voiture conduite par un autre jeune de&hellip;\n","protected":false},"author":2,"featured_media":352584,"comment_status":"","ping_status":"","sticky":false,"template":"","format":"standard","meta":{"footnotes":""},"categories":[9566],"tags":[119,1111,11,2430,112,1777,674,274,107,1011,27,12505,2731,108,7000,12,25],"class_list":{"0":"post-352583","1":"post","2":"type-post","3":"status-publish","4":"format-standard","5":"has-post-thumbnail","7":"category-grenoble","8":"tag-accident","9":"tag-actu","10":"tag-actualites","11":"tag-auvergne-rhone-alpes","12":"tag-edition-grenoble-agglomeration","13":"tag-eu","14":"tag-europe","15":"tag-faits-divers-justice","16":"tag-fil-info","17":"tag-fr","18":"tag-france","19":"tag-gieres","20":"tag-grenoble","21":"tag-isere","22":"tag-lagglomeration","23":"tag-news","24":"tag-republique-francaise"},"share_on_mastodon":{"url":"https:\/\/pubeurope.com\/@fr\/115113166450803696","error":""},"_links":{"self":[{"href":"https:\/\/www.europesays.com\/fr\/wp-json\/wp\/v2\/posts\/352583","targetHints":{"allow":["GET"]}}],"collection":[{"href":"https:\/\/www.europesays.com\/fr\/wp-json\/wp\/v2\/posts"}],"about":[{"href":"https:\/\/www.europesays.com\/fr\/wp-json\/wp\/v2\/types\/post"}],"author":[{"embeddable":true,"href":"https:\/\/www.europesays.com\/fr\/wp-json\/wp\/v2\/users\/2"}],"replies":[{"embeddable":true,"href":"https:\/\/www.europesays.com\/fr\/wp-json\/wp\/v2\/comments?post=352583"}],"version-history":[{"count":0,"href":"https:\/\/www.europesays.com\/fr\/wp-json\/wp\/v2\/posts\/352583\/revisions"}],"wp:featuredmedia":[{"embeddable":true,"href":"https:\/\/www.europesays.com\/fr\/wp-json\/wp\/v2\/media\/352584"}],"wp:attachment":[{"href":"https:\/\/www.europesays.com\/fr\/wp-json\/wp\/v2\/media?parent=352583"}],"wp:term":[{"taxonomy":"category","embeddable":true,"href":"https:\/\/www.europesays.com\/fr\/wp-json\/wp\/v2\/categories?post=352583"},{"taxonomy":"post_tag","embeddable":true,"href":"https:\/\/www.europesays.com\/fr\/wp-json\/wp\/v2\/tags?post=352583"}],"curies":[{"name":"wp","href":"https:\/\/api.w.org\/{rel}","templated":true}]}}