{"id":352585,"date":"2025-08-29T17:11:12","date_gmt":"2025-08-29T17:11:12","guid":{"rendered":"https:\/\/www.europesays.com\/fr\/352585\/"},"modified":"2025-08-29T17:11:12","modified_gmt":"2025-08-29T17:11:12","slug":"le-groupe-pour-grenoble-avec-une-absence-surprise","status":"publish","type":"post","link":"https:\/\/www.europesays.com\/fr\/352585\/","title":{"rendered":"Le groupe pour Grenoble avec une absence surprise"},"content":{"rendered":"<p><strong>\u00c0 la veille de la r\u00e9ception de Grenoble, l\u2019AS Saint-\u00c9tienne se pr\u00e9pare \u00e0 un nouveau d\u00e9fi de taille, face \u00e0 Grenoble. Les Verts veulent encha\u00eener un 3\u00e8me succ\u00e8s de rang pour conserver leur place de leader durant la tr\u00eave. Eirik <a href=\"https:\/\/peuple-vert.fr\/asse-actualite\/reactions\/reaction-horneland-asse-boulogne\/\" target=\"_blank\" rel=\"noopener nofollow\">Horneland<\/a>, l\u2019entra\u00eeneur de l\u2019ASSE, a d\u00e9voil\u00e9 son groupe pour cette affiche de la 4\u1d49 journ\u00e9e de <a href=\"https:\/\/ligue2.fr\" target=\"_blank\" rel=\"noopener nofollow\">Ligue 2<\/a>.<\/strong><\/p>\n<p>Les St\u00e9phanois, leaders provisoires apr\u00e8s deux victoires et un nul en trois journ\u00e9es, veulent poursuivre leur dynamique devant leur public avant la tr\u00eave internationale. Face \u00e0 Grenoble, premier adversaire r\u00e9gional de la saison, l\u2019occasion est belle de conforter leur place tout en envoyant un signal fort \u00e0 la concurrence. Mais le coach norv\u00e9gien doit encore jongler avec plusieurs p\u00e9pins physiques.<\/p>\n<p>Des absences dans le Forez<\/p>\n<p>Yvann Ma\u00e7on et Dylan Batubinsika demeurent indisponibles, et leur situation ne devrait pas \u00e9voluer avant la fin du mercato. M\u00eame constat pour Pierre Ekwah, toujours absent de l\u2019entra\u00eenement collectif. Au milieu, Benjamin Bouchouari continue de souffrir du dos, ce qui l\u2019emp\u00eache de reprendre pleinement la course. Djylian N\u2019Guessan, quant \u00e0 lui, ne devrait r\u00e9appara\u00eetre qu\u2019apr\u00e8s la tr\u00eave, toujours diminu\u00e9 par une blessure musculaire contract\u00e9e en juillet face \u00e0 Carouge.<\/p>\n<p>C\u00f4t\u00e9 bonnes nouvelles, Maxime Bernauer a r\u00e9int\u00e9gr\u00e9 le groupe \u00e0 l\u2019entra\u00eenement et pourrait postuler pour le match de samedi. En revanche, Eirik Horneland devra toujours se passer de Dennis Appiah, touch\u00e9 \u00e0 la cheville et forfait contre Boulogne. M\u00eame sentence pour Ebenezer Annan, bless\u00e9 au m\u00eame endroit lors de la derni\u00e8re rencontre, ce qui avait suscit\u00e9 la crainte de son entra\u00eeneur. Les 2 joueurs manqueront 4 semaines de comp\u00e9tition.<\/p>\n<p>Si le secteur offensif semble \u00e9pargn\u00e9, malgr\u00e9 l\u2019absence de N\u2019guessan, c\u2019est surtout d\u00e9fensivement que l\u2019ASSE devra trouver des solutions pour maintenir son \u00e9quilibre. Horneland sait qu\u2019il devra une nouvelle fois s\u2019appuyer sur la profondeur de son effectif pour compenser ces absences, tout en esp\u00e9rant que son groupe retrouve rapidement plus de stabilit\u00e9 apr\u00e8s la tr\u00eave. Au niveau des incertitudes, A\u00efmen Moueffek \u00e9tait annonc\u00e9 incertain et a \u00e9t\u00e9 test\u00e9 ce vendredi quant \u00e0 sa participation \u00e0 la rencontre de ce week-end. Zuriko Davitashvili \u00e9tait malade jeudi mais bien pr\u00e9sent \u00e0 l&rsquo;entra\u00eenement du jour. Old est l&rsquo;absent surprise !<\/p>\n<p>Le groupe de l\u2019ASSE<\/p>\n<blockquote class=\"twitter-tweet\">\n<p dir=\"ltr\" lang=\"fr\">\ud83d\udc65 Les 18 Verts convoqu\u00e9s par Eirik Horneland pour la quatri\u00e8me journ\u00e9e de <a href=\"https:\/\/twitter.com\/Ligue2BKT?ref_src=twsrc%5Etfw\" rel=\"nofollow noopener\" target=\"_blank\">@Ligue2BKT<\/a> ! \ud83d\udc4a<\/p>\n<p>On se voit demain pour <a href=\"https:\/\/twitter.com\/hashtag\/ASSEGF38?src=hash&amp;ref_src=twsrc%5Etfw\" rel=\"nofollow noopener\" target=\"_blank\">#ASSEGF38<\/a> dans le Chaudron ! \ud83d\udc9a <a href=\"https:\/\/t.co\/kAzBr4Vy05\" rel=\"nofollow\">pic.twitter.com\/kAzBr4Vy05<\/a><\/p>\n<p>\u2014 AS Saint-\u00c9tienne (@ASSEofficiel) <a href=\"https:\/\/twitter.com\/ASSEofficiel\/status\/1961458868266881077?ref_src=twsrc%5Etfw\" rel=\"nofollow noopener\" target=\"_blank\">August 29, 2025<\/a><\/p>\n<\/blockquote>\n<p>\u00a0<\/p>\n<p>\t\t\t\t\t\t\t\t\t\t\t\t\t\t\t\t\t<script async src=\"https:\/\/platform.twitter.com\/widgets.js\" charset=\"utf-8\"><\/script><\/p>\n","protected":false},"excerpt":{"rendered":"\u00c0 la veille de la r\u00e9ception de Grenoble, l\u2019AS Saint-\u00c9tienne se pr\u00e9pare \u00e0 un nouveau d\u00e9fi de taille,&hellip;\n","protected":false},"author":2,"featured_media":352586,"comment_status":"","ping_status":"","sticky":false,"template":"","format":"standard","meta":{"footnotes":""},"categories":[9566],"tags":[1111,11,2430,1777,674,1011,27,2731,12,25],"class_list":{"0":"post-352585","1":"post","2":"type-post","3":"status-publish","4":"format-standard","5":"has-post-thumbnail","7":"category-grenoble","8":"tag-actu","9":"tag-actualites","10":"tag-auvergne-rhone-alpes","11":"tag-eu","12":"tag-europe","13":"tag-fr","14":"tag-france","15":"tag-grenoble","16":"tag-news","17":"tag-republique-francaise"},"share_on_mastodon":{"url":"https:\/\/pubeurope.com\/@fr\/115113170435734173","error":""},"_links":{"self":[{"href":"https:\/\/www.europesays.com\/fr\/wp-json\/wp\/v2\/posts\/352585","targetHints":{"allow":["GET"]}}],"collection":[{"href":"https:\/\/www.europesays.com\/fr\/wp-json\/wp\/v2\/posts"}],"about":[{"href":"https:\/\/www.europesays.com\/fr\/wp-json\/wp\/v2\/types\/post"}],"author":[{"embeddable":true,"href":"https:\/\/www.europesays.com\/fr\/wp-json\/wp\/v2\/users\/2"}],"replies":[{"embeddable":true,"href":"https:\/\/www.europesays.com\/fr\/wp-json\/wp\/v2\/comments?post=352585"}],"version-history":[{"count":0,"href":"https:\/\/www.europesays.com\/fr\/wp-json\/wp\/v2\/posts\/352585\/revisions"}],"wp:featuredmedia":[{"embeddable":true,"href":"https:\/\/www.europesays.com\/fr\/wp-json\/wp\/v2\/media\/352586"}],"wp:attachment":[{"href":"https:\/\/www.europesays.com\/fr\/wp-json\/wp\/v2\/media?parent=352585"}],"wp:term":[{"taxonomy":"category","embeddable":true,"href":"https:\/\/www.europesays.com\/fr\/wp-json\/wp\/v2\/categories?post=352585"},{"taxonomy":"post_tag","embeddable":true,"href":"https:\/\/www.europesays.com\/fr\/wp-json\/wp\/v2\/tags?post=352585"}],"curies":[{"name":"wp","href":"https:\/\/api.w.org\/{rel}","templated":true}]}}