{"id":352587,"date":"2025-08-29T17:12:13","date_gmt":"2025-08-29T17:12:13","guid":{"rendered":"https:\/\/www.europesays.com\/fr\/352587\/"},"modified":"2025-08-29T17:12:13","modified_gmt":"2025-08-29T17:12:13","slug":"mini-report-da-dee-et-youll-brynner-marquis-de-sade-rennes-alter1fo","status":"publish","type":"post","link":"https:\/\/www.europesays.com\/fr\/352587\/","title":{"rendered":"[Mini report] Da Dee et You\u2019ll Brynner @ Marquis de Sade, Rennes \u2013 Alter1fo"},"content":{"rendered":"<p style=\"text-align: justify;\"><strong>On a profit\u00e9 de ces derniers jours avant la rentr\u00e9e des concerts sur Rennes pour faire un peu d\u2019arch\u00e9ologie dans nos disques durs. On en a exhum\u00e9 quelques s\u00e9ries de photos que nous n\u2019avions pas publi\u00e9es pour diverses raisons peu passionnantes. Premier exemple avec la pourtant excellente soir\u00e9e du 24 mai 2025 qui regroupait Da Dee et You\u2019ll Brynner au Marquis de Sade.<\/strong><\/p>\n<p style=\"text-align: center;\"><img fetchpriority=\"high\" decoding=\"async\" class=\"size-large wp-image-148653 aligncenter\" src=\"https:\/\/www.europesays.com\/fr\/wp-content\/uploads\/2025\/08\/DaDee@MarquisDeSade-alter1fo-9-700x467.jpg\" alt=\"\" width=\"640\" height=\"427\"  \/><\/p>\n<p style=\"text-align: justify;\"><a href=\"https:\/\/dadee.bandcamp.com\" rel=\"nofollow noopener\" target=\"_blank\"><strong>Da Dee<\/strong><\/a>, c\u2019est le projet solo de <strong>Dee Dee yeah<\/strong>, le chanteur\/guitariste de <strong>Da Maybes<\/strong>. C\u2019est d\u00e9sormais un duo avec le renfort de <strong>Mr Daewoo<\/strong>, batteur-bidouilleur shoegaze aux multiples collaborations. En live, \u00e7a donne une noisy pop directe et \u00e9pur\u00e9e qu\u2019on a ador\u00e9 voir monter en puissance. Fans de <strong>The Jesus &amp; Mary Chain<\/strong> et de <strong>Sebadoh<\/strong> n\u2019h\u00e9sitez pas y jeter une oreille, ou mieux, \u00e0 les voir en live.<\/p>\n<p style=\"text-align: center;\"><img loading=\"lazy\" decoding=\"async\" class=\"size-large wp-image-148654 aligncenter\" src=\"https:\/\/www.europesays.com\/fr\/wp-content\/uploads\/2025\/08\/YoullBrynner@MarquisDeSade-alter1fo-17-700x467.jpg\" alt=\"\" width=\"640\" height=\"427\"  \/><\/p>\n<p style=\"text-align: justify;\"><strong><a href=\"https:\/\/youllbrynner.bandcamp.com\/music\" rel=\"nofollow noopener\" target=\"_blank\">You\u2019ll Brynner<\/a><\/strong>, notre power trio local favori, \u00e9tait enfin de retour sur sc\u00e8ne pour interpr\u00e9ter les titres de leur tr\u00e8s attendu nouvel album. Depuis leur d\u00e9j\u00e0 excellent concert au <strong>Jardin Moderne<\/strong> pour leur dixi\u00e8me anniversaire, le trio a bien muscl\u00e9 son jeu et le set est un vrai bonheur de tension, en \u00e9quilibre entre groove v\u00e9n\u00e9neux et abrasivit\u00e9 \u00e9l\u00e9gante. M\u00eame le rappel foir\u00e9 ne vient pas g\u00e2cher notre plaisir de voir une de nos formations locales favorites s\u2019aventurer avec autant de bonheur dans un rock noisy, sombre et tendu.<br \/>On va maintenant surveiller de tr\u00e8s pr\u00e8s les nouvelles de leur prochaine galette \u00e0 sortir chez les camarades de <strong>Brainstorming Records<\/strong>. On vous tiendra bien s\u00fbr au courant.<\/p>\n<p>Si vous ne connaissez pas encore la bande, n\u2019h\u00e9sitez pas vous jeter sur notre <a href=\"https:\/\/alter1fo.com\/interview-10-ans-de-youll-brynner-decamadeo-135189\" rel=\"nofollow noopener\" target=\"_blank\"><strong>interview r\u00e9alis\u00e9e avant la soir\u00e9e de leurs 10 ans.<\/strong><\/a><\/p>\n<p>Notre galerie photos compl\u00e8te :<br \/><a title=\"You&#039;llBrynner et Da Dee @ Marquis de Sade, Rennes\" href=\"https:\/\/www.flickr.com\/photos\/alter1fo\/albums\/72177720328643905\" data-flickr-embed=\"true\" rel=\"nofollow noopener\" target=\"_blank\"><img loading=\"lazy\" decoding=\"async\" src=\"https:\/\/www.europesays.com\/fr\/wp-content\/uploads\/2025\/08\/54750048169_f4f4b8c6ee.jpg\" alt=\"You'llBrynner et Da Dee @ Marquis de Sade, Rennes\" width=\"640\" height=\"480\"\/><\/a><\/p>\n","protected":false},"excerpt":{"rendered":"On a profit\u00e9 de ces derniers jours avant la rentr\u00e9e des concerts sur Rennes pour faire un peu&hellip;\n","protected":false},"author":2,"featured_media":352588,"comment_status":"","ping_status":"","sticky":false,"template":"","format":"standard","meta":{"footnotes":""},"categories":[2821],"tags":[1111,11,829,1777,674,1011,27,12,584,25],"class_list":{"0":"post-352587","1":"post","2":"type-post","3":"status-publish","4":"format-standard","5":"has-post-thumbnail","7":"category-rennes","8":"tag-actu","9":"tag-actualites","10":"tag-bretagne","11":"tag-eu","12":"tag-europe","13":"tag-fr","14":"tag-france","15":"tag-news","16":"tag-rennes","17":"tag-republique-francaise"},"share_on_mastodon":{"url":"https:\/\/pubeurope.com\/@fr\/115113174692280606","error":""},"_links":{"self":[{"href":"https:\/\/www.europesays.com\/fr\/wp-json\/wp\/v2\/posts\/352587","targetHints":{"allow":["GET"]}}],"collection":[{"href":"https:\/\/www.europesays.com\/fr\/wp-json\/wp\/v2\/posts"}],"about":[{"href":"https:\/\/www.europesays.com\/fr\/wp-json\/wp\/v2\/types\/post"}],"author":[{"embeddable":true,"href":"https:\/\/www.europesays.com\/fr\/wp-json\/wp\/v2\/users\/2"}],"replies":[{"embeddable":true,"href":"https:\/\/www.europesays.com\/fr\/wp-json\/wp\/v2\/comments?post=352587"}],"version-history":[{"count":0,"href":"https:\/\/www.europesays.com\/fr\/wp-json\/wp\/v2\/posts\/352587\/revisions"}],"wp:featuredmedia":[{"embeddable":true,"href":"https:\/\/www.europesays.com\/fr\/wp-json\/wp\/v2\/media\/352588"}],"wp:attachment":[{"href":"https:\/\/www.europesays.com\/fr\/wp-json\/wp\/v2\/media?parent=352587"}],"wp:term":[{"taxonomy":"category","embeddable":true,"href":"https:\/\/www.europesays.com\/fr\/wp-json\/wp\/v2\/categories?post=352587"},{"taxonomy":"post_tag","embeddable":true,"href":"https:\/\/www.europesays.com\/fr\/wp-json\/wp\/v2\/tags?post=352587"}],"curies":[{"name":"wp","href":"https:\/\/api.w.org\/{rel}","templated":true}]}}