{"id":352591,"date":"2025-08-29T17:14:16","date_gmt":"2025-08-29T17:14:16","guid":{"rendered":"https:\/\/www.europesays.com\/fr\/352591\/"},"modified":"2025-08-29T17:14:16","modified_gmt":"2025-08-29T17:14:16","slug":"alsace-le-centre-dinformation-sur-les-institutions-europeennes-en-quete-de-benevoles-dans-le-secteur-de-mulhouse","status":"publish","type":"post","link":"https:\/\/www.europesays.com\/fr\/352591\/","title":{"rendered":"Alsace. Le Centre d\u2019Information sur les Institutions europ\u00e9ennes en qu\u00eate de b\u00e9n\u00e9voles dans le secteur de Mulhouse"},"content":{"rendered":"<p>Le Centre d\u2019Information sur les Institutions Europ\u00e9ennes (CIIE), install\u00e9 au \u201cLieu d\u2019Europe\u201d au c\u0153ur du quartier europ\u00e9en de Strasbourg, recrute de nouveaux et nouvelles b\u00e9n\u00e9voles partout en Alsace afin de r\u00e9pondre \u00e0 une demande grandissante. Sa mission\u00a0: informer le grand public sur l\u2019Europe et sur la vie des institutions europ\u00e9ennes pr\u00e9sentes \u00e0 Strasbourg.<\/p>\n<p>En rejoignant le groupe de b\u00e9n\u00e9voles du Club Europe, vous animerez des interventions p\u00e9dagogiques, partagerez des moments d\u2019\u00e9change enrichissants et contribuerez \u00e0 promouvoir au quotidien les valeurs europ\u00e9ennes. Une formation pr\u00e9alable vous sera propos\u00e9e pour approfondir vos connaissances sur l\u2019Union europ\u00e9enne, ainsi qu\u2019un acc\u00e8s \u00e0 l\u2019ensemble des outils p\u00e9dagogiques et du mat\u00e9riel du CIIE afin de vous accompagner dans vos missions.<\/p>\n<p>Les qualit\u00e9s recherch\u00e9es\u00a0: le sens du contact, des comp\u00e9tences p\u00e9dagogiques et l\u2019envie d\u2019apprendre et de transmettre des connaissances sur l\u2019Europe.<\/p>\n<p>Les principales missions des b\u00e9n\u00e9voles sont d\u2019informer et de sensibiliser les citoyens, principalement les jeunes, aux enjeux europ\u00e9ens. \u00c9tudiants, actifs, retrait\u00e9s ou tout simplement europhiles rejoignez une \u00e9quipe conviviale et passionn\u00e9e qui r\u00e9alise plus de 400 interventions par an dans les \u00e9tablissements scolaires et participe \u00e0 de nombreux \u00e9v\u00e9nements en Alsace.<\/p>\n<p class=\"note\">Les candidatures sont ouvertes d\u00e8s \u00e0 pr\u00e9sent via le formulaire en ligne\u00a0: www.strasbourg-europe.eu\/le-club-europe\/devenir-membre. Besoin plus de renseignements\u00a0? ciie@strasbourg-europe.eu |\u00a003\u00a088\u00a015\u00a070\u00a080<\/p>\n","protected":false},"excerpt":{"rendered":"Le Centre d\u2019Information sur les Institutions Europ\u00e9ennes (CIIE), install\u00e9 au \u201cLieu d\u2019Europe\u201d au c\u0153ur du quartier europ\u00e9en de&hellip;\n","protected":false},"author":2,"featured_media":352592,"comment_status":"","ping_status":"","sticky":false,"template":"","format":"standard","meta":{"footnotes":""},"categories":[2820],"tags":[1111,11,2389,1636,1057,1777,674,107,5016,1011,27,775,1637,1634,12,316,25,1635,640],"class_list":{"0":"post-352591","1":"post","2":"type-post","3":"status-publish","4":"format-standard","5":"has-post-thumbnail","7":"category-strasbourg","8":"tag-actu","9":"tag-actualites","10":"tag-alsace","11":"tag-edition-mulhouse-thann","12":"tag-education","13":"tag-eu","14":"tag-europe","15":"tag-fil-info","16":"tag-formation-orientation","17":"tag-fr","18":"tag-france","19":"tag-grand-est","20":"tag-haut-rhin","21":"tag-mulhouse","22":"tag-news","23":"tag-politique","24":"tag-republique-francaise","25":"tag-secteur-de-mulhouse","26":"tag-strasbourg"},"share_on_mastodon":{"url":"https:\/\/pubeurope.com\/@fr\/115113182144453183","error":""},"_links":{"self":[{"href":"https:\/\/www.europesays.com\/fr\/wp-json\/wp\/v2\/posts\/352591","targetHints":{"allow":["GET"]}}],"collection":[{"href":"https:\/\/www.europesays.com\/fr\/wp-json\/wp\/v2\/posts"}],"about":[{"href":"https:\/\/www.europesays.com\/fr\/wp-json\/wp\/v2\/types\/post"}],"author":[{"embeddable":true,"href":"https:\/\/www.europesays.com\/fr\/wp-json\/wp\/v2\/users\/2"}],"replies":[{"embeddable":true,"href":"https:\/\/www.europesays.com\/fr\/wp-json\/wp\/v2\/comments?post=352591"}],"version-history":[{"count":0,"href":"https:\/\/www.europesays.com\/fr\/wp-json\/wp\/v2\/posts\/352591\/revisions"}],"wp:featuredmedia":[{"embeddable":true,"href":"https:\/\/www.europesays.com\/fr\/wp-json\/wp\/v2\/media\/352592"}],"wp:attachment":[{"href":"https:\/\/www.europesays.com\/fr\/wp-json\/wp\/v2\/media?parent=352591"}],"wp:term":[{"taxonomy":"category","embeddable":true,"href":"https:\/\/www.europesays.com\/fr\/wp-json\/wp\/v2\/categories?post=352591"},{"taxonomy":"post_tag","embeddable":true,"href":"https:\/\/www.europesays.com\/fr\/wp-json\/wp\/v2\/tags?post=352591"}],"curies":[{"name":"wp","href":"https:\/\/api.w.org\/{rel}","templated":true}]}}