{"id":352595,"date":"2025-08-29T17:16:12","date_gmt":"2025-08-29T17:16:12","guid":{"rendered":"https:\/\/www.europesays.com\/fr\/352595\/"},"modified":"2025-08-29T17:16:12","modified_gmt":"2025-08-29T17:16:12","slug":"le-1er-cinemangas-sinvite-chez-pathe-lingostiere-a-nice","status":"publish","type":"post","link":"https:\/\/www.europesays.com\/fr\/352595\/","title":{"rendered":"Le 1er Cin\u00e9&rsquo;Mangas s&rsquo;invite chez Path\u00e9 Lingosti\u00e8re \u00e0 Nice !"},"content":{"rendered":"<p>\t\t\t\t\tCOUPS DE COEUR<\/p>\n<p>\t\t\t\t\t\tBy\u00a0<a href=\"https:\/\/www.le-mensuel.com\/author\/morgane\/\" title=\"Articles par Morgane Le Mensuel\" rel=\"author nofollow noopener\" target=\"_blank\">Morgane Le Mensuel<\/a>\u00a0|\u00a029 ao\u00fbt 2025<\/p>\n<p>\t\t\t\t\t\t<b>Cin\u00e9\u2019Mangas 2025 \u00e0 Nice<\/b><br \/>\npartenaire \/ events \/ animations \/ projections \/ convention<\/p>\n<p>\u00a0<\/p>\n<p><b>Cin\u00e9\u2019Mangas<\/b> : <b>Le manga s\u2019invite chez Path\u00e9<\/b><\/p>\n<p>\u00a0<\/p>\n<p><b>Le Path\u00e9 Lingosti\u00e8re innove<\/b> et inaugure, le temps d\u2019un week-end, une convention unique en son genre ! Organis\u00e9 en partenariat avec la librairie Le Dojo et l\u2019association Manga Paradise,<b> Cin\u00e9\u2019Mangas<\/b> s\u2019ouvrira d\u00e8s le vendredi 19 septembre avec une soir\u00e9e d\u2019inauguration marqu\u00e9e par la <b>projection en IMAX 4K du chef-d\u2019\u0153uvre de Miyazaki<\/b>, Princesse Mononok\u00e9. De quoi lancer les festivit\u00e9s en beaut\u00e9 <b>avant une journ\u00e9e enti\u00e8re plac\u00e9e sous le signe de l\u2019animation japonaise\u2026<\/b><\/p>\n<p>Le samedi 20 septembre, le cin\u00e9ma se transformera en v\u00e9ritable festival ! Au c\u0153ur du programme, <b>la sortie tr\u00e8s attendue de Demon Slayer : La forteresse de l\u2019infini<\/b>, entour\u00e9e de quelques perles de l\u2019animation nippone (de Ponyo au Royaume des chats en passant par Summer Wars ou Yu-Gi-Oh!). Entre deux s\u00e9ances, le hall se m\u00e9tamorphosera en gigantesque terrain de jeu : <b>concours de cosplay Demon Slayer<\/b> orchestr\u00e9 par Manga Paradise, d\u00e9dicaces, sports de combat, rencontres, stands, quizz, initiations et autres surprises raviront autant les curieux que les passionn\u00e9s !<\/p>\n<p>Qu\u2019on vienne en famille, entre amis ou d\u00e9guis\u00e9 en son h\u00e9ros pr\u00e9f\u00e9r\u00e9, <b>Cin\u00e9\u2019Mangas promet une immersion ludique, pop et festive<\/b> o\u00f9 l\u2019on ne se contentera pas de regarder des films : on partagera une passion et on se plongera litt\u00e9ralement dans un autre monde\u2026<\/p>\n<p>\u00a0<\/p>\n<p style=\"text-align: right;\">\u00a9 Texte par Morgane Las Dit Peisson pour Le Mensuel \/ Photo DR<\/p>\n<p>\u00a0<\/p>\n<p><a href=\"https:\/\/www.le-mensuel.com\/category\/coups-de-coeur\/events\/\" rel=\"nofollow noopener\" target=\"_blank\">\u21b5\u00a0Retour vers la rubrique \u00ab\u00a0events\u00a0\u00bb<\/a><\/p>\n<p><b>\u00a0 \u00a0 \u00a0<\/b><\/p>\n","protected":false},"excerpt":{"rendered":"COUPS DE COEUR By\u00a0Morgane Le Mensuel\u00a0|\u00a029 ao\u00fbt 2025 Cin\u00e9\u2019Mangas 2025 \u00e0 Nice partenaire \/ events \/ animations \/&hellip;\n","protected":false},"author":2,"featured_media":352596,"comment_status":"","ping_status":"","sticky":false,"template":"","format":"standard","meta":{"footnotes":""},"categories":[2819],"tags":[1111,11,1777,674,1011,27,12,2401,882,25],"class_list":{"0":"post-352595","1":"post","2":"type-post","3":"status-publish","4":"format-standard","5":"has-post-thumbnail","7":"category-nice","8":"tag-actu","9":"tag-actualites","10":"tag-eu","11":"tag-europe","12":"tag-fr","13":"tag-france","14":"tag-news","15":"tag-nice","16":"tag-provence-alpes-cote-dazur","17":"tag-republique-francaise"},"share_on_mastodon":{"url":"https:\/\/pubeurope.com\/@fr\/115113189937992445","error":""},"_links":{"self":[{"href":"https:\/\/www.europesays.com\/fr\/wp-json\/wp\/v2\/posts\/352595","targetHints":{"allow":["GET"]}}],"collection":[{"href":"https:\/\/www.europesays.com\/fr\/wp-json\/wp\/v2\/posts"}],"about":[{"href":"https:\/\/www.europesays.com\/fr\/wp-json\/wp\/v2\/types\/post"}],"author":[{"embeddable":true,"href":"https:\/\/www.europesays.com\/fr\/wp-json\/wp\/v2\/users\/2"}],"replies":[{"embeddable":true,"href":"https:\/\/www.europesays.com\/fr\/wp-json\/wp\/v2\/comments?post=352595"}],"version-history":[{"count":0,"href":"https:\/\/www.europesays.com\/fr\/wp-json\/wp\/v2\/posts\/352595\/revisions"}],"wp:featuredmedia":[{"embeddable":true,"href":"https:\/\/www.europesays.com\/fr\/wp-json\/wp\/v2\/media\/352596"}],"wp:attachment":[{"href":"https:\/\/www.europesays.com\/fr\/wp-json\/wp\/v2\/media?parent=352595"}],"wp:term":[{"taxonomy":"category","embeddable":true,"href":"https:\/\/www.europesays.com\/fr\/wp-json\/wp\/v2\/categories?post=352595"},{"taxonomy":"post_tag","embeddable":true,"href":"https:\/\/www.europesays.com\/fr\/wp-json\/wp\/v2\/tags?post=352595"}],"curies":[{"name":"wp","href":"https:\/\/api.w.org\/{rel}","templated":true}]}}