{"id":352599,"date":"2025-08-29T17:18:09","date_gmt":"2025-08-29T17:18:09","guid":{"rendered":"https:\/\/www.europesays.com\/fr\/352599\/"},"modified":"2025-08-29T17:18:09","modified_gmt":"2025-08-29T17:18:09","slug":"loups-garous-station-nuage-voyage-a-nantes-nos-idees-sorties-pour-ce-week-end","status":"publish","type":"post","link":"https:\/\/www.europesays.com\/fr\/352599\/","title":{"rendered":"Loups-garous, Station nuage, Voyage \u00e0 Nantes&#8230; Nos id\u00e9es sorties pour ce week-end"},"content":{"rendered":"<p>            Par<br \/>\n        <strong><br \/>\n            <a href=\"https:\/\/actu.fr\/auteur\/laure-gentil\" title=\"Consulter tous les articles de Laure Gentil\" rel=\"nofollow noopener\" target=\"_blank\">Laure Gentil<\/a><br \/>\n        <\/strong><\/p>\n<p>        Publi\u00e9 le<\/p>\n<p>            29 ao\u00fbt 2025 \u00e0 18h23        <\/p>\n<p>C\u2019est bon, les <strong>vacances<\/strong> sont (presque) termin\u00e9es. Ce <strong>samedi\u00a030 et dimanche 31\u00a0ao\u00fbt<\/strong> sonnent le glas de l\u2019\u00e9t\u00e9. Ce <strong>dernier week-end d\u2019ao\u00fbt<\/strong> est toutefois l\u2019occasion de profiter de quelques \u00e9v\u00e8nements pour se d\u00e9tendre avant la rentr\u00e9e. La r\u00e9daction d\u2019actu Nantes vous a s\u00e9lectionn\u00e9 des id\u00e9es sorties.<\/p>\n<p>Jouer \u00e0 Loups-Garous<\/p>\n<p class=\" wall-content\">Samedi\u00a030\u00a0et dimanche 31\u00a0ao\u00fbt prochain, les deux auteurs des Loups-Garous de Thiercelieux <a href=\"https:\/\/actu.fr\/pays-de-la-loire\/thouare-sur-loire_44204\/j-ai-toujours-invente-des-jeux-portrait-de-philippe-des-pallieres-createur-du-jeu-loups-garous_62806149.html\" rel=\"nofollow noopener\" target=\"_blank\">Philippe des Palli\u00e8res<\/a> et Herv\u00e9 Marly donnent rendez-vous aux <a href=\"https:\/\/docs.google.com\/forms\/d\/e\/1FAIpQLSdIFYm6BS68nzAwoy39D-nxNMYg2rOUTs24CepwLoYzgGxRuA\/viewform\" rel=\"nofollow noopener\" target=\"_blank\">Folies Douces<\/a> pour jouer une partie de leur c\u00e9l\u00e8bre cr\u00e9ation. Il sera possible de faire d\u00e9dicacer son jeu par les auteurs. Ces derniers d\u00e9fieront les meilleurs joueurs d\u2019entre vous.\u00a0<\/p>\n<p class=\" wall-content\">\u00ab\u00a0De plus, samedi, sera pr\u00e9sente l\u2019\u00e9crivaine Sil\u00e8ne Edgar, autrice de deux romans dans l\u2019univers de notre jeu\u00a0\u00bb, expliquent les cr\u00e9ateurs des Folies Douces sur leurs r\u00e9seaux sociaux.\u00a0<\/p>\n<p>    <a href=\"https:\/\/www.facebook.com\/plugins\/post.php?href=https%3A%2F%2Fwww.facebook.com%2Fpermalink.php%3Fstory_fbid%3Dpfbid02nwunWHGnVt64f8sfbgNGhvFybWhBuEHMwucHS5xtwSfbjMTb6vNL5bBSMEPfF8kfl%26id%3D100094747611447&amp;show_text=true&amp;width=350\" title=\"Ouvrie le lien\" rel=\"nofollow noopener\" target=\"_blank\">Cliquez ici pour visualiser le contenu<\/a><\/p>\n<p>Infos pratiques\u2009: <a href=\"https:\/\/docs.google.com\/forms\/d\/e\/1FAIpQLSdIFYm6BS68nzAwoy39D-nxNMYg2rOUTs24CepwLoYzgGxRuA\/viewform\" rel=\"nofollow noopener\" target=\"_blank\">possibilit\u00e9 de manger sur place en cliquant ici<\/a>. 5, rue du Port, Thouar\u00e9-sur-Loire.La fin de l\u2019\u00c9trange \u00c9t\u00e9<\/p>\n<p class=\" wall-content\">Le programme estival du <strong>Voyage \u00e0 Nantes<\/strong> touche aussi \u00e0 sa fin, au m\u00eame titre que les vacances. Il s\u2019agit donc du dernier week-end pour admirer les \u0153uvres dans le centre-ville de Nantes.<\/p>\n<p class=\" wall-content\">Pour rappel, parmi les \u0153uvres incontournables cette ann\u00e9e, il y a celle de l\u2019artiste colombien<strong> Iv\u00e1n Argote<\/strong> qui fait dispara\u00eetre la<a href=\"https:\/\/actu.fr\/pays-de-la-loire\/nantes_44109\/la-statue-de-louis-xvi-effacee-pour-le-voyage-a-nantes-un-pretendant-au-trone-en-colere_62591642.html\" rel=\"nofollow noopener\" target=\"_blank\"> statue de Louis XVI<\/a>, repr\u00e9sent\u00e9 \u00e0 l\u2019antique place Mar\u00e9chal Foch, par un personnage un peu \u00e9trange\u2009: Ant\u00edpodos et l\u2019\u0153uvre monumentale place Graslin.<\/p>\n<p>Votre r\u00e9gion, votre actu !<\/p>\n<p>Recevez chaque jour les infos qui comptent pour vous.<\/p>\n<p>\t<a href=\"https:\/\/actu.fr\/newsletter\" class=\"ac-btn ac-btn--corner ac-btn--medium ac-btn--blue800\" rel=\"nofollow noopener\" target=\"_blank\">S&rsquo;incrire<\/a><br \/>\nStation nuage<\/p>\n<p class=\" wall-content\">L\u2019<strong>open air gratuit Parc O Tyson<\/strong>, organis\u00e9 par le Festival des musiques \u00e9lectronique Paco Tyson revient pour une 6e \u00e9dition de folie \u00e0 la Station Nuage ce samedi 30\u00a0ao\u00fbt.<\/p>\n<p class=\" wall-content\"><a href=\"https:\/\/www.instagram.com\/p\/DMxz6yPstK2\/embed\" title=\"Ouvrir le lien sur Instagram\" rel=\"nofollow noopener\" target=\"_blank\">Visualiser le contenu sur Instagram<\/a><\/p>\n<p class=\" wall-content\">Les Nantais qui souhaitent faire la f\u00eate pourront profiter de 12\u2009h de son.<\/p>\n<p>Infos pratiques\u2009: samedi 30\u00a0ao\u00fbt 2025, de 14\u2009h \u00e0 2\u2009h. Station Nuage, \u00cele Forget, Boulevard des Pas Enchant\u00e9s, 44\u2009230 Saint-S\u00e9bastien-sur-Loire. Gratuit.<\/p>\n<p class=\" wall-content\">Personnalisez votre actualit\u00e9 en ajoutant vos villes et m\u00e9dias en favori avec <a href=\"https:\/\/moncompte.actu.fr\" title=\"D\u00e9couvez Mon Actu\" rel=\"nofollow noopener\" data-trk=\"{&quot;cta&quot;:{&quot;action&quot;:&quot;https:\\\/\\\/moncompte.actu.fr&quot;,&quot;category&quot;:&quot;mon compte&quot;,&quot;from&quot;:&quot;article footer&quot;,&quot;name&quot;:&quot;Mon actu&quot;,&quot;type&quot;:&quot;cta&quot;}}\" target=\"_blank\">Mon Actu<\/a>.<\/p>\n<p>                    <script async src=\"\/\/www.instagram.com\/embed.js\"><\/script><\/p>\n","protected":false},"excerpt":{"rendered":"Par Laure Gentil Publi\u00e9 le 29 ao\u00fbt 2025 \u00e0 18h23 C\u2019est bon, les vacances sont (presque) termin\u00e9es. Ce&hellip;\n","protected":false},"author":2,"featured_media":352600,"comment_status":"","ping_status":"","sticky":false,"template":"","format":"standard","meta":{"footnotes":""},"categories":[2818],"tags":[1111,11,1063,1777,674,1011,27,1305,766,12,2636,25],"class_list":{"0":"post-352599","1":"post","2":"type-post","3":"status-publish","4":"format-standard","5":"has-post-thumbnail","7":"category-nantes","8":"tag-actu","9":"tag-actualites","10":"tag-animations","11":"tag-eu","12":"tag-europe","13":"tag-fr","14":"tag-france","15":"tag-lifestyle","16":"tag-nantes","17":"tag-news","18":"tag-pays-de-la-loire","19":"tag-republique-francaise"},"share_on_mastodon":{"url":"https:\/\/pubeurope.com\/@fr\/115113197807202621","error":""},"_links":{"self":[{"href":"https:\/\/www.europesays.com\/fr\/wp-json\/wp\/v2\/posts\/352599","targetHints":{"allow":["GET"]}}],"collection":[{"href":"https:\/\/www.europesays.com\/fr\/wp-json\/wp\/v2\/posts"}],"about":[{"href":"https:\/\/www.europesays.com\/fr\/wp-json\/wp\/v2\/types\/post"}],"author":[{"embeddable":true,"href":"https:\/\/www.europesays.com\/fr\/wp-json\/wp\/v2\/users\/2"}],"replies":[{"embeddable":true,"href":"https:\/\/www.europesays.com\/fr\/wp-json\/wp\/v2\/comments?post=352599"}],"version-history":[{"count":0,"href":"https:\/\/www.europesays.com\/fr\/wp-json\/wp\/v2\/posts\/352599\/revisions"}],"wp:featuredmedia":[{"embeddable":true,"href":"https:\/\/www.europesays.com\/fr\/wp-json\/wp\/v2\/media\/352600"}],"wp:attachment":[{"href":"https:\/\/www.europesays.com\/fr\/wp-json\/wp\/v2\/media?parent=352599"}],"wp:term":[{"taxonomy":"category","embeddable":true,"href":"https:\/\/www.europesays.com\/fr\/wp-json\/wp\/v2\/categories?post=352599"},{"taxonomy":"post_tag","embeddable":true,"href":"https:\/\/www.europesays.com\/fr\/wp-json\/wp\/v2\/tags?post=352599"}],"curies":[{"name":"wp","href":"https:\/\/api.w.org\/{rel}","templated":true}]}}