{"id":352605,"date":"2025-08-29T17:21:15","date_gmt":"2025-08-29T17:21:15","guid":{"rendered":"https:\/\/www.europesays.com\/fr\/352605\/"},"modified":"2025-08-29T17:21:15","modified_gmt":"2025-08-29T17:21:15","slug":"a-bordeaux-des-parents-deleves-en-colere-apres-la-visite-de-la-nouvelle-ecole","status":"publish","type":"post","link":"https:\/\/www.europesays.com\/fr\/352605\/","title":{"rendered":"\u00e0 Bordeaux, des parents d\u2019\u00e9l\u00e8ves en col\u00e8re apr\u00e8s la visite de la nouvelle \u00e9cole"},"content":{"rendered":"<p>Un groupe de pr\u00e9fabriqu\u00e9s coinc\u00e9 entre le pont de la Palombe et les voies ferr\u00e9es, dans le quartier de plus en plus habit\u00e9 de Belcier, \u00e0 Bordeaux. C\u2019est l\u00e0 que 80\u00a0enfants, nouvellement inscrits, s\u2019appr\u00eatent \u00e0 faire leur rentr\u00e9e. Au d\u00e9sespoir de plus d\u2019un parent. Lors de la visite organis\u00e9e le jeudi 28\u00a0ao\u00fbt, en pr\u00e9sence des deux enseignantes, le ton est mont\u00e9, certains se sont \u00e9clips\u00e9s.<\/p>\n<p>    Sur le m\u00eame sujet<\/p>\n<p>                        <a href=\"https:\/\/www.sudouest.fr\/politique\/urbanisme\/bordeaux-euratlantique-bouygues-lance-les-travaux-du-groupe-scolaire-armagnac-24878729.php\" title=\"Bordeaux Euratlantique : Bouygues lance les travaux du groupe scolaire Armagnac\" rel=\"nofollow noopener\" target=\"_blank\"><br \/>\n                            <img decoding=\"async\" src=\"https:\/\/www.europesays.com\/fr\/wp-content\/uploads\/2025\/08\/tecto-armagnac-pc-037-maj.jpg\" alt=\"Bordeaux Euratlantique : Bouygues lance les travaux du groupe scolaire Armagnac\"\/><br \/>\n                        <\/a><\/p>\n<p>                    <a href=\"https:\/\/www.sudouest.fr\/politique\/urbanisme\/bordeaux-euratlantique-bouygues-lance-les-travaux-du-groupe-scolaire-armagnac-24878729.php\" title=\"Bordeaux Euratlantique : Bouygues lance les travaux du groupe scolaire Armagnac\" rel=\"nofollow noopener\" target=\"_blank\"><\/p>\n<p>\n                            Bordeaux Euratlantique : Bouygues lance les travaux du groupe scolaire Armagnac\n                        <\/p>\n<p>                    <\/a><\/p>\n<p>\n                        La vente du terrain a \u00e9t\u00e9 sign\u00e9e vendredi 13\u00a0juin, ouvrant enfin la voie au chantier pour Bouygues, sept ans apr\u00e8s avoir r\u00e9pondu \u00e0 l\u2019appel \u00e0 manifestation d\u2019int\u00e9r\u00eat. O\u00f9 la conjoncture \u00e9conomique a contraint le promoteur \u00e0 revoir sa programmation, les partenaires institutionnels consentant pour leur part \u00e0 des efforts financiers\n                    <\/p>\n<p>Chez Amandine Charni, la surprise initiale est pass\u00e9e, mais pas l\u2019indignation. \u00ab\u00a0Je viens de quitter B\u00e8gles pour \u00eatre plus pr\u00e8s de ma m\u00e8re et qu\u2019elle puisse s\u2019occuper de mon fils quand je finis tard, explique la jeune m\u00e8re. Je demande sp\u00e9cifiquement l\u2019\u00e9cole maternelle Beck depuis trois\u00a0ans.\u00a0\u00bb Parmi les choix qui lui sont propos\u00e9s lors des inscriptions fin f\u00e9vrier, elle ne voit pas appara\u00eetre la future \u00e9cole Frida-Kahlo. Elle ne d\u00e9couvre qu\u2019en mai que son fils y a \u00e9t\u00e9 inscrit, et que le groupe scolaire est encore en construction. Mi-ao\u00fbt, elle d\u00e9cide d\u2019aller jeter un \u0153il aux locaux provisoires qu\u2019elle a d\u2019abord du mal \u00e0 trouver. Elle \u00e9crit imm\u00e9diatement un mail \u00e0 la mairie pour d\u00e9noncer l\u2019emplacement des locaux sur un ancien parking, le manque d\u2019am\u00e9nagements dans la cour, la proximit\u00e9 de la voie ferr\u00e9e et d\u2019un squat. Son mail et ses appels sont laiss\u00e9s sans r\u00e9ponse jusqu\u2019au jour de la visite, durant laquelle les parents apprennent que les enfants seront regroup\u00e9s en deux classes de maternelle et une classe d\u2019une vingtaine d\u2019\u00e9l\u00e8ves du CP au CM2.<\/p>\n<p>Retard de livraison<\/p>\n<p>La raison\u00a0: un retard de livraison global du projet Bordeaux Euratlantique. \u00ab\u00a0La future \u00e9cole devait sortir en 2026, confirme Sylvie Schmitt, adjointe au maire en charge de l\u2019\u00e9ducation. Mais la vente de logements, qui devait d\u00e9gager des fonds pour avancer le projet, a \u00e9t\u00e9 retard\u00e9e.\u00a0\u00bb La date de livraison de l\u2019\u00e9cole est donc report\u00e9e \u00e0 2027.<\/p>\n<blockquote><p>\u00ab\u00a0Le terrain n\u2019est pas forc\u00e9ment id\u00e9al, mais le trouver a \u00e9t\u00e9 un v\u00e9ritable enjeu\u00a0\u00bb<\/p><\/blockquote>\n<p>\u00ab\u00a0Nous avons bien s\u00fbr envisag\u00e9 de r\u00e9partir les nouveaux inscrits dans les autres \u00e9coles du secteur. Mais ce n\u2019\u00e9tait pas envisageable compte tenu des prospectives d\u2019\u00e9volution d\u2019arriv\u00e9e des nouveaux habitants, argumente l\u2019\u00e9lue. Par ailleurs, nous privil\u00e9gions la continuit\u00e9 \u00e9ducative. Il \u00e9tait plus coh\u00e9rent de cr\u00e9er d\u2019ores et d\u00e9j\u00e0 ce groupe scolaire pour que les enfants se sentent d\u00e9j\u00e0 chez eux.\u00a0\u00bb La directrice de l\u2019\u00e9cole maternelle Beck confirme\u00a0: \u00ab\u00a0Nous avons inscrit 27\u00a0enfants en cours d\u2019ann\u00e9e scolaire l\u2019an pass\u00e9. Nous avions demand\u00e9 l\u2019ouverture d\u2019une 5e\u00a0classe, mais elle a \u00e9t\u00e9 refus\u00e9e pour privil\u00e9gier le lancement du nouveau groupe scolaire.\u00a0\u00bb<\/p>\n<p>\u00ab\u00a0Les habitudes vont changer\u00a0\u00bb<\/p>\n<p>C\u00f4t\u00e9 infrastructures, l\u2019am\u00e9nagement de la cour \u2013 des peintures au sol notamment \u2013 est encore \u00e0 pr\u00e9voir. Une partie des squatteurs ont \u00e9t\u00e9 relog\u00e9s par la mairie. Quant \u00e0 la fr\u00e9quentation du quartier, \u00ab\u00a0les habitudes vont changer, estime Sylvie Schmitt. L\u2019\u00e9cole et l\u2019am\u00e9nagement du quartier vont faire passer les riverains.\u00a0Le terrain n\u2019est pas forc\u00e9ment id\u00e9al, mais le trouver a \u00e9t\u00e9 un v\u00e9ritable enjeu.\u00a0\u00bb Du reste, les modulaires semblent bien \u00e9quip\u00e9s. Les familles sont entendues et re\u00e7ues \u00e0 la mairie depuis ce vendredi 29\u00a0ao\u00fbt.<\/p>\n","protected":false},"excerpt":{"rendered":"Un groupe de pr\u00e9fabriqu\u00e9s coinc\u00e9 entre le pont de la Palombe et les voies ferr\u00e9es, dans le quartier&hellip;\n","protected":false},"author":2,"featured_media":352606,"comment_status":"","ping_status":"","sticky":false,"template":"","format":"standard","meta":{"footnotes":""},"categories":[2817],"tags":[1111,11,1997,1777,674,1011,27,12,2219,25],"class_list":{"0":"post-352605","1":"post","2":"type-post","3":"status-publish","4":"format-standard","5":"has-post-thumbnail","7":"category-bordeaux","8":"tag-actu","9":"tag-actualites","10":"tag-bordeaux","11":"tag-eu","12":"tag-europe","13":"tag-fr","14":"tag-france","15":"tag-news","16":"tag-nouvelle-aquitaine","17":"tag-republique-francaise"},"share_on_mastodon":{"url":"https:\/\/pubeurope.com\/@fr\/115113210035901678","error":""},"_links":{"self":[{"href":"https:\/\/www.europesays.com\/fr\/wp-json\/wp\/v2\/posts\/352605","targetHints":{"allow":["GET"]}}],"collection":[{"href":"https:\/\/www.europesays.com\/fr\/wp-json\/wp\/v2\/posts"}],"about":[{"href":"https:\/\/www.europesays.com\/fr\/wp-json\/wp\/v2\/types\/post"}],"author":[{"embeddable":true,"href":"https:\/\/www.europesays.com\/fr\/wp-json\/wp\/v2\/users\/2"}],"replies":[{"embeddable":true,"href":"https:\/\/www.europesays.com\/fr\/wp-json\/wp\/v2\/comments?post=352605"}],"version-history":[{"count":0,"href":"https:\/\/www.europesays.com\/fr\/wp-json\/wp\/v2\/posts\/352605\/revisions"}],"wp:featuredmedia":[{"embeddable":true,"href":"https:\/\/www.europesays.com\/fr\/wp-json\/wp\/v2\/media\/352606"}],"wp:attachment":[{"href":"https:\/\/www.europesays.com\/fr\/wp-json\/wp\/v2\/media?parent=352605"}],"wp:term":[{"taxonomy":"category","embeddable":true,"href":"https:\/\/www.europesays.com\/fr\/wp-json\/wp\/v2\/categories?post=352605"},{"taxonomy":"post_tag","embeddable":true,"href":"https:\/\/www.europesays.com\/fr\/wp-json\/wp\/v2\/tags?post=352605"}],"curies":[{"name":"wp","href":"https:\/\/api.w.org\/{rel}","templated":true}]}}