{"id":352609,"date":"2025-08-29T17:23:10","date_gmt":"2025-08-29T17:23:10","guid":{"rendered":"https:\/\/www.europesays.com\/fr\/352609\/"},"modified":"2025-08-29T17:23:10","modified_gmt":"2025-08-29T17:23:10","slug":"paris-debarque-au-stadium-voici-les-5-plus-grands-toulouse-tfc-psg-qui-ont-eu-lieu-xxie-siecle","status":"publish","type":"post","link":"https:\/\/www.europesays.com\/fr\/352609\/","title":{"rendered":"Paris d\u00e9barque au Stadium. Voici les 5 plus grands Toulouse TFC-PSG qui ont eu lieu XXIe si\u00e8cle"},"content":{"rendered":"<p>            Par<br \/>\n        <strong><br \/>\n            <a href=\"https:\/\/actu.fr\/auteur\/david-saint-sernin\" title=\"Consulter tous les articles de David Saint-Sernin\" target=\"_blank\" rel=\"noopener\">David Saint-Sernin<\/a><br \/>\n        <\/strong><\/p>\n<p>        Publi\u00e9 le<\/p>\n<p>            29 ao\u00fbt 2025 \u00e0 19h07        <\/p>\n<p>Samedi 30 ao\u00fbt 2025, le <a href=\"https:\/\/actu.fr\/tag\/toulouse-football-club-tfc\" target=\"_blank\" rel=\"noopener\">Toulouse FC<\/a> re\u00e7oit le PSG au Stadium de Toulouse pour le compte de la 3e journ\u00e9e de la Ligue\u00a01. Un v\u00e9ritable choc de haut de tableau puisque <a href=\"https:\/\/actu.fr\/occitanie\/toulouse_31555\/ligue-1-toulouse-s-offre-nice-et-un-bon-debut-de-saison_63043615.html\" target=\"_blank\" rel=\"noopener\">le TFC est class\u00e9 second<\/a> devant le PSG (3e).<\/p>\n<p class=\" wall-content\">Une position dans laquelle le TFC s\u2019est rarement retrouv\u00e9 au moment d\u2019affronter le club de la Capitale au XXIe\u00a0si\u00e8cle.<\/p>\n<p class=\" wall-content\">Un quart de si\u00e8cle qui a \u00e9t\u00e9 riche en affrontement entre un club qui s\u2019est enfin stabilis\u00e9 dans l\u2019\u00e9lite, a parfois atteint l\u2019Europe et un club, qui est devenu un ogre au fil des saisons.<\/p>\n<p class=\" wall-content\">On vous propose un coup d\u2019\u0153il dans le r\u00e9tro. Voici notre 5 majeur des TFC-PSG sur les 25 derni\u00e8res ann\u00e9es.<\/p>\n<p>\u00a0#1 Le premier du si\u00e8cle\u2009: le PSG bouscul\u00e9, mais vainqueur<\/p>\n<p class=\" wall-content\">Octobre\u00a02000 au Stadium. Le PSG d\u00e9barque en mode armada au Stadium apr\u00e8s un mercato estival qui l\u2019a vu recruter <strong>Nicolas Anelka<\/strong> pour 220\u00a0millions de\u2026 francs. Une broutille en 2025\u2026 Ce 21\u00a0octobre, Anelka n\u2019est que rempla\u00e7ant mais le PSG aligne tout de m\u00eame une attaque puissance avec Laurent Robert et le Br\u00e9silien Christian.<\/p>\n<p class=\" wall-content\">Ce jour-l\u00e0, le TFC perd le match, mais bouscule ce PSG. <strong>Nicolas Dieuze<\/strong> s\u2019offre un doubl\u00e9, mais Paris va marquer trois buts\u2009: un doubl\u00e9 de Laurent Robert et un but de Rabesandratana.<\/p>\n<p>Vid\u00e9os : en ce moment sur Actu#2 Le plus tendu\u2009: le TFC et le PSG dos \u00e0 dos<\/p>\n<p class=\" wall-content\">Mai\u00a02008 au Stadium. C\u2019est le TFC-PSG le plus tendu de ce si\u00e8cle. Lors de la saison 2007-2008, les deux clubs sont au coude-\u00e0-coude pour le maintien.\u00a0Un but de Bernard Mendy (63e) semble mener le PSG \u00e0 la victoire <strong>Mohammed Fofana<\/strong> signe une \u00e9galisation rageuse \u00e0 la 89e minute.<\/p>\n<p class=\" wall-content\">La tension est si grande qu\u2019une<strong> bagarre g\u00e9n\u00e9rale<\/strong> \u00e9clate entre les deux bancs.<\/p>\n<p>Votre r\u00e9gion, votre actu !<\/p>\n<p>Recevez chaque jour les infos qui comptent pour vous.<\/p>\n<p>\t<a href=\"https:\/\/actu.fr\/newsletter\" class=\"ac-btn ac-btn--corner ac-btn--medium ac-btn--blue800\" target=\"_blank\" rel=\"noopener\">S&rsquo;incrire<\/a><\/p>\n<p class=\" wall-content\">\u00c0 la fin de la saison, les deux clubs se sauvent\u2009: Toulouse est 17e et Paris 16e. Un seul point s\u00e9pare les deux clubs. Une autre \u00e9poque.<\/p>\n<p>#3 Le TFC irr\u00e9sistible \u00e9crase le PSG<\/p>\n<p class=\" wall-content\">Mars\u00a02009 au Stadium. Le TFC \u00e9crase le PSG 4-1 avec des buts de Bergougnoux,<strong> Gignac<\/strong>, Sissoko et Braaten (80) contre une seule r\u00e9alisation de Mabiala (70).<\/p>\n<p class=\" wall-content\">C\u2019est peut-\u00eatre le meilleur souvenir des supporters au Stadium face au PSG. Une soir\u00e9e de gala. Cette saison-l\u00e0, le TFC tutoie les \u00e9toiles avec une belle \u00e9quipe o\u00f9 l\u2019on retrouve les Carrasso, Congr\u00e9, <strong>Capoue<\/strong>, <strong>Sissoko<\/strong>, Cetto, Didot et Gignac\u2026 Cetto (cap.)<\/p>\n<p class=\" wall-content\">En fin de saison, Toulouse se qualifie en coupe d\u2019Europe et Gignac termine meilleur buteur du championnat avec 24 r\u00e9alisations.<\/p>\n<p>#4 Le plus prolifique\u2009: Ibra tout puissant<\/p>\n<p class=\" wall-content\">F\u00e9vrier\u00a02014 au Stadium. Changement d\u2019\u00e8re. Le PSG est devenu celui des Qataris et c\u2019est une \u00e9quipe redoutable qui d\u00e9barque sur l\u2019\u00eele du Ramier avec les Motta, Silva, Verratti, Matuidi et Ibrahimovic. Le TFC leur oppose Ben Yedder, Aurier, Chant\u00f4me\u2026 Didot fait figure de guide.<\/p>\n<p class=\" wall-content\">Un TFC joueur qui doit s\u2019incliner 2-4 avec un tripl\u00e9 d\u2019Ibra. Ben Yedder punit bien Sirigu d\u2019une superbe reprise de vol\u00e9e de l\u2019int\u00e9rieur du droit juste avant la mi-temps. Il va r\u00e9aliser un doubl\u00e9 en seconde p\u00e9riode. Insuffisant ce soir-l\u00e0.<\/p>\n<p>#5 La derni\u00e8re victoire du TFC face au PSG au Stadium<\/p>\n<p class=\" wall-content\">Septembre\u00a02016, c\u2019est la derni\u00e8re victoire du TFC, face au PSG, au Stadium. Le TFC s\u2019impose en ouverture de la 7e journ\u00e9e, contre une formation parisienne sans inspiration (2-0).<\/p>\n<p class=\" wall-content\">Le PSG tombe ce soir-l\u00e0 sur un excellent Alban Lafont. Bodiger ouvre le score sur p\u00e9nalty.\u00a0Durmaz double la mise en fin de match.<\/p>\n<p class=\" wall-content\">Une victoire limpide.<\/p>\n<p class=\" wall-content\">Personnalisez votre actualit\u00e9 en ajoutant vos villes et m\u00e9dias en favori avec <a href=\"https:\/\/moncompte.actu.fr\" title=\"D\u00e9couvez Mon Actu\" rel=\"nofollow noopener\" data-trk=\"{&quot;cta&quot;:{&quot;action&quot;:&quot;https:\\\/\\\/moncompte.actu.fr&quot;,&quot;category&quot;:&quot;mon compte&quot;,&quot;from&quot;:&quot;article footer&quot;,&quot;name&quot;:&quot;Mon actu&quot;,&quot;type&quot;:&quot;cta&quot;}}\" target=\"_blank\">Mon Actu<\/a>.<\/p>\n","protected":false},"excerpt":{"rendered":"Par David Saint-Sernin Publi\u00e9 le 29 ao\u00fbt 2025 \u00e0 19h07 Samedi 30 ao\u00fbt 2025, le Toulouse FC re\u00e7oit&hellip;\n","protected":false},"author":2,"featured_media":352610,"comment_status":"","ping_status":"","sticky":false,"template":"","format":"standard","meta":{"footnotes":""},"categories":[2816],"tags":[1111,11,1777,674,63,1011,27,12,2680,2332,25,60,2312,4159,17681],"class_list":{"0":"post-352609","1":"post","2":"type-post","3":"status-publish","4":"format-standard","5":"has-post-thumbnail","7":"category-toulouse","8":"tag-actu","9":"tag-actualites","10":"tag-eu","11":"tag-europe","12":"tag-football","13":"tag-fr","14":"tag-france","15":"tag-news","16":"tag-occitanie","17":"tag-paris-saint-germain-psg","18":"tag-republique-francaise","19":"tag-sports","20":"tag-toulouse","21":"tag-toulouse-football-club-tfc","22":"tag-zlatan-ibrahimovic"},"share_on_mastodon":{"url":"https:\/\/pubeurope.com\/@fr\/115113217440182582","error":""},"_links":{"self":[{"href":"https:\/\/www.europesays.com\/fr\/wp-json\/wp\/v2\/posts\/352609","targetHints":{"allow":["GET"]}}],"collection":[{"href":"https:\/\/www.europesays.com\/fr\/wp-json\/wp\/v2\/posts"}],"about":[{"href":"https:\/\/www.europesays.com\/fr\/wp-json\/wp\/v2\/types\/post"}],"author":[{"embeddable":true,"href":"https:\/\/www.europesays.com\/fr\/wp-json\/wp\/v2\/users\/2"}],"replies":[{"embeddable":true,"href":"https:\/\/www.europesays.com\/fr\/wp-json\/wp\/v2\/comments?post=352609"}],"version-history":[{"count":0,"href":"https:\/\/www.europesays.com\/fr\/wp-json\/wp\/v2\/posts\/352609\/revisions"}],"wp:featuredmedia":[{"embeddable":true,"href":"https:\/\/www.europesays.com\/fr\/wp-json\/wp\/v2\/media\/352610"}],"wp:attachment":[{"href":"https:\/\/www.europesays.com\/fr\/wp-json\/wp\/v2\/media?parent=352609"}],"wp:term":[{"taxonomy":"category","embeddable":true,"href":"https:\/\/www.europesays.com\/fr\/wp-json\/wp\/v2\/categories?post=352609"},{"taxonomy":"post_tag","embeddable":true,"href":"https:\/\/www.europesays.com\/fr\/wp-json\/wp\/v2\/tags?post=352609"}],"curies":[{"name":"wp","href":"https:\/\/api.w.org\/{rel}","templated":true}]}}