{"id":352611,"date":"2025-08-29T17:24:18","date_gmt":"2025-08-29T17:24:18","guid":{"rendered":"https:\/\/www.europesays.com\/fr\/352611\/"},"modified":"2025-08-29T17:24:18","modified_gmt":"2025-08-29T17:24:18","slug":"nouvelle-saison-culturelle-a-la-grand-plage-septembre-decembre-2025","status":"publish","type":"post","link":"https:\/\/www.europesays.com\/fr\/352611\/","title":{"rendered":"Nouvelle saison culturelle \u00e0 La Grand-Plage (septembre &#8211; d\u00e9cembre 2025)"},"content":{"rendered":"<p class=\"introduction\">La M\u00e9diath\u00e8que La Grand-Plage vous accueille 54 heures par semaine, du mardi au dimanche, offrant un espace convivial pour emprunter, se d\u00e9tendre, apprendre ou explorer le num\u00e9rique, mais aussi participer \u00e0 une programmation culturelle gratuite et foisonnante. Cette saison, la m\u00e9diath\u00e8que offre une palette d\u2019activit\u00e9s vari\u00e9es : ateliers manuels, conf\u00e9rences, expositions, projections, spectacles, ateliers jeunesse et bien plus encore\u2026<\/p>\n","protected":false},"excerpt":{"rendered":"La M\u00e9diath\u00e8que La Grand-Plage vous accueille 54 heures par semaine, du mardi au dimanche, offrant un espace convivial&hellip;\n","protected":false},"author":2,"featured_media":352612,"comment_status":"","ping_status":"","sticky":false,"template":"","format":"standard","meta":{"footnotes":""},"categories":[2815],"tags":[1111,11,1777,674,1011,27,811,16581,1307,16582,12,25],"class_list":{"0":"post-352611","1":"post","2":"type-post","3":"status-publish","4":"format-standard","5":"has-post-thumbnail","7":"category-lille","8":"tag-actu","9":"tag-actualites","10":"tag-eu","11":"tag-europe","12":"tag-fr","13":"tag-france","14":"tag-hauts-de-france","15":"tag-la-grand-plage","16":"tag-lille","17":"tag-mediatheque","18":"tag-news","19":"tag-republique-francaise"},"share_on_mastodon":{"url":"https:\/\/pubeurope.com\/@fr\/115113221495898291","error":""},"_links":{"self":[{"href":"https:\/\/www.europesays.com\/fr\/wp-json\/wp\/v2\/posts\/352611","targetHints":{"allow":["GET"]}}],"collection":[{"href":"https:\/\/www.europesays.com\/fr\/wp-json\/wp\/v2\/posts"}],"about":[{"href":"https:\/\/www.europesays.com\/fr\/wp-json\/wp\/v2\/types\/post"}],"author":[{"embeddable":true,"href":"https:\/\/www.europesays.com\/fr\/wp-json\/wp\/v2\/users\/2"}],"replies":[{"embeddable":true,"href":"https:\/\/www.europesays.com\/fr\/wp-json\/wp\/v2\/comments?post=352611"}],"version-history":[{"count":0,"href":"https:\/\/www.europesays.com\/fr\/wp-json\/wp\/v2\/posts\/352611\/revisions"}],"wp:featuredmedia":[{"embeddable":true,"href":"https:\/\/www.europesays.com\/fr\/wp-json\/wp\/v2\/media\/352612"}],"wp:attachment":[{"href":"https:\/\/www.europesays.com\/fr\/wp-json\/wp\/v2\/media?parent=352611"}],"wp:term":[{"taxonomy":"category","embeddable":true,"href":"https:\/\/www.europesays.com\/fr\/wp-json\/wp\/v2\/categories?post=352611"},{"taxonomy":"post_tag","embeddable":true,"href":"https:\/\/www.europesays.com\/fr\/wp-json\/wp\/v2\/tags?post=352611"}],"curies":[{"name":"wp","href":"https:\/\/api.w.org\/{rel}","templated":true}]}}