{"id":352613,"date":"2025-08-29T17:25:11","date_gmt":"2025-08-29T17:25:11","guid":{"rendered":"https:\/\/www.europesays.com\/fr\/352613\/"},"modified":"2025-08-29T17:25:11","modified_gmt":"2025-08-29T17:25:11","slug":"lorient-lille-formose-mendy-absent-et-sur-le-depart-une-premiere-titularisation-pour-abdoulaye-faye-les-compos-probables","status":"publish","type":"post","link":"https:\/\/www.europesays.com\/fr\/352613\/","title":{"rendered":"Lorient &#8211; Lille\u00a0: Formose Mendy absent et sur le d\u00e9part, une premi\u00e8re titularisation pour Abdoulaye Faye, les compos probables"},"content":{"rendered":"<p>Ligue 1 (3e journ\u00e9e). Lorient &#8211; Lille, ce samedi (17 h)<\/p>\n<p>Bless\u00e9 au mollet lors de son entr\u00e9e en jeu dimanche contre Rennes (4-0), <a href=\"https:\/\/www.letelegramme.fr\/sports\/football\/fc-lorient\/pablo-pagis-blesse-sa-duree-dindisponibilite-est-connue-6877639.php\" target=\"_blank\" title=\"Lire notre article du 28 ao\u00fbt 2025\" rel=\"noopener\">le meneur de jeu Pablo Pagis est forfait pour la r\u00e9ception de Lille<\/a>. G\u00ean\u00e9s cette semaine respectivement \u00e0 un quadriceps et \u00e0 un ischio, le capitaine Laurent Abergel et son partenaire du milieu de terrain Arthur Avom figurent bien dans le groupe de 19 joueurs convoqu\u00e9s par Olivier Pantaloni et son staff. Tout comme la recrue Noah Cadiou, bless\u00e9e \u00e0 une cuisse en fin de pr\u00e9paration et qui avait manqu\u00e9 les deux premiers matchs de la saison.<\/p>\n<p>Formose Mendy sur le d\u00e9part ?<\/p>\n<p>Le d\u00e9fenseur central Formose Mendy, titulaire la semaine derni\u00e8re, n\u2019a pas \u00e9t\u00e9 convoqu\u00e9 pour ce match. Ce qui accr\u00e9diterait la th\u00e8se d\u2019un d\u00e9part du joueur avant la cl\u00f4ture du mercato, lundi \u00e0 20 h. <a href=\"https:\/\/www.ouest-france.fr\/sport\/football\/fc-lorient\/mercato-fc-lorient-formose-mendy-vers-watford-dd736d2a-84e6-11f0-bcb7-e4ebd4c8350d\" target=\"_blank\" rel=\"noopener\">Ouest-France<\/a> l\u2019annonce ce vendredi du c\u00f4t\u00e9 de Watford (D2 anglaise), dans le cadre d\u2019un pr\u00eat payant sans option d\u2019achat. En attendant, l\u2019exp\u00e9riment\u00e9 Igor Silva part en pole position pour conserver sa place dans le onze, \u00e0 droite de la d\u00e9fense \u00e0 trois, tandis que la recrue <a href=\"https:\/\/www.letelegramme.fr\/sports\/football\/fc-lorient\/contre-rennes-les-debuts-prometteurs-des-recrues-lorientaises-dermane-karim-et-abdoulaye-faye-6876245.php\" target=\"_blank\" rel=\"noopener\">Abdoulaye Faye<\/a> pourrait conna\u00eetre sa premi\u00e8re titularisation.<\/p>\n<p>Giroud dans le groupe lillois<\/p>\n<p>C\u00f4t\u00e9 Lille, manquent notamment \u00e0 l\u2019appel le d\u00e9fenseur Tiago Santos (reprise) et les milieux de terrain Andr\u00e9 Gomes (mollet), Ngal\u2019ayel Mukau (cheville) et Ethan Mbapp\u00e9 (quadriceps). En instance de d\u00e9part pour Marseille, l\u2019ailier Edon Zhegrova ne figure pas dans le groupe convoqu\u00e9 par Bruno Genesio. Mais l\u2019<a href=\"https:\/\/www.letelegramme.fr\/sports\/football\/fc-lorient\/le-moindre-metre-que-vous-lui-laissez-il-peut-vous-sanctionner-laurent-koscielny-decrypte-son-ancien-coequipier-olivier-giroud-avant-lorient-lille-6877870.php\" target=\"_blank\" rel=\"noopener\">attaquant Olivier Giroud<\/a>, attendu comme le Messi dans tous les stades de France, est bien du voyage \u00e0 Lorient.<\/p>\n<p>Les compositions probables <\/p>\n<p class=\"tech\"><strong class=\"tech\">FC LORIENT :<\/strong> Kamara &#8211; Silva, Talbi, Faye &#8211; Katseris, Avom, Abergel (cap.), Yongwa &#8211; Tosin, Bamba, Karim.<\/p>\n<p class=\"tech\">Rempla\u00e7ants : Leroy (g.), Siba, Mvuka, Kouassi, Cadiou, Makengo, Le Bris, Soumano.<\/p>\n<p class=\"tech\">Absents : Pagis (mollet), Fadiga (cheville), Adjei (cheville), I. Tour\u00e9 (genou), B. Dieng, S. Doucour\u00e9 (choix), Mendy (en instance de d\u00e9part).<\/p>\n<p class=\"tech\">Entra\u00eeneur : Olivier Pantaloni.<\/p>\n<p class=\"tech\"><strong class=\"tech\">LILLE OSC :<\/strong> \u00d6zer &#8211; Meunier, Ngoy, Alexsandro, Perraud &#8211; Bouaddi, Andr\u00e9 (cap.) &#8211; Fern\u00e1ndez-Pardo, Haraldsson, Correia &#8211; Giroud.<\/p>\n<p class=\"tech\">Principaux absents : Tiago Santos (reprise), Andr\u00e9 Gomes (mollet), Ngal\u2019ayel Mukau (cheville) et Ethan Mbapp\u00e9 (quadriceps), Zhegrova (en instance de d\u00e9part).<\/p>\n<p class=\"tech\">Entra\u00eeneur : Bruno Genesio.<\/p>\n","protected":false},"excerpt":{"rendered":"Ligue 1 (3e journ\u00e9e). Lorient &#8211; Lille, ce samedi (17 h) Bless\u00e9 au mollet lors de son entr\u00e9e&hellip;\n","protected":false},"author":2,"featured_media":352614,"comment_status":"","ping_status":"","sticky":false,"template":"","format":"standard","meta":{"footnotes":""},"categories":[2815],"tags":[1111,11,3166,1777,674,3317,63,1011,27,811,66,1307,1781,12,25,60],"class_list":{"0":"post-352613","1":"post","2":"type-post","3":"status-publish","4":"format-standard","5":"has-post-thumbnail","7":"category-lille","8":"tag-actu","9":"tag-actualites","10":"tag-en-continu-sports","11":"tag-eu","12":"tag-europe","13":"tag-fc-lorient","14":"tag-football","15":"tag-fr","16":"tag-france","17":"tag-hauts-de-france","18":"tag-ligue-1","19":"tag-lille","20":"tag-lorient","21":"tag-news","22":"tag-republique-francaise","23":"tag-sports"},"share_on_mastodon":{"url":"https:\/\/pubeurope.com\/@fr\/115113225442082064","error":""},"_links":{"self":[{"href":"https:\/\/www.europesays.com\/fr\/wp-json\/wp\/v2\/posts\/352613","targetHints":{"allow":["GET"]}}],"collection":[{"href":"https:\/\/www.europesays.com\/fr\/wp-json\/wp\/v2\/posts"}],"about":[{"href":"https:\/\/www.europesays.com\/fr\/wp-json\/wp\/v2\/types\/post"}],"author":[{"embeddable":true,"href":"https:\/\/www.europesays.com\/fr\/wp-json\/wp\/v2\/users\/2"}],"replies":[{"embeddable":true,"href":"https:\/\/www.europesays.com\/fr\/wp-json\/wp\/v2\/comments?post=352613"}],"version-history":[{"count":0,"href":"https:\/\/www.europesays.com\/fr\/wp-json\/wp\/v2\/posts\/352613\/revisions"}],"wp:featuredmedia":[{"embeddable":true,"href":"https:\/\/www.europesays.com\/fr\/wp-json\/wp\/v2\/media\/352614"}],"wp:attachment":[{"href":"https:\/\/www.europesays.com\/fr\/wp-json\/wp\/v2\/media?parent=352613"}],"wp:term":[{"taxonomy":"category","embeddable":true,"href":"https:\/\/www.europesays.com\/fr\/wp-json\/wp\/v2\/categories?post=352613"},{"taxonomy":"post_tag","embeddable":true,"href":"https:\/\/www.europesays.com\/fr\/wp-json\/wp\/v2\/tags?post=352613"}],"curies":[{"name":"wp","href":"https:\/\/api.w.org\/{rel}","templated":true}]}}