{"id":352615,"date":"2025-08-29T17:26:09","date_gmt":"2025-08-29T17:26:09","guid":{"rendered":"https:\/\/www.europesays.com\/fr\/352615\/"},"modified":"2025-08-29T17:26:09","modified_gmt":"2025-08-29T17:26:09","slug":"marseille-dans-le-viseur-du-prefet-cette-dechetterie-subit-un-lourd-revers-en-justice","status":"publish","type":"post","link":"https:\/\/www.europesays.com\/fr\/352615\/","title":{"rendered":"Marseille. Dans le viseur du pr\u00e9fet, cette d\u00e9chetterie subit un lourd revers en justice"},"content":{"rendered":"<p>            Par<br \/>\n        <strong><br \/>\n            <a href=\"https:\/\/actu.fr\/auteur\/redaction-marseille\" title=\"Consulter tous les articles de R\u00e9daction Marseille\" target=\"_blank\" rel=\"noopener\">R\u00e9daction Marseille<\/a><br \/>\n        <\/strong><\/p>\n<p>        Publi\u00e9 le<\/p>\n<p>            29 ao\u00fbt 2025 \u00e0 18h07        <\/p>\n<p>Le juge des r\u00e9f\u00e9r\u00e9s du tribunal administratif de <a href=\"https:\/\/actu.fr\/marseille\/\" target=\"_blank\" rel=\"noopener\">Marseille<\/a> a rejet\u00e9 un nouveau recours de la soci\u00e9t\u00e9 qui exploitait la d\u00e9charge de travaux publics du 13e arrondissement qui se trouve \u00e0 pr\u00e9sent dans le collimateur de <a href=\"https:\/\/actu.fr\/tag\/prefecture-des-bouches-du-rhone\" target=\"_blank\" rel=\"noopener\">la pr\u00e9fecture des Bouches-du-Rh\u00f4ne<\/a> pour <strong>ses manquements aux normes environnementales<\/strong>.<\/p>\n<p>Une premi\u00e8re autorisation en 2020, la deuxi\u00e8me retoqu\u00e9e en 2024<\/p>\n<p class=\" wall-content\">Pour rappel, en 2020, la soci\u00e9t\u00e9 Commercialisation D\u00e9charge et Travaux publics (CDTP) \u2013 qui <strong>exploite une \u00ab\u2009installation de stockage de d\u00e9chets inertes\u2009\u00bb<\/strong> sur le\u00a0chemin de Palama\u00a0\u2013 avait obtenu une autorisation valable jusqu\u2019en avril\u00a02024.<\/p>\n<p>    <a href=\"https:\/\/www.google.com\/maps\/embed?pb=!1m18!1m12!1m3!1d2900.4709974498032!2d5.440648176619006!3d43.36717487088247!2m3!1f0!2f0!3f0!3m2!1i1024!2i768!4f13.1!3m3!1m2!1s0x12c9959caf2bfcc9%3A0x12408dcfb36ed4d2!2sChem.%20de%20Palama%2C%2013013%20Marseille!5e0!3m2!1sfr!2sfr!4v1756480891466!5m2!1sfr!2sfr\" title=\"Ouvrie le lien\" target=\"_blank\" rel=\"noopener\">Cliquez ici pour visualiser le contenu<\/a><\/p>\n<p class=\" wall-content\">Elle avait ensuite sollicit\u00e9 le renouvellement et l\u2019extension de l\u2019activit\u00e9 pour son installation \u00ab\u2009Palama 2\u2009\u00bb, mais le pr\u00e9fet des Bouches-du-Rh\u00f4ne avait finalement d\u00e9cr\u00e9t\u00e9 en septembre\u00a02024<strong>\u00a0l\u2019arr\u00eat d\u00e9finitif<\/strong> des \u00ab\u2009apports de d\u00e9chets\u2009\u00bb et du \u00ab\u2009trafic routier li\u00e9 au transport de d\u00e9chets\u2009\u00bb.<\/p>\n<p>La menace d\u2019un plan de licenciement<\/p>\n<p class=\" wall-content\">En novembre\u00a02024, la soci\u00e9t\u00e9 avait donc \u00e9t\u00e9 mise en demeure de cesser toute activit\u00e9 non autoris\u00e9e et <strong>condamn\u00e9e \u00e0 une amende de 5000 euros<\/strong> \u00e0 cause de son \u00ab\u2009activit\u00e9 men\u00e9e sans autorisation\u2009\u00bb.<\/p>\n<p class=\" wall-content\">CDTP avait alors saisi le juge des r\u00e9f\u00e9r\u00e9s pour suspendre ces d\u00e9cisions pr\u00e9fectorales\u2009: des \u00ab\u2009d\u00e9marches de re-v\u00e9g\u00e9talisation\u2009\u00bb avaient \u00e9t\u00e9 \u00ab\u2009accomplies sur le site\u2009\u00bb pour \u00ab\u2009remplacer les plants dess\u00e9ch\u00e9s\u2009\u00bb, mais elles avaient \u00e9t\u00e9 <strong>\u00ab\u2009entrav\u00e9es par la s\u00e9cheresse de 2023\u2009\u00bb<\/strong>, expliquait la co-g\u00e9rante de l\u2019entreprise lors d\u2019une audience en d\u00e9cembre\u00a02024.<\/p>\n<p class=\" wall-content\">\u00ab\u2009L\u2019urgence est caract\u00e9ris\u00e9e compte tenu de l\u2019incidence \u00e9conomique de l\u2019arr\u00eat\u00e9\u2009: elle devra cesser son activit\u00e9, elle perdra d\u00e8s lors son chiffre d\u2019affaires qui s\u2019\u00e9levait jusqu\u2019\u00e0 pr\u00e9sent [\u2026] \u00e0 332391 euros pour environ 600000 euros de charges annuelles [\u2026] et va ainsi devoir <strong>licencier sept salari\u00e9s\u2009<\/strong>\u00bb, mettait en garde l\u2019avocat de l\u2019entreprise.<\/p>\n<p>Votre r\u00e9gion, votre actu !<\/p>\n<p>Recevez chaque jour les infos qui comptent pour vous.<\/p>\n<p>\t<a href=\"https:\/\/actu.fr\/newsletter\" class=\"ac-btn ac-btn--corner ac-btn--medium ac-btn--blue800\" target=\"_blank\" rel=\"noopener\">S&rsquo;incrire<\/a><br \/>\nPlusieurs d\u00e9cisions de justice<\/p>\n<p class=\" wall-content\">La justice administrative avait toutefois rejet\u00e9 ses diff\u00e9rents recours et, en juin\u00a02025, le pr\u00e9fet a \u00e0 nouveau <strong>mis en demeure l\u2019entreprise de respecter l\u2019arr\u00eat\u00e9 initial de 2020<\/strong> et notamment de respecter les normes environnementales. CDTP demandait alors \u00e0 nouveau la suspension de cette mise en demeure.<\/p>\n<p class=\" wall-content\">Son installation de stockage de d\u00e9chets inertes (ISDI) Palama \u00ab\u2009est mise \u00e0 l\u2019arr\u00eat d\u00e9finitif depuis le 17 octobre 2024\u2009\u00bb, faisait valoir la soci\u00e9t\u00e9\u2009: \u00ab\u2009la mise en s\u00e9curit\u00e9 du site est effective\u2009\u00bb et \u00ab\u2009le site a bien \u00e9t\u00e9 remis en \u00e9tat par la plantation de nombreuses v\u00e9g\u00e9tations\u2009\u00bb. Le \u00ab\u2009plan d\u2019action\u2009\u00bb a, lui, \u00ab\u2009d\u00e9j\u00e0 \u00e9t\u00e9 remis [\u2026] et r\u00e9alis\u00e9 depuis\u2009\u00bb.<\/p>\n<p class=\" wall-content\">Reste qu\u2019en \u00ab\u2009l\u2019\u00e9tat de l\u2019instruction, aucun des moyens invoqu\u00e9s \u00e0 l\u2019encontre de l\u2019arr\u00eat\u00e9 du pr\u00e9fet des Bouches-du-Rh\u00f4ne du 2\u00a0juin 2025 contest\u00e9 n\u2019est de nature \u00e0 <strong>faire na\u00eetre un doute s\u00e9rieux quant \u00e0 leur l\u00e9galit\u00e9<\/strong>\u2009\u00bb, \u00e9vacue le juge des r\u00e9f\u00e9r\u00e9s du tribunal administratif de Marseille dans une ordonnance en date du 4\u00a0ao\u00fbt 2025 qui vient d\u2019\u00eatre rendue publique.<\/p>\n<p class=\" wall-content\">La requ\u00eate de la soci\u00e9t\u00e9 CDTP a donc \u00e9t\u00e9 rejet\u00e9e. L\u2019affaire pourrait cependant \u00eatre rejug\u00e9e au fond par une formation coll\u00e9giale de trois magistrats dans un d\u00e9lai de dix-huit mois \u00e0 deux ans. Si la soci\u00e9t\u00e9 venait \u00e0 obtenir gain de cause, alors elle serait en droit de <strong>demander des d\u00e9dommagements \u00e0 l\u2019\u00c9tat<\/strong>.<\/p>\n<p class=\" wall-content\"><strong>MJ et GF \/ Press Pepper<\/strong><\/p>\n<p class=\" wall-content\">Personnalisez votre actualit\u00e9 en ajoutant vos villes et m\u00e9dias en favori avec <a href=\"https:\/\/moncompte.actu.fr\" title=\"D\u00e9couvez Mon Actu\" rel=\"nofollow noopener\" data-trk=\"{&quot;cta&quot;:{&quot;action&quot;:&quot;https:\\\/\\\/moncompte.actu.fr&quot;,&quot;category&quot;:&quot;mon compte&quot;,&quot;from&quot;:&quot;article footer&quot;,&quot;name&quot;:&quot;Mon actu&quot;,&quot;type&quot;:&quot;cta&quot;}}\" target=\"_blank\">Mon Actu<\/a>.<\/p>\n","protected":false},"excerpt":{"rendered":"Par R\u00e9daction Marseille Publi\u00e9 le 29 ao\u00fbt 2025 \u00e0 18h07 Le juge des r\u00e9f\u00e9r\u00e9s du tribunal administratif de&hellip;\n","protected":false},"author":2,"featured_media":352616,"comment_status":"","ping_status":"","sticky":false,"template":"","format":"standard","meta":{"footnotes":""},"categories":[2814],"tags":[1111,11,1777,674,1011,27,303,884,12,45301,882,25,104],"class_list":{"0":"post-352615","1":"post","2":"type-post","3":"status-publish","4":"format-standard","5":"has-post-thumbnail","7":"category-marseille","8":"tag-actu","9":"tag-actualites","10":"tag-eu","11":"tag-europe","12":"tag-fr","13":"tag-france","14":"tag-justice","15":"tag-marseille","16":"tag-news","17":"tag-prefecture-des-bouches-du-rhone","18":"tag-provence-alpes-cote-dazur","19":"tag-republique-francaise","20":"tag-societe"},"share_on_mastodon":{"url":"https:\/\/pubeurope.com\/@fr\/115113229322023079","error":""},"_links":{"self":[{"href":"https:\/\/www.europesays.com\/fr\/wp-json\/wp\/v2\/posts\/352615","targetHints":{"allow":["GET"]}}],"collection":[{"href":"https:\/\/www.europesays.com\/fr\/wp-json\/wp\/v2\/posts"}],"about":[{"href":"https:\/\/www.europesays.com\/fr\/wp-json\/wp\/v2\/types\/post"}],"author":[{"embeddable":true,"href":"https:\/\/www.europesays.com\/fr\/wp-json\/wp\/v2\/users\/2"}],"replies":[{"embeddable":true,"href":"https:\/\/www.europesays.com\/fr\/wp-json\/wp\/v2\/comments?post=352615"}],"version-history":[{"count":0,"href":"https:\/\/www.europesays.com\/fr\/wp-json\/wp\/v2\/posts\/352615\/revisions"}],"wp:featuredmedia":[{"embeddable":true,"href":"https:\/\/www.europesays.com\/fr\/wp-json\/wp\/v2\/media\/352616"}],"wp:attachment":[{"href":"https:\/\/www.europesays.com\/fr\/wp-json\/wp\/v2\/media?parent=352615"}],"wp:term":[{"taxonomy":"category","embeddable":true,"href":"https:\/\/www.europesays.com\/fr\/wp-json\/wp\/v2\/categories?post=352615"},{"taxonomy":"post_tag","embeddable":true,"href":"https:\/\/www.europesays.com\/fr\/wp-json\/wp\/v2\/tags?post=352615"}],"curies":[{"name":"wp","href":"https:\/\/api.w.org\/{rel}","templated":true}]}}