{"id":352619,"date":"2025-08-29T17:28:10","date_gmt":"2025-08-29T17:28:10","guid":{"rendered":"https:\/\/www.europesays.com\/fr\/352619\/"},"modified":"2025-08-29T17:28:10","modified_gmt":"2025-08-29T17:28:10","slug":"60-000-rebonds-ouvre-une-antenne-dans-lain-pour-accompagner-les-entrepreneurs-post-liquidation","status":"publish","type":"post","link":"https:\/\/www.europesays.com\/fr\/352619\/","title":{"rendered":"60 000 rebonds ouvre une antenne dans l\u2019Ain pour accompagner les entrepreneurs post-liquidation"},"content":{"rendered":"<p>                                                        <img loading=\"lazy\" decoding=\"async\" width=\"900\" height=\"900\" src=\"data:image\/svg+xml,%3Csvg%20xmlns=\" http:=\"\" class=\"thumb img-responsive m-x-auto block w-full\" alt=\"lyon entreprises 60000 rebonds\" caption=\"\" data-lazy-src=\"https:\/\/www.europesays.com\/fr\/wp-content\/uploads\/2025\/08\/1756488490_219_unnamed.jpg\"\/><\/p>\n<p class=\"ez-toc-title ez-toc-toggle\" style=\"cursor: pointer\">Sommaire &amp; acc\u00e8s rapide<\/p>\n<p><a href=\"#\" class=\"ez-toc-pull-right ez-toc-btn ez-toc-btn-xs ez-toc-btn-default ez-toc-toggle\" aria-label=\"Toggle Table of Content\">Toggle<\/a><\/p>\n<p><strong>L\u2019association 60 000 rebonds Auvergne-Rh\u00f4ne-Alpes poursuit son d\u00e9veloppement avec l\u2019ouverture d\u2019une antenne \u00e0 Bourg-en-Bresse. D\u00e9j\u00e0 active depuis janvier 2025, elle sera officiellement lanc\u00e9e le 24 septembre lors d\u2019une soir\u00e9e \u00e0 la MCC de Bourg-en-Bresse, en pr\u00e9sence d\u2019acteurs \u00e9conomiques et de t\u00e9moins inspirants.<\/strong><\/p>\n<p>Un lancement plac\u00e9 sous le signe de la r\u00e9silience<\/p>\n<p>La soir\u00e9e marquera le coup d\u2019envoi officiel de cette antenne locale et proposera plusieurs temps forts. \u00c9ric Barone, figure embl\u00e9matique du VTT de vitesse et multiple recordman du monde, partagera son parcours marqu\u00e9 par un accident \u00e0 pr\u00e8s de 200 km\/h suivi d\u2019un retour triomphal. Des entrepreneurs accompagn\u00e9s par 60 000 rebonds t\u00e9moigneront \u00e9galement de leur exp\u00e9rience de reconstruction.<\/p>\n<p>St\u00e9phane Rostaing, pr\u00e9sident du MEDEF de l\u2019Ain, interviendra pour souligner l\u2019importance d\u2019int\u00e9grer d\u2019anciens dirigeants dans le tissu \u00e9conomique et les b\u00e9n\u00e9fices pour les entreprises locales.<\/p>\n<p>Un accompagnement de proximit\u00e9 pour les entrepreneurs de l\u2019Ain<\/p>\n<p>\u00ab Notre mission est d\u2019assurer un accompagnement de proximit\u00e9 aux entrepreneurs de l\u2019Ain ayant connu la perte de leur entreprise et de changer le regard sur l\u2019\u00e9chec \u00bb, d\u00e9clare Fabien Mauduy, pr\u00e9sident de 60 000 rebonds Auvergne Rh\u00f4ne-Alpes. Ouverte en janvier 2025, l\u2019antenne de Bourg-en-Bresse accompagne d\u00e9j\u00e0 une dizaine d\u2019entrepreneurs.<\/p>\n<p>L\u2019objectif est double : se faire conna\u00eetre aupr\u00e8s des entrepreneurs concern\u00e9s et recruter de nouveaux b\u00e9n\u00e9voles \u2013 coachs certifi\u00e9s, parrains et experts \u2013 afin d\u2019\u00e9largir la capacit\u00e9 d\u2019accueil et de soutien.<\/p>\n<p>Un mod\u00e8le collectif et humain<\/p>\n<p>Chaque entrepreneur b\u00e9n\u00e9ficie d\u2019un accompagnement de deux ans maximum, associant un coach professionnel, un parrain chef d\u2019entreprise et des ateliers collectifs mensuels. Cette approche vise \u00e0 transformer une \u00e9preuve souvent v\u00e9cue comme un triple traumatisme (professionnel, personnel et financier) en une opportunit\u00e9 de rebond.<\/p>\n<p>En 2024, l\u2019association a accompagn\u00e9 290 entrepreneurs en Auvergne-Rh\u00f4ne-Alpes gr\u00e2ce \u00e0 l\u2019implication de 437 b\u00e9n\u00e9voles. Les r\u00e9sultats parlent d\u2019eux-m\u00eames : 88 % des entrepreneurs accompagn\u00e9s ont retrouv\u00e9 une activit\u00e9, dont 33 % en recr\u00e9ant ou reprenant une entreprise et 67 % en int\u00e9grant un emploi salari\u00e9.<\/p>\n<p>Un appel \u00e0 l\u2019engagement local<\/p>\n<p>Pour p\u00e9renniser son action dans l\u2019Ain, 60 000 rebonds recherche activement de nouveaux b\u00e9n\u00e9voles pr\u00eats \u00e0 s\u2019investir aupr\u00e8s des entrepreneurs en difficult\u00e9. Cet engagement constitue un levier essentiel pour consolider l\u2019\u00e9cosyst\u00e8me entrepreneurial local et redonner confiance \u00e0 ceux qui ont travers\u00e9 l\u2019\u00e9chec.<\/p>\n","protected":false},"excerpt":{"rendered":"Sommaire &amp; acc\u00e8s rapide Toggle L\u2019association 60 000 rebonds Auvergne-Rh\u00f4ne-Alpes poursuit son d\u00e9veloppement avec l\u2019ouverture d\u2019une antenne \u00e0&hellip;\n","protected":false},"author":2,"featured_media":352620,"comment_status":"","ping_status":"","sticky":false,"template":"","format":"standard","meta":{"footnotes":""},"categories":[1889],"tags":[1111,11,2430,1777,674,1011,27,2428,12,25],"class_list":{"0":"post-352619","1":"post","2":"type-post","3":"status-publish","4":"format-standard","5":"has-post-thumbnail","7":"category-lyon","8":"tag-actu","9":"tag-actualites","10":"tag-auvergne-rhone-alpes","11":"tag-eu","12":"tag-europe","13":"tag-fr","14":"tag-france","15":"tag-lyon","16":"tag-news","17":"tag-republique-francaise"},"share_on_mastodon":{"url":"https:\/\/pubeurope.com\/@fr\/115113237159070938","error":""},"_links":{"self":[{"href":"https:\/\/www.europesays.com\/fr\/wp-json\/wp\/v2\/posts\/352619","targetHints":{"allow":["GET"]}}],"collection":[{"href":"https:\/\/www.europesays.com\/fr\/wp-json\/wp\/v2\/posts"}],"about":[{"href":"https:\/\/www.europesays.com\/fr\/wp-json\/wp\/v2\/types\/post"}],"author":[{"embeddable":true,"href":"https:\/\/www.europesays.com\/fr\/wp-json\/wp\/v2\/users\/2"}],"replies":[{"embeddable":true,"href":"https:\/\/www.europesays.com\/fr\/wp-json\/wp\/v2\/comments?post=352619"}],"version-history":[{"count":0,"href":"https:\/\/www.europesays.com\/fr\/wp-json\/wp\/v2\/posts\/352619\/revisions"}],"wp:featuredmedia":[{"embeddable":true,"href":"https:\/\/www.europesays.com\/fr\/wp-json\/wp\/v2\/media\/352620"}],"wp:attachment":[{"href":"https:\/\/www.europesays.com\/fr\/wp-json\/wp\/v2\/media?parent=352619"}],"wp:term":[{"taxonomy":"category","embeddable":true,"href":"https:\/\/www.europesays.com\/fr\/wp-json\/wp\/v2\/categories?post=352619"},{"taxonomy":"post_tag","embeddable":true,"href":"https:\/\/www.europesays.com\/fr\/wp-json\/wp\/v2\/tags?post=352619"}],"curies":[{"name":"wp","href":"https:\/\/api.w.org\/{rel}","templated":true}]}}