{"id":352621,"date":"2025-08-29T17:29:15","date_gmt":"2025-08-29T17:29:15","guid":{"rendered":"https:\/\/www.europesays.com\/fr\/352621\/"},"modified":"2025-08-29T17:29:15","modified_gmt":"2025-08-29T17:29:15","slug":"son-appartement-loue-via-la-metropole-est-squatte-depuis-un-an-ce-proprietaire-temoigne","status":"publish","type":"post","link":"https:\/\/www.europesays.com\/fr\/352621\/","title":{"rendered":"son appartement lou\u00e9 via la M\u00e9tropole est squatt\u00e9 depuis un an, ce propri\u00e9taire t\u00e9moigne"},"content":{"rendered":"<p>\u00ab\u00a0Je ne souhaite \u00e7a \u00e0 personne. Je suis stup\u00e9fait et je suis une victime\u00a0\u00bb. Depuis f\u00e9vrier\u00a02024, Benoit n\u2019a plus acc\u00e8s \u00e0 son appartement. Un jeune homme entr\u00e9 l\u00e9galement dans l\u2019appartement via un contrat de location courte dur\u00e9e refuse d\u00e9sormais de quitter les lieux.<\/p>\n<p>Malgr\u00e9 la date de fin du contrat en novembre\u00a02024, l\u2019homme est rest\u00e9, \u00ab\u00a0il a aussi accueilli sa famille, sa femme et leurs trois enfants. Ce ne sont pas des squatteurs, ils sont entr\u00e9s l\u00e9galement et sans violence dans le logement\u00a0: ce sont des occupants sans droit ni titre\u00a0\u00bb.<\/p>\n<p>\u00ab\u00a0La m\u00e9tropole a lou\u00e9 l\u2019appartement\u00a0\u00bb<\/p>\n<p>Benoit exerce une profession lib\u00e9rale, il a 50 ans et en 2007 il a d\u00e9cid\u00e9 d\u2019acheter ce studio de 17m2 dans le 7e\u00a0 arrondissement de Lyon. Une conciergerie prenait en&#8230;<\/p>\n","protected":false},"excerpt":{"rendered":"\u00ab\u00a0Je ne souhaite \u00e7a \u00e0 personne. Je suis stup\u00e9fait et je suis une victime\u00a0\u00bb. Depuis f\u00e9vrier\u00a02024, Benoit n\u2019a&hellip;\n","protected":false},"author":2,"featured_media":352622,"comment_status":"","ping_status":"","sticky":false,"template":"","format":"standard","meta":{"footnotes":""},"categories":[1889],"tags":[1111,11,2430,2757,1777,674,107,1011,27,1908,2428,2756,12,25,2429,4604,104],"class_list":{"0":"post-352621","1":"post","2":"type-post","3":"status-publish","4":"format-standard","5":"has-post-thumbnail","7":"category-lyon","8":"tag-actu","9":"tag-actualites","10":"tag-auvergne-rhone-alpes","11":"tag-edition-lyon-villeurbanne","12":"tag-eu","13":"tag-europe","14":"tag-fil-info","15":"tag-fr","16":"tag-france","17":"tag-logement","18":"tag-lyon","19":"tag-lyon-bassin","20":"tag-news","21":"tag-republique-francaise","22":"tag-rhone","23":"tag-selection-abonne","24":"tag-societe"},"share_on_mastodon":{"url":"https:\/\/pubeurope.com\/@fr\/115113240985730708","error":""},"_links":{"self":[{"href":"https:\/\/www.europesays.com\/fr\/wp-json\/wp\/v2\/posts\/352621","targetHints":{"allow":["GET"]}}],"collection":[{"href":"https:\/\/www.europesays.com\/fr\/wp-json\/wp\/v2\/posts"}],"about":[{"href":"https:\/\/www.europesays.com\/fr\/wp-json\/wp\/v2\/types\/post"}],"author":[{"embeddable":true,"href":"https:\/\/www.europesays.com\/fr\/wp-json\/wp\/v2\/users\/2"}],"replies":[{"embeddable":true,"href":"https:\/\/www.europesays.com\/fr\/wp-json\/wp\/v2\/comments?post=352621"}],"version-history":[{"count":0,"href":"https:\/\/www.europesays.com\/fr\/wp-json\/wp\/v2\/posts\/352621\/revisions"}],"wp:featuredmedia":[{"embeddable":true,"href":"https:\/\/www.europesays.com\/fr\/wp-json\/wp\/v2\/media\/352622"}],"wp:attachment":[{"href":"https:\/\/www.europesays.com\/fr\/wp-json\/wp\/v2\/media?parent=352621"}],"wp:term":[{"taxonomy":"category","embeddable":true,"href":"https:\/\/www.europesays.com\/fr\/wp-json\/wp\/v2\/categories?post=352621"},{"taxonomy":"post_tag","embeddable":true,"href":"https:\/\/www.europesays.com\/fr\/wp-json\/wp\/v2\/tags?post=352621"}],"curies":[{"name":"wp","href":"https:\/\/api.w.org\/{rel}","templated":true}]}}