{"id":352627,"date":"2025-08-29T17:33:10","date_gmt":"2025-08-29T17:33:10","guid":{"rendered":"https:\/\/www.europesays.com\/fr\/352627\/"},"modified":"2025-08-29T17:33:10","modified_gmt":"2025-08-29T17:33:10","slug":"20-des-vols-annules-ce-vendredi-a-cause-dun-orage","status":"publish","type":"post","link":"https:\/\/www.europesays.com\/fr\/352627\/","title":{"rendered":"20 % des vols annul\u00e9s ce vendredi \u00e0 cause d\u2019un orage"},"content":{"rendered":"<p class=\"mb-4 text-lg md:leading-8 break-words\"><strong>trafic a\u00e9rien &#8211; Environ 20\u00a0% des vols pr\u00e9vus \u00e0 l\u2019a\u00e9roport d\u2019Orly entre 15h30 et 23h30 sont annul\u00e9s ce vendredi, en raison d\u2019un \u00e9pisode orageux<\/strong><\/p>\n<p class=\"mb-4 text-lg md:leading-8 break-words\">Environ 20\u00a0% des vols pr\u00e9vus ce vendredi \u00e0<a href=\"https:\/\/www.parisaeroport.fr\/fr\/passagers\/orly?at_medium=RSS%20feed&amp;at_campaign=ynews&amp;utm_source=yahoo&amp;utm_medium=rss&amp;utm_campaign=news_feed&amp;utm_content=in_article_link\" rel=\"nofollow noopener\" target=\"_blank\" data-ylk=\"slk:l\u2019a\u00e9roport d\u2019Orly;elm:context_link;itc:0;sec:content-canvas\" class=\"link \"> l\u2019a\u00e9roport d\u2019Orly<\/a>, \u00e0 <a href=\"https:\/\/www.20minutes.fr\/paris\/?at_medium=RSS%20feed&amp;at_campaign=ynews&amp;utm_source=yahoo&amp;utm_medium=rss&amp;utm_campaign=news_feed&amp;utm_content=in_article_link\" rel=\"nofollow noopener\" target=\"_blank\" data-ylk=\"slk:Paris;elm:context_link;itc:0;sec:content-canvas\" class=\"link \">Paris<\/a>, entre 15h30 et 23h30 sont annul\u00e9s en raison d\u2019un \u00e9pisode orageux parti pour durer une partie de la soir\u00e9e, a indiqu\u00e9 vendredi <a href=\"https:\/\/www.ecologie.gouv.fr\/direction-generale-laviation-civile-dgac-0?at_medium=RSS%20feed&amp;at_campaign=ynews&amp;utm_source=yahoo&amp;utm_medium=rss&amp;utm_campaign=news_feed&amp;utm_content=in_article_link\" rel=\"nofollow noopener\" target=\"_blank\" data-ylk=\"slk:la Direction g\u00e9n\u00e9rale de l\u2019aviation civile (DGAC).;elm:context_link;itc:0;sec:content-canvas\" class=\"link \">la Direction g\u00e9n\u00e9rale de l\u2019aviation civile (DGAC).<\/a><\/p>\n<p class=\"mb-4 text-lg md:leading-8 break-words\">Dans un communiqu\u00e9 publi\u00e9 peu apr\u00e8s 15h30 sur X, elle invitait les passagers \u00e0 se rapprocher de leur compagnie a\u00e9rienne \u00ab\u00a0pour conna\u00eetre les modalit\u00e9s\u00a0\u00bb de leur vol.<\/p>\n<p>Vigilance orages jusqu\u2019\u00e0 22 heures<\/p>\n<p class=\"mb-4 text-lg md:leading-8 break-words\">Contact\u00e9 par l\u2019AFP, le Groupe A\u00e9roports de Paris (ADP) a indiqu\u00e9 qu\u2019il renfor\u00e7ait \u00ab\u00a0le nombre de personnel pr\u00e9sent pour accompagner les voyageurs\u00a0\u00bb, tout en fournissant une \u00ab\u00a0information continue et renforc\u00e9e\u00a0\u00bb sur place. Le groupe ADP a \u00e9galement dit se tenir pr\u00eat \u00e0 \u00e9tendre les horaires d\u2019ouverture des commerces.<\/p>\n<p>Publicit\u00e9<\/p>\n<p>Publicit\u00e9<\/p>\n<p>Publicit\u00e9<\/p>\n<p>Publicit\u00e9<\/p>\n<p class=\"mb-4 text-lg md:leading-8 break-words\">Selon le site de M\u00e9t\u00e9o-France, une partie de la r\u00e9gion parisienne est plac\u00e9e en vigilance jaune \u00ab\u00a0orages\u00a0\u00bb jusqu\u2019\u00e0 22 heures.<\/p>\n<p class=\"mb-4 text-lg md:leading-8 break-words\"><a href=\"https:\/\/www.20minutes.fr\/societe\/4170225-20250829-paris-orly-20-vols-annules-cause-orage?at_medium=RSS%20feed&amp;at_campaign=ynews&amp;utm_source=yahoo&amp;utm_medium=rss&amp;utm_campaign=news_feed&amp;utm_content=read_more_link&quot;\" rel=\"nofollow noopener\" target=\"_blank\" data-ylk=\"slk:Lire la suite sur 20minutes;elm:context_link;itc:0;sec:content-canvas\" class=\"link \">Lire la suite sur 20minutes<\/a><\/p>\n<p>\u00c0 lire aussi :<br \/><a href=\"https:\/\/www.20minutes.fr\/societe\/4159044-20250617-aeroports-paris-activite-mois-mai-superieure-niveau-pre-covid?at_medium=RSS%20feed&amp;at_campaign=ynews&amp;utm_source=yahoo&amp;utm_medium=rss&amp;utm_campaign=news_feed&amp;utm_content=related_content_link\" rel=\"nofollow noopener\" target=\"_blank\" data-ylk=\"slk:A\u00e9roports de Paris\u00a0: L\u2019activit\u00e9 au mois de mai a \u00e9t\u00e9 sup\u00e9rieure \u00e0 la p\u00e9tiode pr\u00e9-Covid;elm:context_link;itc:0;sec:content-canvas\" class=\"link \">A\u00e9roports de Paris\u00a0: L\u2019activit\u00e9 au mois de mai a \u00e9t\u00e9 sup\u00e9rieure \u00e0 la p\u00e9tiode pr\u00e9-Covid<\/a><br \/><a href=\"https:\/\/www.20minutes.fr\/societe\/4168824-20250821-fortes-turbulences-orage-violent-cinq-personnes-blessees-bord-vol-paris-ajaccio?at_medium=RSS%20feed&amp;at_campaign=ynews&amp;utm_source=yahoo&amp;utm_medium=rss&amp;utm_campaign=news_feed&amp;utm_content=related_content_link\" rel=\"nofollow noopener\" target=\"_blank\" data-ylk=\"slk:\u00ab\u00a0Fortes turbulences\u00a0\u00bb et \u00ab\u00a0orage violent\u00a0\u00bb\u00a0: Cinq personnes bless\u00e9es \u00e0 bord d\u2019un vol Paris-Ajaccio;elm:context_link;itc:0;sec:content-canvas\" class=\"link \">\u00ab\u00a0Fortes turbulences\u00a0\u00bb et \u00ab\u00a0orage violent\u00a0\u00bb\u00a0: Cinq personnes bless\u00e9es \u00e0 bord d\u2019un vol Paris-Ajaccio<\/a><\/p>\n","protected":false},"excerpt":{"rendered":"trafic a\u00e9rien &#8211; Environ 20\u00a0% des vols pr\u00e9vus \u00e0 l\u2019a\u00e9roport d\u2019Orly entre 15h30 et 23h30 sont annul\u00e9s ce&hellip;\n","protected":false},"author":2,"featured_media":352628,"comment_status":"","ping_status":"","sticky":false,"template":"","format":"standard","meta":{"footnotes":""},"categories":[1888],"tags":[1111,1928,11,1927,10046,8763,22812,1777,674,1011,27,12,1926,626,1925,17453,25,36161],"class_list":{"0":"post-352627","1":"post","2":"type-post","3":"status-publish","4":"format-standard","5":"has-post-thumbnail","7":"category-paris","8":"tag-actu","9":"tag-actu-paris","10":"tag-actualites","11":"tag-actualites-paris","12":"tag-aeroports-de-paris","13":"tag-compagnie-aerienne","14":"tag-direction-generale-de-laviation-civile","15":"tag-eu","16":"tag-europe","17":"tag-fr","18":"tag-france","19":"tag-news","20":"tag-news-paris","21":"tag-paris","22":"tag-paris-news","23":"tag-raison-d","24":"tag-republique-francaise","25":"tag-trafic-aerien"},"share_on_mastodon":{"url":"https:\/\/pubeurope.com\/@fr\/115113256808633170","error":""},"_links":{"self":[{"href":"https:\/\/www.europesays.com\/fr\/wp-json\/wp\/v2\/posts\/352627","targetHints":{"allow":["GET"]}}],"collection":[{"href":"https:\/\/www.europesays.com\/fr\/wp-json\/wp\/v2\/posts"}],"about":[{"href":"https:\/\/www.europesays.com\/fr\/wp-json\/wp\/v2\/types\/post"}],"author":[{"embeddable":true,"href":"https:\/\/www.europesays.com\/fr\/wp-json\/wp\/v2\/users\/2"}],"replies":[{"embeddable":true,"href":"https:\/\/www.europesays.com\/fr\/wp-json\/wp\/v2\/comments?post=352627"}],"version-history":[{"count":0,"href":"https:\/\/www.europesays.com\/fr\/wp-json\/wp\/v2\/posts\/352627\/revisions"}],"wp:featuredmedia":[{"embeddable":true,"href":"https:\/\/www.europesays.com\/fr\/wp-json\/wp\/v2\/media\/352628"}],"wp:attachment":[{"href":"https:\/\/www.europesays.com\/fr\/wp-json\/wp\/v2\/media?parent=352627"}],"wp:term":[{"taxonomy":"category","embeddable":true,"href":"https:\/\/www.europesays.com\/fr\/wp-json\/wp\/v2\/categories?post=352627"},{"taxonomy":"post_tag","embeddable":true,"href":"https:\/\/www.europesays.com\/fr\/wp-json\/wp\/v2\/tags?post=352627"}],"curies":[{"name":"wp","href":"https:\/\/api.w.org\/{rel}","templated":true}]}}