{"id":352630,"date":"2025-08-29T17:35:12","date_gmt":"2025-08-29T17:35:12","guid":{"rendered":"https:\/\/www.europesays.com\/fr\/352630\/"},"modified":"2025-08-29T17:35:12","modified_gmt":"2025-08-29T17:35:12","slug":"paris-le-rappeur-doums-interpelle-en-possession-de-stupefiants","status":"publish","type":"post","link":"https:\/\/www.europesays.com\/fr\/352630\/","title":{"rendered":"Paris. Le rappeur Doums interpell\u00e9 en possession de stup\u00e9fiants"},"content":{"rendered":"<p>Selon les informations du groupe EBRA, dont fait partie notre journal, le rappeur Doums, Mamadou Coulibaly de son vrai nom, a \u00e9t\u00e9 interpell\u00e9 jeudi \u00e0 Paris en possession de stup\u00e9fiants.<\/p>\n<p>Contr\u00f4l\u00e9 au volant d\u2019un v\u00e9hicule Porsche dans le 19e arrondissement de la capitale, les policiers ont mis la main sur un sachet contenant un peu moins de 10 grammes de r\u00e9sine de cannabis appartenant au rappeur de 33 ans.<\/p>\n<p>Ce contenu est bloqu\u00e9 car vous n&rsquo;avez pas accept\u00e9 les cookies et autres traceurs.<\/p>\n<p>En cliquant sur \u00ab J\u2019accepte \u00bb, les cookies et autres traceurs seront d\u00e9pos\u00e9s et vous pourrez visualiser les contenus  (<a href=\"\" class=\"consentModule_policy\" target=\"_blank\" title=\"Consulter la politique de protection des donn\u00e9es du fournisseur\">plus d&rsquo;informations<\/a>).<\/p>\n<p>En cliquant sur \u00ab J\u2019accepte tous les cookies \u00bb, vous autorisez des d\u00e9p\u00f4ts de cookies et autres traceurs pour le stockage de vos donn\u00e9es sur nos sites et applications \u00e0 des fins de personnalisation et de ciblage publicitaire.<\/p>\n<p class=\"consentModule_secondaryText\">Vous gardez la possibilit\u00e9 de retirer votre consentement \u00e0 tout moment en consultant notre <a href=\"https:\/\/www.ledauphine.com\/protection-des-donnees\" target=\"_blank\" title=\"Consulter notre politique de protection des donn\u00e9es\" rel=\"noopener\">politique de protection des donn\u00e9es<\/a>. <br \/>&#13;<br \/>\n            <a href=\"https:\/\/www.ledauphine.com\/faits-divers-justice\/2025\/08\/29\/javascript:Didomi.notice.show()\" class=\"consentModule_cmp\" target=\"_blank\" rel=\"noopener\">G\u00e9rer mes choix<\/a>&#13;\n        <\/p>\n<p>&#13;<br \/>\n                        J&rsquo;accepte&#13;<br \/>\n            J&rsquo;accepte tous les cookies&#13;\n        <\/p>\n<p>P\u00e8re d\u2019un enfant qu\u2019il a eu en 2017 avec l\u2019actrice Ad\u00e8le Exarchopoulos, Doums a \u00e9t\u00e9 plac\u00e9 en garde \u00e0 vue jeudi, dans la foul\u00e9e de son arrestation.<\/p>\n<p>Le montant de l\u2019amende et les poursuites \u00e9ventuelles adress\u00e9s au rappeur ne sont pas connus.<\/p>\n","protected":false},"excerpt":{"rendered":"Selon les informations du groupe EBRA, dont fait partie notre journal, le rappeur Doums, Mamadou Coulibaly de son&hellip;\n","protected":false},"author":2,"featured_media":352631,"comment_status":"","ping_status":"","sticky":false,"template":"","format":"standard","meta":{"footnotes":""},"categories":[1888],"tags":[11,271,1687,272,1777,674,274,107,1011,27,329,873,12,626,25],"class_list":{"0":"post-352630","1":"post","2":"type-post","3":"status-publish","4":"format-standard","5":"has-post-thumbnail","7":"category-paris","8":"tag-actualites","9":"tag-crime","10":"tag-culture-loisirs","11":"tag-delit-et-contravention","12":"tag-eu","13":"tag-europe","14":"tag-faits-divers-justice","15":"tag-fil-info","16":"tag-fr","17":"tag-france","18":"tag-france-monde","19":"tag-musique","20":"tag-news","21":"tag-paris","22":"tag-republique-francaise"},"share_on_mastodon":{"url":"https:\/\/pubeurope.com\/@fr\/115113264695357138","error":""},"_links":{"self":[{"href":"https:\/\/www.europesays.com\/fr\/wp-json\/wp\/v2\/posts\/352630","targetHints":{"allow":["GET"]}}],"collection":[{"href":"https:\/\/www.europesays.com\/fr\/wp-json\/wp\/v2\/posts"}],"about":[{"href":"https:\/\/www.europesays.com\/fr\/wp-json\/wp\/v2\/types\/post"}],"author":[{"embeddable":true,"href":"https:\/\/www.europesays.com\/fr\/wp-json\/wp\/v2\/users\/2"}],"replies":[{"embeddable":true,"href":"https:\/\/www.europesays.com\/fr\/wp-json\/wp\/v2\/comments?post=352630"}],"version-history":[{"count":0,"href":"https:\/\/www.europesays.com\/fr\/wp-json\/wp\/v2\/posts\/352630\/revisions"}],"wp:featuredmedia":[{"embeddable":true,"href":"https:\/\/www.europesays.com\/fr\/wp-json\/wp\/v2\/media\/352631"}],"wp:attachment":[{"href":"https:\/\/www.europesays.com\/fr\/wp-json\/wp\/v2\/media?parent=352630"}],"wp:term":[{"taxonomy":"category","embeddable":true,"href":"https:\/\/www.europesays.com\/fr\/wp-json\/wp\/v2\/categories?post=352630"},{"taxonomy":"post_tag","embeddable":true,"href":"https:\/\/www.europesays.com\/fr\/wp-json\/wp\/v2\/tags?post=352630"}],"curies":[{"name":"wp","href":"https:\/\/api.w.org\/{rel}","templated":true}]}}