{"id":352632,"date":"2025-08-29T17:36:11","date_gmt":"2025-08-29T17:36:11","guid":{"rendered":"https:\/\/www.europesays.com\/fr\/352632\/"},"modified":"2025-08-29T17:36:11","modified_gmt":"2025-08-29T17:36:11","slug":"la-russie-se-prepare-a-des-discussions-bilaterales-avec-les-etats-unis-dans-les-prochaines-semaines","status":"publish","type":"post","link":"https:\/\/www.europesays.com\/fr\/352632\/","title":{"rendered":"La Russie se pr\u00e9pare \u00e0 des discussions bilat\u00e9rales avec les \u00c9tats-Unis dans les prochaines semaines"},"content":{"rendered":"<p>Les deux pays devraient aborder des sujets \u00abirritants\u00bb, selon le vice-ministre russe des Affaires \u00e9trang\u00e8res, qui a \u00e9galement charg\u00e9 les Europ\u00e9ens.<\/p>\n<p class=\"fig-paragraph\">Le vice-ministre russe des Affaires \u00e9trang\u00e8res, Sergue\u00ef Riabkov, a d\u00e9clar\u00e9 vendredi qu\u2019un\u00a0<a href=\"http:\/\/www.lefigaro.fr\/international\/la-russie-discute-de-projets-communs-avec-les-etats-unis-dans-l-arctique-et-en-alaska-selon-poutine-20250822\" data-fig-type=\"NewsFlash\" data-gtm-custom-categorie=\"navigation\" data-gtm-custom-action=\"crossclick\" data-gtm-custom-label=\"Contextuel\" data-gtm-event=\"customEventSPE\" data-fig-domain=\"LEFIGARO\" rel=\"nofollow noopener\" target=\"_blank\">contact russo-am\u00e9ricain<\/a>\u00a0pourrait avoir lieu dans les prochaines semaines pour discuter des sujets \u00abirritants mutuels\u00bb dans les relations bilat\u00e9rales, a rapport\u00e9 l\u2019agence de presse TASS.<\/p>\n<p>Il a \u00e9galement d\u00e9clar\u00e9 que les pays europ\u00e9ens tentaient de saboter les accords conclus par la Russie et les \u00c9tats-Unis lors du sommet en Alaska, mais Moscou s\u2019attendait \u00e0 ce que Washington poursuive ses efforts.<\/p>\n<p>\u00abNous partons du principe qu\u2019il n\u2019y aura aucune d\u00e9rogation \u00e0 ces accords (conclu en Alaska). Nous nous attendons \u00e0 ce que la situation soit per\u00e7ue de la m\u00eame mani\u00e8re \u00e0 Kiev et dans les capitales europ\u00e9ennes, o\u00f9 il y a un v\u00e9ritable sabotage\u00bb, a d\u00e9clar\u00e9 Sergue\u00ef Riabkov, cit\u00e9 par TASS.<\/p>\n","protected":false},"excerpt":{"rendered":"Les deux pays devraient aborder des sujets \u00abirritants\u00bb, selon le vice-ministre russe des Affaires \u00e9trang\u00e8res, qui a \u00e9galement&hellip;\n","protected":false},"author":2,"featured_media":352633,"comment_status":"","ping_status":"","sticky":false,"template":"","format":"standard","meta":{"footnotes":""},"categories":[1591],"tags":[11,73,1887,12,1885,1886,132],"class_list":{"0":"post-352632","1":"post","2":"type-post","3":"status-publish","4":"format-standard","5":"has-post-thumbnail","7":"category-russie","8":"tag-actualites","9":"tag-etats-unis","10":"tag-federation-de-russie","11":"tag-news","12":"tag-russia","13":"tag-russian-federation","14":"tag-russie"},"share_on_mastodon":{"url":"https:\/\/pubeurope.com\/@fr\/115113268653564084","error":""},"_links":{"self":[{"href":"https:\/\/www.europesays.com\/fr\/wp-json\/wp\/v2\/posts\/352632","targetHints":{"allow":["GET"]}}],"collection":[{"href":"https:\/\/www.europesays.com\/fr\/wp-json\/wp\/v2\/posts"}],"about":[{"href":"https:\/\/www.europesays.com\/fr\/wp-json\/wp\/v2\/types\/post"}],"author":[{"embeddable":true,"href":"https:\/\/www.europesays.com\/fr\/wp-json\/wp\/v2\/users\/2"}],"replies":[{"embeddable":true,"href":"https:\/\/www.europesays.com\/fr\/wp-json\/wp\/v2\/comments?post=352632"}],"version-history":[{"count":0,"href":"https:\/\/www.europesays.com\/fr\/wp-json\/wp\/v2\/posts\/352632\/revisions"}],"wp:featuredmedia":[{"embeddable":true,"href":"https:\/\/www.europesays.com\/fr\/wp-json\/wp\/v2\/media\/352633"}],"wp:attachment":[{"href":"https:\/\/www.europesays.com\/fr\/wp-json\/wp\/v2\/media?parent=352632"}],"wp:term":[{"taxonomy":"category","embeddable":true,"href":"https:\/\/www.europesays.com\/fr\/wp-json\/wp\/v2\/categories?post=352632"},{"taxonomy":"post_tag","embeddable":true,"href":"https:\/\/www.europesays.com\/fr\/wp-json\/wp\/v2\/tags?post=352632"}],"curies":[{"name":"wp","href":"https:\/\/api.w.org\/{rel}","templated":true}]}}