{"id":352636,"date":"2025-08-29T17:38:11","date_gmt":"2025-08-29T17:38:11","guid":{"rendered":"https:\/\/www.europesays.com\/fr\/352636\/"},"modified":"2025-08-29T17:38:11","modified_gmt":"2025-08-29T17:38:11","slug":"les-usa-refusent-loctroi-de-visas-a-des-responsables-palestiniens-avant-lag-de-lonu","status":"publish","type":"post","link":"https:\/\/www.europesays.com\/fr\/352636\/","title":{"rendered":"Les USA refusent l&rsquo;octroi de visas \u00e0 des responsables palestiniens avant l&rsquo;AG de l&rsquo;ONU"},"content":{"rendered":"<p class=\"ap-StoryElement ap-StoryElement--mb ap-StoryText\">\u00ab\u00a0L&rsquo;administration Trump a \u00e9t\u00e9 claire: il est dans l&rsquo;int\u00e9r\u00eat de notre s\u00e9curit\u00e9 nationale de tenir l&rsquo;Organisation de lib\u00e9ration de la Palestine et l&rsquo;Autorit\u00e9 palestinienne pour responsables de ne pas respecter leurs engagements et de compromettre les perspectives de paix\u00a0\u00bb, peut-on lire dans le communiqu\u00e9.<\/p>\n<p class=\"ap-StoryElement ap-StoryElement--mb ap-StoryText\">Le d\u00e9partement d&rsquo;Etat a accus\u00e9 les Palestiniens de se servir de la justice \u00e0 des fins ill\u00e9gitimes en se tournant vers la Cour p\u00e9nale internationale et la Cour internationale de justice pour r\u00e9soudre leurs contentieux avec Isra\u00ebl.<\/p>\n<p class=\"ap-StoryElement ap-StoryElement--mb ap-StoryText\">L&rsquo;Autorit\u00e9 palestinienne doit mettre fin aux \u00ab\u00a0tentatives pour contourner les n\u00e9gociations \u00e0 travers des guerres judiciaires internationales\u00a0\u00bb et aux \u00ab\u00a0efforts pour obtenir la reconnaissance unilat\u00e9rale d&rsquo;un Etat palestinien\u00a0\u00bb, dit le texte.<\/p>\n<p class=\"ap-StoryElement ap-StoryElement--mb ap-StoryText\">Les \u00c9tats-Unis ne sont pas cens\u00e9s refuser des visas aux fonctionnaires se rendant \u00e0 l&rsquo;ONU, dont le si\u00e8ge est \u00e0 New York, en vertu d&rsquo;un accord que le d\u00e9partement d&rsquo;Etat assure respecter en autorisant la mission palestinienne aupr\u00e8s des Nations unies.<\/p>\n<p class=\"ap-StoryElement ap-StoryElement--mb ap-StoryText\">La 80e Assembl\u00e9e g\u00e9n\u00e9rale de l&rsquo;ONU se tiendra du 9 au 23 septembre.<\/p>\n","protected":false},"excerpt":{"rendered":"\u00ab\u00a0L&rsquo;administration Trump a \u00e9t\u00e9 claire: il est dans l&rsquo;int\u00e9r\u00eat de notre s\u00e9curit\u00e9 nationale de tenir l&rsquo;Organisation de lib\u00e9ration&hellip;\n","protected":false},"author":2,"featured_media":25030,"comment_status":"","ping_status":"","sticky":false,"template":"","format":"standard","meta":{"footnotes":""},"categories":[1589],"tags":[11,2120,312,73,1866,664,12,3521,3518,1864,1865,1863,308],"class_list":{"0":"post-352636","1":"post","2":"type-post","3":"status-publish","4":"format-standard","5":"has-post-thumbnail","7":"category-etats-unis","8":"tag-actualites","9":"tag-conflit","10":"tag-diplomatie","11":"tag-etats-unis","12":"tag-etats-unis-damerique","13":"tag-israel","14":"tag-news","15":"tag-onu","16":"tag-palestine","17":"tag-united-states","18":"tag-united-states-of-america","19":"tag-us","20":"tag-usa"},"share_on_mastodon":{"url":"https:\/\/pubeurope.com\/@fr\/115113276588739392","error":""},"_links":{"self":[{"href":"https:\/\/www.europesays.com\/fr\/wp-json\/wp\/v2\/posts\/352636","targetHints":{"allow":["GET"]}}],"collection":[{"href":"https:\/\/www.europesays.com\/fr\/wp-json\/wp\/v2\/posts"}],"about":[{"href":"https:\/\/www.europesays.com\/fr\/wp-json\/wp\/v2\/types\/post"}],"author":[{"embeddable":true,"href":"https:\/\/www.europesays.com\/fr\/wp-json\/wp\/v2\/users\/2"}],"replies":[{"embeddable":true,"href":"https:\/\/www.europesays.com\/fr\/wp-json\/wp\/v2\/comments?post=352636"}],"version-history":[{"count":0,"href":"https:\/\/www.europesays.com\/fr\/wp-json\/wp\/v2\/posts\/352636\/revisions"}],"wp:featuredmedia":[{"embeddable":true,"href":"https:\/\/www.europesays.com\/fr\/wp-json\/wp\/v2\/media\/25030"}],"wp:attachment":[{"href":"https:\/\/www.europesays.com\/fr\/wp-json\/wp\/v2\/media?parent=352636"}],"wp:term":[{"taxonomy":"category","embeddable":true,"href":"https:\/\/www.europesays.com\/fr\/wp-json\/wp\/v2\/categories?post=352636"},{"taxonomy":"post_tag","embeddable":true,"href":"https:\/\/www.europesays.com\/fr\/wp-json\/wp\/v2\/tags?post=352636"}],"curies":[{"name":"wp","href":"https:\/\/api.w.org\/{rel}","templated":true}]}}