{"id":352637,"date":"2025-08-29T17:39:09","date_gmt":"2025-08-29T17:39:09","guid":{"rendered":"https:\/\/www.europesays.com\/fr\/352637\/"},"modified":"2025-08-29T17:39:09","modified_gmt":"2025-08-29T17:39:09","slug":"le-royaume-uni-reclame-aussi-lacces-aux-mots-de-passe","status":"publish","type":"post","link":"https:\/\/www.europesays.com\/fr\/352637\/","title":{"rendered":"le Royaume-Uni r\u00e9clame aussi l&rsquo;acc\u00e8s aux mots de passe"},"content":{"rendered":"<p>On pensait le dossier boucl\u00e9, mais un rebondissement \u00e9claire d\u2019un jour nouveau la tentative du gouvernement britannique d\u2019obtenir une porte d\u00e9rob\u00e9e dans iCloud. Les documents judiciaires r\u00e9v\u00e8lent que la demande d\u2019acc\u00e8s aux donn\u00e9es chiffr\u00e9es d\u2019Apple reste bel et bien sur la table, et que la demande d\u2019acc\u00e8s aux donn\u00e9es vise large.<\/p>\n<p>L\u2019affaire secoue les relations entre le Royaume-Uni et les \u00c9tats-Unis. Le gouvernement britannique a en effet exig\u00e9 d\u2019<strong>Apple<\/strong> la mise en place d\u2019une porte d\u00e9rob\u00e9e dans <strong>iCloud<\/strong>, ce qui lui aurait permis d\u2019acc\u00e9der aux donn\u00e9es chiffr\u00e9es des utilisateurs Apple \u2014 non seulement outre Manche, mais partout dans le monde \u2014 sous couvert de lutte contre le terrorisme et la p\u00e9dopornographie. Cette exigence s\u2019accompagne d\u2019une mesure-b\u00e2illon emp\u00eachant le constructeur de communiquer quoi que ce soit sur le dossier.<\/p>\n<p> Le bras de fer se poursuit entre Apple et le Royaume-Uni <\/p>\n<p>Apple a toutefois r\u00e9agi, <a href=\"https:\/\/www.01net.com\/actualites\/apple-veut-pas-porte-derobee-retire-protection-avancee-donnees-royaume-uni.html\" target=\"_blank\" rel=\"noopener\">en d\u00e9sactivant la fonction de protection avanc\u00e9e des donn\u00e9es (ADP) d\u2019iCloud<\/a> en f\u00e9vrier dernier, et en attaquant la demande des autorit\u00e9s devant l\u2019Investigatory Powers Tribunal, une juridiction qui examine les plaintes d\u00e9pos\u00e9es contre les services secrets britanniques. Et sur pression de l\u2019administration Trump, Londres a abandonn\u00e9 son exigence de porte d\u00e9rob\u00e9e.<\/p>\n<blockquote>\n<p>Lire <a href=\"https:\/\/www.01net.com\/actualites\/sous-pression-de-donald-trump-londres-renonce-a-sa-demande-dacces-aux-services-chiffres-dapple.html\" target=\"_blank\" rel=\"noopener\">Sous pression de Donald Trump, Londres renonce \u00e0 sa demande d\u2019acc\u00e8s aux services chiffr\u00e9s d\u2019Apple<\/a><\/p>\n<\/blockquote>\n<p>\u00c0 moins que\u2026 non\u00a0? Selon le dossier publi\u00e9 par l\u2019Investigatory Powers Tribunal, le Home Office (l\u2019\u00e9quivalent anglais du minist\u00e8re de l\u2019Int\u00e9rieur) n\u2019a toujours pas modifi\u00e9 sa demande aupr\u00e8s d\u2019Apple, malgr\u00e9 l\u2019assurance des autorit\u00e9s US.<\/p>\n<p>On apprend aussi que le gouvernement anglais cherche non seulement \u00e0 acc\u00e9der \u00e0 la couche ADP de chiffrement renforc\u00e9 d\u2019iCloud, mais aussi au nuage d\u2019iCloud dans son ensemble, utilis\u00e9 par la vaste majorit\u00e9 des clients d\u2019Apple partout dans le monde. Le constructeur serait tenu de fournir toutes sortes de donn\u00e9es, y compris les messages et\u2026 les mots de passe des comptes iCloud.<\/p>\n<p>Le nuage d\u2019iCloud contient un grand nombre d\u2019informations sur les utilisateurs\u00a0: sauvegardes des appareils, photos, messages, contacts\u2026 Apple, qui se pose en premier d\u00e9fenseur de la vie priv\u00e9e, s\u2019oppose \u00e9videmment \u00e0 cette demande. La bataille judiciaire se poursuivra devant l\u2019IPT au d\u00e9but de l\u2019ann\u00e9e prochaine.<\/p>\n<blockquote>\n<p class=\"text-base text-neutral-700 dark:text-neutral-300\">\ud83d\udd34 Pour ne manquer aucune actualit\u00e9 de 01net, suivez-nous sur <a href=\"https:\/\/news.google.com\/publications\/CAAqBwgKMJPsvAswoIfUAw?hl=fr&amp;gl=FR&amp;ceid=FR%3Afr\" target=\"_blank\" rel=\"noopener\">Google Actualit\u00e9s<\/a> et <a href=\"https:\/\/whatsapp.com\/channel\/0029VaH5gKg6xCSG9nQQhQ1Z\" target=\"_blank\" rel=\"noopener\">WhatsApp<\/a>.<\/p>\n<\/blockquote>\n<p class=\"post-source\">\n            Source :<br \/>\n            <a href=\"https:\/\/www.ft.com\/content\/fe2c9ae1-d175-4eb9-909e-0b171f6d097c\" target=\"_blank\" rel=\"noopener\"><br \/>\n              Financial Times<br \/>\n            <\/a>\n          <\/p>\n","protected":false},"excerpt":{"rendered":"On pensait le dossier boucl\u00e9, mais un rebondissement \u00e9claire d\u2019un jour nouveau la tentative du gouvernement britannique d\u2019obtenir&hellip;\n","protected":false},"author":2,"featured_media":352638,"comment_status":"","ping_status":"","sticky":false,"template":"","format":"standard","meta":{"footnotes":""},"categories":[1588],"tags":[11,48921,1777,674,4265,12,473,1853,1851,1850,1852],"class_list":{"0":"post-352637","1":"post","2":"type-post","3":"status-publish","4":"format-standard","5":"has-post-thumbnail","7":"category-royaume-uni","8":"tag-actualites","9":"tag-aple","10":"tag-eu","11":"tag-europe","12":"tag-icloud","13":"tag-news","14":"tag-royaume-uni","15":"tag-royaume-uni-de-grande-bretagne-et-dirlande-du-nord","16":"tag-uk","17":"tag-united-kingdom","18":"tag-united-kingdom-of-great-britain-and-northern-ireland"},"share_on_mastodon":{"url":"https:\/\/pubeurope.com\/@fr\/115113280431086503","error":""},"_links":{"self":[{"href":"https:\/\/www.europesays.com\/fr\/wp-json\/wp\/v2\/posts\/352637","targetHints":{"allow":["GET"]}}],"collection":[{"href":"https:\/\/www.europesays.com\/fr\/wp-json\/wp\/v2\/posts"}],"about":[{"href":"https:\/\/www.europesays.com\/fr\/wp-json\/wp\/v2\/types\/post"}],"author":[{"embeddable":true,"href":"https:\/\/www.europesays.com\/fr\/wp-json\/wp\/v2\/users\/2"}],"replies":[{"embeddable":true,"href":"https:\/\/www.europesays.com\/fr\/wp-json\/wp\/v2\/comments?post=352637"}],"version-history":[{"count":0,"href":"https:\/\/www.europesays.com\/fr\/wp-json\/wp\/v2\/posts\/352637\/revisions"}],"wp:featuredmedia":[{"embeddable":true,"href":"https:\/\/www.europesays.com\/fr\/wp-json\/wp\/v2\/media\/352638"}],"wp:attachment":[{"href":"https:\/\/www.europesays.com\/fr\/wp-json\/wp\/v2\/media?parent=352637"}],"wp:term":[{"taxonomy":"category","embeddable":true,"href":"https:\/\/www.europesays.com\/fr\/wp-json\/wp\/v2\/categories?post=352637"},{"taxonomy":"post_tag","embeddable":true,"href":"https:\/\/www.europesays.com\/fr\/wp-json\/wp\/v2\/tags?post=352637"}],"curies":[{"name":"wp","href":"https:\/\/api.w.org\/{rel}","templated":true}]}}