{"id":352639,"date":"2025-08-29T17:40:09","date_gmt":"2025-08-29T17:40:09","guid":{"rendered":"https:\/\/www.europesays.com\/fr\/352639\/"},"modified":"2025-08-29T17:40:09","modified_gmt":"2025-08-29T17:40:09","slug":"en-allemagne-le-nombre-de-chomeurs-depasse-la-barre-des-3-millions-pour-la-premiere-fois-depuis-2015-le-monde-fr","status":"publish","type":"post","link":"https:\/\/www.europesays.com\/fr\/352639\/","title":{"rendered":"En Allemagne, le nombre de ch\u00f4meurs d\u00e9passe la barre des 3 millions pour la premi\u00e8re fois depuis 2015 &#8211; Le Monde.fr"},"content":{"rendered":"<ol>\n<li><a href=\"https:\/\/news.google.com\/rss\/articles\/CBMi_gFBVV95cUxNSVBUb1ZQQUZpN2dsdzk5QUJweno0dG1mMnlHLWlnclpEZUJ5T0gwNE9rTm5mMUwxaU14Vno3c1NjdkF0T2ZCeF85V2F4ckc1Z09BUHlVeU9IUmx6aVdWX3ZiTmN4MnRxNmUxaUFETm9LVnUzT2Y4T1VncnFFUU9wR3JUWWJNSzcwSVNiLXBZdk5CRHcycXlObmFUbWJ6OTdoSUpJZW5HcXQ2eGdUd2JqMjVRU253Q21PTTY4VFRzTG5yV09xZlFPaG9wWGE2UUxWbjFGLUhKVEdZb0pFQ2NGRm5aM0NsUnRDNVpwMjFxRTd5eTMxNGtFeVhCaExVQQ?oc=5\" target=\"_blank\" rel=\"nofollow noopener\">En Allemagne, le nombre de ch\u00f4meurs d\u00e9passe la barre des 3 millions pour la premi\u00e8re fois depuis 2015<\/a>&nbsp;&nbsp;Le Monde.fr<\/li>\n<li><a href=\"https:\/\/news.google.com\/rss\/articles\/CBMiwAFBVV95cUxPd0tiNDQ0YzBaQ1RnMkE4WHlMOUY2cWhTX2draXV4T1VGVlZ6Um9US2M5WWhoUm1VX0Jrd3Mta3BPWC00RjA2XzdPazR2Qnlaa1JBdnVtMnhwNllNbEdkR1VnVjFLVDJIbFR4M2lrZzFRMTFSX1REc1VoOWNZS2hxbEU1VmJxWUVVQkdHeU9vTjZ5QWVIMWx3YVpMRmc4NTN1MkRDb2ZfRGVXV0FwS004NkhhN1ByMjhLSkdLVGRLQUvSAcYBQVVfeXFMT1JHQmFuWjJ6WHBBMXFoWkVyR1F2ZTk2dEhQMXJCU0ZCX1lpcUJCTnNaaC1QR25rN0cxSzZoRUZQVlUxMEhBOHM5eFp3N1cxR0drc0JZYmduNlpvRGtBUV82RTJ5NHgwQkZBcTVnM2d4NmJIcE03RGl6al9wT2R4MmMxTmhSSWU5M2otaWZ4RmkwcHBPdVQzbTA5bUFuU3R3R2NMbEx5Q0xLTllQYzRfMkdZbmU1bXN5Sk9wM1B3WTZyR0YtZlRn?oc=5\" target=\"_blank\" rel=\"nofollow noopener\">Allemagne : stabilit\u00e9 du taux de ch\u00f4mage en ao\u00fbt et repli du nombre de ch\u00f4meurs&#8230;<\/a>&nbsp;&nbsp;Fortuneo<\/li>\n<li><a href=\"https:\/\/news.google.com\/rss\/articles\/CBMiyAFBVV95cUxOWFlfUGxpbURzRWJPNGd2UjI3X2Y5dzVPeGlUa2FfRjBxTXl5eHJ4c2EwdWk2dTJXQzFubVdWUlBDeVZLdDBSMHh4WUJYTGxLeTNkcG5SanlwOThzTlFsVjJJRXpsRWRTMGw1MmhPcTVlbzJDNWhGSUsyblY2SnhLNU1CRmprS0tLb0ljUnRvZVdFMlJJZ05feWw5LXBBR1NsS2piVEV3b3Q4N0MxQ1ZvSTVKZ3JYcm5XdWZ1dnNZLW9URXoxMHZoNg?oc=5\" target=\"_blank\" rel=\"nofollow noopener\">Allemagne : le seuil des 3 millions de ch\u00f4meurs franchi pour la premi\u00e8re fois depuis dix ans<\/a>&nbsp;&nbsp;Le Figaro<\/li>\n<li><a href=\"https:\/\/news.google.com\/rss\/articles\/CBMi0gFBVV95cUxOQUpLYXNNdEtvTTVrUnBpdTVac3VOdUgyOVdXREdjajdIeEs4Uzk0cTllMl8zc29LdmJ5U1lzYXI0bGJrdWhFN05oUTdLd3VTS2J2QWlnVVJwakt3Yzcyc0xES3ljTjlOTmtBYUl1dloyU0Y3ekVpTHVuc2lWTUp0TUV5dnZoUmdOeXk0SnNpX3VvNDZNVGg2WGJmQVF2Y3RiSWxmYlV5am9ZX2hGenMxUkZJLW9XSXFzT3VrNXFNckM3VXZEaHliVDF1VmdWZENpSEE?oc=5\" target=\"_blank\" rel=\"nofollow noopener\">L&rsquo;Allemagne passe le cap des trois millions de ch\u00f4meurs pour la premi\u00e8re fois depuis dix ans<\/a>&nbsp;&nbsp;Les Echos<\/li>\n<li><a href=\"https:\/\/news.google.com\/rss\/articles\/CBMi-AFBVV95cUxQQVhpN21QNmtSLUtELUxsdE5CdjVqekc1S3o5dnc5QlZsSk1YYlNFdjJPRFgyRFZHRm5vX1UycE1tanl3d3RJc2JBTG1ZMlRLZk0yT3JMRjNWSzFKVjRpdjQtd1hKZGs3NGJKam40NkktRFBIQmo3MEtyTlZjTjhiOUhrM1RoWV91N3dqNWRkM1lhbnd4eWlFYVgxRmdJc3BTMC1YSHU3bjdUdGpvQ0hVRDE0MVAyTUpJQmNoclItOGlBOWtoc1IwUUZKeHpYU0N3TVp3RzdLZDNQMTJDQmxQWktUU2h1WDc5UGhQTlJNMktMZ3FPSWtmTNIB_gFBVV95cUxNcUt2Ymp0am5nck55MzFvd2ZLRGJ4VWRnZl9jQmxOZzVsTS1SU0xPZ3d4NDVGSGd4QkFTRTQ5cWhsbDJGS0hZRHhIVlVrZlctODJnM2dNZ01FU3pxYW9PdUwwNS1DNFYxRnFzNElrMkJaWG9JZ0VlVGxSWjBYNEhPWEtPblhHcVVBRXlxNlAwOXRRMnNKOUFvZFN6c2hKMXVsUmZPNVUxdzJDRk1zMG12Z3pyYlRwQ2RNZ2tHWkE3aHNDS3VyUDNZRmhzZVlzcGRtVTRXeElpTFZJMWZvV2w4eGlrLVA3X29BR2ptWnlfTndvMmZES0pVZ2dDTUQ3UQ?oc=5\" target=\"_blank\" rel=\"nofollow noopener\">Ch\u00f4mage record en Allemagne depuis 2015, l&rsquo;appel aux r\u00e9formes s&rsquo;intensifie<\/a>&nbsp;&nbsp;Boursorama<\/li>\n<\/ol>\n","protected":false},"excerpt":{"rendered":"En Allemagne, le nombre de ch\u00f4meurs d\u00e9passe la barre des 3 millions pour la premi\u00e8re fois depuis 2015&nbsp;&nbsp;Le&hellip;\n","protected":false},"author":2,"featured_media":1445,"comment_status":"","ping_status":"","sticky":false,"template":"","format":"standard","meta":{"footnotes":""},"categories":[1587],"tags":[11,672,1804,1805,1803,1777,674,1801,12,1802],"class_list":{"0":"post-352639","1":"post","2":"type-post","3":"status-publish","4":"format-standard","5":"has-post-thumbnail","7":"category-allemagne","8":"tag-actualites","9":"tag-allemagne","10":"tag-bundesrepublik-deutschland","11":"tag-de","12":"tag-deutschland","13":"tag-eu","14":"tag-europe","15":"tag-germany","16":"tag-news","17":"tag-republique-federale-dallemagne"},"share_on_mastodon":{"url":"https:\/\/pubeurope.com\/@fr\/115113284342839236","error":""},"_links":{"self":[{"href":"https:\/\/www.europesays.com\/fr\/wp-json\/wp\/v2\/posts\/352639","targetHints":{"allow":["GET"]}}],"collection":[{"href":"https:\/\/www.europesays.com\/fr\/wp-json\/wp\/v2\/posts"}],"about":[{"href":"https:\/\/www.europesays.com\/fr\/wp-json\/wp\/v2\/types\/post"}],"author":[{"embeddable":true,"href":"https:\/\/www.europesays.com\/fr\/wp-json\/wp\/v2\/users\/2"}],"replies":[{"embeddable":true,"href":"https:\/\/www.europesays.com\/fr\/wp-json\/wp\/v2\/comments?post=352639"}],"version-history":[{"count":0,"href":"https:\/\/www.europesays.com\/fr\/wp-json\/wp\/v2\/posts\/352639\/revisions"}],"wp:featuredmedia":[{"embeddable":true,"href":"https:\/\/www.europesays.com\/fr\/wp-json\/wp\/v2\/media\/1445"}],"wp:attachment":[{"href":"https:\/\/www.europesays.com\/fr\/wp-json\/wp\/v2\/media?parent=352639"}],"wp:term":[{"taxonomy":"category","embeddable":true,"href":"https:\/\/www.europesays.com\/fr\/wp-json\/wp\/v2\/categories?post=352639"},{"taxonomy":"post_tag","embeddable":true,"href":"https:\/\/www.europesays.com\/fr\/wp-json\/wp\/v2\/tags?post=352639"}],"curies":[{"name":"wp","href":"https:\/\/api.w.org\/{rel}","templated":true}]}}